{"id":10003,"date":"2016-12-16T14:22:06","date_gmt":"2016-12-16T16:22:06","guid":{"rendered":"https:\/\/www.tjes.jus.br\/corregedoria\/?p=10003"},"modified":"2016-12-16T14:22:06","modified_gmt":"2016-12-16T16:22:06","slug":"resolucao-no-152005-publ-em-28042005","status":"publish","type":"post","link":"https:\/\/www.tjes.jus.br\/corregedoria\/2016\/12\/16\/resolucao-no-152005-publ-em-28042005\/","title":{"rendered":"RESOLU\u00c7\u00c3O N\u00ba 15\/2005 &#8211; PUBL. EM 28\/04\/2005"},"content":{"rendered":"<p style=\"text-align: center;\"><strong>PODER JUDICI\u00c1RIO DO ESTADO DO ESP\u00cdRITO SANTO<\/strong> <b><\/b><\/p>\n<p style=\"text-align: center;\"><strong>TRIBUNAL DE JUSTI\u00c7A<\/strong><b><\/b><\/p>\n<p style=\"text-align: center;\"><strong>RESOLU\u00c7\u00c3O N\u00ba 15\/05<\/strong><\/p>\n<p style=\"text-align: justify;\">O Exm\u00ba. Sr. Desembargador <strong>ADALTO DIAS TRIST\u00c3O<\/strong>, Presidente do Egr\u00e9gio Tribunal de Justi\u00e7a do Estado do Esp\u00edrito Santo, no uso de suas atribui\u00e7\u00f5es legais e tendo em vista DECIS\u00c3O UN\u00c2NIME do Egr\u00e9gio Tribunal Pleno em sess\u00e3o extraordin\u00e1ria realizada nesta data,<\/p>\n<p style=\"text-align: justify;\"><strong>RESOLVE:<\/strong><\/p>\n<p style=\"text-align: justify;\"><strong>INSTAURAR<\/strong> processo administrativo nos autos da Sindic\u00e2ncia n\u00ba 100040014910, nos termos do <a href=\"https:\/\/www.tjes.jus.br\/corregedoria\/index.php\/2016\/12\/16\/resolucao-no-372004-publ-em-30112004\/\" target=\"_blank\">artigo 3\u00ba da Resolu\u00e7\u00e3o n\u00ba 37\/2004, publicada no \u201cDJ\u201d de 30\/11\/2004<\/a>.<\/p>\n<p style=\"margin-bottom: 12pt; text-align: justify;\">PUBLIQUE-SE<\/p>\n<p style=\"margin-bottom: 12pt; text-align: justify;\">Vit\u00f3ria, 25 de abril de 2005.<\/p>\n<p style=\"text-align: center;\"><strong>Desembargador ADALTO DIAS TRIST\u00c3O<br \/>\nPresidente<\/strong><\/p>\n","protected":false},"excerpt":{"rendered":"<p>PODER JUDICI\u00c1RIO DO ESTADO DO ESP\u00cdRITO SANTO TRIBUNAL DE JUSTI\u00c7A RESOLU\u00c7\u00c3O N\u00ba 15\/05 O Exm\u00ba. Sr. Desembargador ADALTO DIAS TRIST\u00c3O, Presidente do Egr\u00e9gio Tribunal de Justi\u00e7a do Estado do Esp\u00edrito Santo, no uso de suas atribui\u00e7\u00f5es legais e tendo em vista DECIS\u00c3O UN\u00c2NIME do Egr\u00e9gio Tribunal Pleno em sess\u00e3o extraordin\u00e1ria realizada nesta data, RESOLVE: INSTAURAR [&hellip;]<\/p>\n","protected":false},"author":3,"featured_media":0,"comment_status":"open","ping_status":"open","sticky":false,"template":"","format":"standard","meta":{"footnotes":""},"categories":[14,13],"tags":[],"_links":{"self":[{"href":"https:\/\/www.tjes.jus.br\/corregedoria\/wp-json\/wp\/v2\/posts\/10003"}],"collection":[{"href":"https:\/\/www.tjes.jus.br\/corregedoria\/wp-json\/wp\/v2\/posts"}],"about":[{"href":"https:\/\/www.tjes.jus.br\/corregedoria\/wp-json\/wp\/v2\/types\/post"}],"author":[{"embeddable":true,"href":"https:\/\/www.tjes.jus.br\/corregedoria\/wp-json\/wp\/v2\/users\/3"}],"replies":[{"embeddable":true,"href":"https:\/\/www.tjes.jus.br\/corregedoria\/wp-json\/wp\/v2\/comments?post=10003"}],"version-history":[{"count":1,"href":"https:\/\/www.tjes.jus.br\/corregedoria\/wp-json\/wp\/v2\/posts\/10003\/revisions"}],"predecessor-version":[{"id":10004,"href":"https:\/\/www.tjes.jus.br\/corregedoria\/wp-json\/wp\/v2\/posts\/10003\/revisions\/10004"}],"wp:attachment":[{"href":"https:\/\/www.tjes.jus.br\/corregedoria\/wp-json\/wp\/v2\/media?parent=10003"}],"wp:term":[{"taxonomy":"category","embeddable":true,"href":"https:\/\/www.tjes.jus.br\/corregedoria\/wp-json\/wp\/v2\/categories?post=10003"},{"taxonomy":"post_tag","embeddable":true,"href":"https:\/\/www.tjes.jus.br\/corregedoria\/wp-json\/wp\/v2\/tags?post=10003"}],"curies":[{"name":"wp","href":"https:\/\/api.w.org\/{rel}","templated":true}]}}