{"id":10008,"date":"2016-12-16T14:28:45","date_gmt":"2016-12-16T16:28:45","guid":{"rendered":"https:\/\/www.tjes.jus.br\/corregedoria\/?p=10008"},"modified":"2016-12-16T14:28:45","modified_gmt":"2016-12-16T16:28:45","slug":"resolucao-no-172005-publ-em-02052005","status":"publish","type":"post","link":"https:\/\/www.tjes.jus.br\/corregedoria\/2016\/12\/16\/resolucao-no-172005-publ-em-02052005\/","title":{"rendered":"RESOLU\u00c7\u00c3O N\u00ba 17\/2005 &#8211; PUBL. EM 02\/05\/2005"},"content":{"rendered":"<p style=\"text-align: center;\"><strong>PODER JUDICI\u00c1RIO DO ESTADO DO ESP\u00cdRITO SANTO<\/strong> <b><\/b><\/p>\n<p style=\"text-align: center;\"><strong>TRIBUNAL DE JUSTI\u00c7A<\/strong><b><\/b><\/p>\n<p style=\"text-align: center;\"><strong>RESOLU\u00c7\u00c3O N\u00ba 17\/05<\/strong><\/p>\n<p style=\"text-align: justify;\">O Exm\u00ba Sr. Desembargador <strong>ADALTO DIAS TRIST\u00c3O<\/strong>, Presidente do Egr\u00e9gio Tribunal de Justi\u00e7a do Estado do Esp\u00edrito Santo, no uso de suas atribui\u00e7\u00f5es legais e tendo em vista DECIS\u00c3O UN\u00c2NIME do Egr\u00e9gio Tribunal Pleno em sess\u00e3o extraordin\u00e1ria realizada nesta data, consubstanciada atrav\u00e9s da <a href=\"https:\/\/www.tjes.jus.br\/corregedoria\/index.php\/2016\/07\/13\/resolucao-no-0362002-disp-29042002\/\" target=\"_blank\">resolu\u00e7\u00e3o n\u00ba 36\/02<\/a>, que criou o Projeto Justi\u00e7a Comunit\u00e1ria, e da <a href=\"https:\/\/www.tjes.jus.br\/corregedoria\/index.php\/2016\/07\/13\/resolucao-no-0372002-publ-25092002\/\" target=\"_blank\">resolu\u00e7\u00e3o n\u00ba 37\/02<\/a>, que regulamentou as normas pertinentes ao funcionamento do mesmo;<\/p>\n<p style=\"text-align: justify;\"><strong>CONSIDERANDO<\/strong> o crescimento do volume de atendimentos realizados pelo Projeto Justi\u00e7a Comunit\u00e1ria e, ainda, o n\u00famero de processos em andamento, que, hoje perfaz o n\u00famero de 800 (oitocentos);<\/p>\n<p style=\"text-align: justify;\"><strong>CONSIDERANDO<\/strong> a impossibilidade dos 03 (tr\u00eas) funcion\u00e1rios da Coordenadoria dos Juizados Especiais compensarem seus plant\u00f5es com folgas, devido ao movimento cartor\u00e1rio gerado pelo atendimento \u00e0s partes;<\/p>\n<p style=\"text-align: justify;\"><strong>CONSIDERANDO<\/strong> as disposi\u00e7\u00f5es contidas na Lei n\u00ba 7.854\/04 no que tange a Gratifica\u00e7\u00e3o de Plant\u00e3o Judici\u00e1rio;<\/p>\n<p style=\"text-align: justify;\"><strong>RESOLVE<\/strong>:<\/p>\n<p style=\"text-align: justify;\">O <a href=\"https:\/\/www.tjes.jus.br\/corregedoria\/index.php\/2016\/07\/13\/resolucao-no-0372002-publ-25092002\/\" target=\"_blank\">artigo 5\u00ba da Resolu\u00e7\u00e3o n\u00ba 37\/02<\/a> passa a vigorar com a seguinte reda\u00e7\u00e3o:<\/p>\n<p style=\"text-align: justify; padding-left: 30px;\">&#8220;Art. 5\u00ba Pela participa\u00e7\u00e3o comprovada nos plant\u00f5es judici\u00e1rios realizados atrav\u00e9s do projeto Justi\u00e7a Comunit\u00e1ria, os servidores escalados far\u00e3o jus ao recebimento de gratifica\u00e7\u00e3o de plant\u00e3o judici\u00e1rio prevista no artigo 36 da Lei n\u00ba 7.854\/04, de 22\/09\/04, regulamentado pela resolu\u00e7\u00e3o n\u00ba 07\/05, de 03\/03\/05, do Egr\u00e9gio Tribunal Pleno.&#8221;<\/p>\n<p style=\"text-align: justify;\"><strong>PUBLIQUE-SE.<\/strong><\/p>\n<p style=\"text-align: justify;\">Vit\u00f3ria, 25 de abril de 2005.<\/p>\n<p style=\"text-align: center;\"><strong>Desembargador ADALTO DIAS TRIST\u00c3O<br \/>\nPresidente<\/strong><\/p>\n","protected":false},"excerpt":{"rendered":"<p>PODER JUDICI\u00c1RIO DO ESTADO DO ESP\u00cdRITO SANTO TRIBUNAL DE JUSTI\u00c7A RESOLU\u00c7\u00c3O N\u00ba 17\/05 O Exm\u00ba Sr. Desembargador ADALTO DIAS TRIST\u00c3O, Presidente do Egr\u00e9gio Tribunal de Justi\u00e7a do Estado do Esp\u00edrito Santo, no uso de suas atribui\u00e7\u00f5es legais e tendo em vista DECIS\u00c3O UN\u00c2NIME do Egr\u00e9gio Tribunal Pleno em sess\u00e3o extraordin\u00e1ria realizada nesta data, consubstanciada atrav\u00e9s [&hellip;]<\/p>\n","protected":false},"author":3,"featured_media":0,"comment_status":"open","ping_status":"open","sticky":false,"template":"","format":"standard","meta":{"footnotes":""},"categories":[14,13],"tags":[],"_links":{"self":[{"href":"https:\/\/www.tjes.jus.br\/corregedoria\/wp-json\/wp\/v2\/posts\/10008"}],"collection":[{"href":"https:\/\/www.tjes.jus.br\/corregedoria\/wp-json\/wp\/v2\/posts"}],"about":[{"href":"https:\/\/www.tjes.jus.br\/corregedoria\/wp-json\/wp\/v2\/types\/post"}],"author":[{"embeddable":true,"href":"https:\/\/www.tjes.jus.br\/corregedoria\/wp-json\/wp\/v2\/users\/3"}],"replies":[{"embeddable":true,"href":"https:\/\/www.tjes.jus.br\/corregedoria\/wp-json\/wp\/v2\/comments?post=10008"}],"version-history":[{"count":1,"href":"https:\/\/www.tjes.jus.br\/corregedoria\/wp-json\/wp\/v2\/posts\/10008\/revisions"}],"predecessor-version":[{"id":10010,"href":"https:\/\/www.tjes.jus.br\/corregedoria\/wp-json\/wp\/v2\/posts\/10008\/revisions\/10010"}],"wp:attachment":[{"href":"https:\/\/www.tjes.jus.br\/corregedoria\/wp-json\/wp\/v2\/media?parent=10008"}],"wp:term":[{"taxonomy":"category","embeddable":true,"href":"https:\/\/www.tjes.jus.br\/corregedoria\/wp-json\/wp\/v2\/categories?post=10008"},{"taxonomy":"post_tag","embeddable":true,"href":"https:\/\/www.tjes.jus.br\/corregedoria\/wp-json\/wp\/v2\/tags?post=10008"}],"curies":[{"name":"wp","href":"https:\/\/api.w.org\/{rel}","templated":true}]}}