{"id":10088,"date":"2016-12-19T08:36:11","date_gmt":"2016-12-19T10:36:11","guid":{"rendered":"https:\/\/www.tjes.jus.br\/corregedoria\/?p=10088"},"modified":"2016-12-19T08:36:11","modified_gmt":"2016-12-19T10:36:11","slug":"ato-no-392016-disp-em-19122016","status":"publish","type":"post","link":"https:\/\/www.tjes.jus.br\/corregedoria\/2016\/12\/19\/ato-no-392016-disp-em-19122016\/","title":{"rendered":"ATO N\u00ba 39\/2016 &#8211; DISP. EM 19\/12\/2016"},"content":{"rendered":"<p style=\"text-align: center;\" align=\"center\"><strong>CORREGEDORIA GERAL DA JUSTI\u00c7A<\/strong><\/p>\n<p style=\"text-align: center;\" align=\"center\"><strong>PODER JUDICI\u00c1RIO<\/strong><\/p>\n<p style=\"text-align: center;\" align=\"center\"><strong>ESTADO DO ESP\u00cdRITO SANTO<\/strong><\/p>\n<p style=\"text-align: center;\" align=\"center\"><strong>ATO N\u00ba 039\/2016<\/strong><\/p>\n<p style=\"text-align: justify;\">O Desembargador RONALDO GON\u00c7ALVES DE SOUSA, Corregedor-Geral da Justi\u00e7a do Estado do Esp\u00edrito Santo, no uso de suas atribui\u00e7\u00f5es legais e de acordo com Decis\u00e3o exarada nos autos do Processo Administrativo n\u00ba. 2012.01.569.077, desta Corregedoria Geral da Justi\u00e7a,<\/p>\n<p style=\"text-align: justify;\"><strong>RESOLVE:<\/strong><\/p>\n<p style=\"text-align: justify;\">Aplicar a pena de Perda de Delega\u00e7\u00e3o ao Sr. MOACYR DE ANDRADE, delegat\u00e1rio titular do Cart\u00f3rio do 1\u00ba Of\u00edcio da Comarca de Barra de S\u00e3o Francisco\/ES, conforme autoriza o artigo 32, inciso IV da Lei 8.935\/94, tendo em vista o que consta nos autos em ep\u00edgrafe.<\/p>\n<p style=\"text-align: justify;\">De conseguinte, <strong>declaro vago<\/strong> o Cart\u00f3rio do 1\u00ba Of\u00edcio da Comarca de Barra S\u00e3o Francisco\/ES.<\/p>\n<p style=\"text-align: justify;\">Publique-se.<\/p>\n<p style=\"text-align: justify;\">Vit\u00f3ria-ES, 16 de dezembro de 2016.<\/p>\n<p style=\"text-align: center;\"><strong>Desembargador RONALDO GON\u00c7ALVES DE SOUSA<br \/>\nCorregedor-Geral da Justi\u00e7a<\/strong><\/p>\n","protected":false},"excerpt":{"rendered":"<p>CORREGEDORIA GERAL DA JUSTI\u00c7A PODER JUDICI\u00c1RIO ESTADO DO ESP\u00cdRITO SANTO ATO N\u00ba 039\/2016 O Desembargador RONALDO GON\u00c7ALVES DE SOUSA, Corregedor-Geral da Justi\u00e7a do Estado do Esp\u00edrito Santo, no uso de suas atribui\u00e7\u00f5es legais e de acordo com Decis\u00e3o exarada nos autos do Processo Administrativo n\u00ba. 2012.01.569.077, desta Corregedoria Geral da Justi\u00e7a, RESOLVE: Aplicar a pena [&hellip;]<\/p>\n","protected":false},"author":3,"featured_media":0,"comment_status":"open","ping_status":"open","sticky":false,"template":"","format":"standard","meta":{"footnotes":""},"categories":[18,14],"tags":[],"_links":{"self":[{"href":"https:\/\/www.tjes.jus.br\/corregedoria\/wp-json\/wp\/v2\/posts\/10088"}],"collection":[{"href":"https:\/\/www.tjes.jus.br\/corregedoria\/wp-json\/wp\/v2\/posts"}],"about":[{"href":"https:\/\/www.tjes.jus.br\/corregedoria\/wp-json\/wp\/v2\/types\/post"}],"author":[{"embeddable":true,"href":"https:\/\/www.tjes.jus.br\/corregedoria\/wp-json\/wp\/v2\/users\/3"}],"replies":[{"embeddable":true,"href":"https:\/\/www.tjes.jus.br\/corregedoria\/wp-json\/wp\/v2\/comments?post=10088"}],"version-history":[{"count":1,"href":"https:\/\/www.tjes.jus.br\/corregedoria\/wp-json\/wp\/v2\/posts\/10088\/revisions"}],"predecessor-version":[{"id":10090,"href":"https:\/\/www.tjes.jus.br\/corregedoria\/wp-json\/wp\/v2\/posts\/10088\/revisions\/10090"}],"wp:attachment":[{"href":"https:\/\/www.tjes.jus.br\/corregedoria\/wp-json\/wp\/v2\/media?parent=10088"}],"wp:term":[{"taxonomy":"category","embeddable":true,"href":"https:\/\/www.tjes.jus.br\/corregedoria\/wp-json\/wp\/v2\/categories?post=10088"},{"taxonomy":"post_tag","embeddable":true,"href":"https:\/\/www.tjes.jus.br\/corregedoria\/wp-json\/wp\/v2\/tags?post=10088"}],"curies":[{"name":"wp","href":"https:\/\/api.w.org\/{rel}","templated":true}]}}