{"id":10109,"date":"2016-12-19T09:54:38","date_gmt":"2016-12-19T11:54:38","guid":{"rendered":"https:\/\/www.tjes.jus.br\/corregedoria\/?p=10109"},"modified":"2017-01-26T16:31:44","modified_gmt":"2017-01-26T18:31:44","slug":"resolucao-no-342005-publ-em-06072005","status":"publish","type":"post","link":"https:\/\/www.tjes.jus.br\/corregedoria\/2016\/12\/19\/resolucao-no-342005-publ-em-06072005\/","title":{"rendered":"RESOLU\u00c7\u00c3O N\u00ba 34\/2005 &#8211; PUBL. EM 06\/07\/2005 &#8211; ALTERADA"},"content":{"rendered":"<p style=\"text-align: center;\"><strong>PODER JUDICI\u00c1RIO DO ESTADO DO ESP\u00cdRITO SANTO<\/strong><\/p>\n<p style=\"text-align: center;\"><strong>TRIBUNAL DE JUSTI\u00c7A<\/strong><\/p>\n<p style=\"text-align: center;\"><strong>GABINETE DA PRESID\u00caNCIA<\/strong><\/p>\n<p style=\"text-align: center;\"><strong>RESOLU\u00c7\u00c3O N\u00ba 034\/2005<\/strong><\/p>\n<p style=\"text-align: justify;\">O EXCELENT\u00cdSSIMO SENHOR DESEMBARGADOR ADALTO DIAS TRIST\u00c3O, PRESIDENTE DO EGR\u00c9GIO TRIBUNAL DE JUSTI\u00c7A DO ESTADO DO ESP\u00cdRITO SANTO, NO USO DE SUAS ATRIBUI\u00c7\u00d5ES LEGAIS, CONSUBSTANCIADO NOS TERMOS DOS ARTS. 7\u00ba, XVI E 39, \u00a7 3\u00ba DA CF, E 104 DA LCE N\u00ba 46\/94, E DECIS\u00c3O UN\u00c2NIME DO EGR\u00c9GIO TRIBUNAL PLENO, NESTA DATA, E<\/p>\n<p style=\"text-align: justify;\"><strong>CONSIDERANDO<\/strong> que o pagamento da Gratifica\u00e7\u00e3o de Plant\u00e3o Judici\u00e1rio j\u00e1 se encontra regulamentado, atrav\u00e9s da <a href=\"https:\/\/www.tjes.jus.br\/corregedoria\/index.php\/2016\/12\/16\/resolucao-no-072005-publ-em-08032005\/\" target=\"_blank\">Resolu\u00e7\u00e3o n\u00ba 07\/2005<\/a>;<\/p>\n<p style=\"text-align: justify;\"><strong>CONSIDERANDO<\/strong> que o pagamento dos servi\u00e7os extraordin\u00e1rios afetos aos servidores que atuam junto ao Projeto Justi\u00e7a Comunit\u00e1ria, de igual forma, tamb\u00e9m fora disciplinado, nos termos da <a href=\"https:\/\/www.tjes.jus.br\/corregedoria\/index.php\/2016\/12\/16\/resolucao-no-172005-publ-em-02052005\/\" target=\"_blank\">Resolu\u00e7\u00e3o n\u00ba 017\/2005<\/a>;<\/p>\n<p style=\"text-align: justify;\"><strong>CONSIDERANDO<\/strong> a necessidade de disciplinar o pagamento dos Servi\u00e7os Extraordin\u00e1rios realizados pelos demais servidores do Poder Judici\u00e1rio Estadual;<\/p>\n<p style=\"text-align: justify;\"><strong>CONSIDERANDO<\/strong> que o n\u00e3o pagamento das horas extraordin\u00e1rias configura, de certa forma, enriquecimento sem causa \u00e0 administra\u00e7\u00e3o p\u00fablica, e que h\u00e1 reserva or\u00e7ament\u00e1ria dispon\u00edvel;<\/p>\n<p style=\"text-align: justify;\"><strong>CONSIDERANDO<\/strong> que cabe ao Presidente do Tribunal de Justi\u00e7a, na qualidade de Chefe m\u00e1ximo do Poder Judici\u00e1rio Estadual, superintender os trabalhos judici\u00e1rios.<\/p>\n<p style=\"text-align: justify;\"><strong>RESOLVE:<\/strong><\/p>\n<p style=\"text-align: justify;\"><strong>Art. 1 \u00ba<\/strong> \u2013 ESTABELECER, que, mediante pr\u00e9vio e justificado requerimento formulado pelo Superior imediato, e somente ap\u00f3s autoriza\u00e7\u00e3o expressa do Desembargador Presidente do Tribunal de Justi\u00e7a, poder\u00e1 o servidor efetivo do quadro permanente do Poder Judici\u00e1rio iniciar a presta\u00e7\u00e3o de servi\u00e7os extraordin\u00e1rios, para o atendimento de situa\u00e7\u00f5es excepcionais e tempor\u00e1rias.<\/p>\n<p style=\"text-align: justify;\"><del>Par\u00e1grafo \u00fanico \u2013 O per\u00edodo autorizativo da presta\u00e7\u00e3o de servi\u00e7os corresponder\u00e1 ao m\u00e1ximo de 02 (duas) horas di\u00e1rias, e n\u00e3o exceder\u00e1, em hip\u00f3tese alguma, a 180 dias no ano.<\/del><\/p>\n<p style=\"text-align: justify;\">Par\u00e1grafo \u00fanico \u2013 O per\u00edodo autorizativo da presta\u00e7\u00e3o de servi\u00e7os corresponder\u00e1 ao m\u00e1ximo de 02 (duas) horas di\u00e1rias, e n\u00e3o exceder\u00e1, em hip\u00f3tese alguma, a 120 dias no ano, divididos nos dois semestres. <strong>(Alterado pela <a href=\"https:\/\/www.tjes.jus.br\/corregedoria\/index.php\/2017\/01\/26\/resolucao-no-012007-publ-em-06022007\/\" target=\"_blank\">Resolu\u00e7\u00e3o n\u00ba 01\/2007<\/a>, publicada em 06\/02\/2007)<\/strong><\/p>\n<p style=\"text-align: justify;\"><strong>Art. 2\u00ba<\/strong> \u2013 CONSIDERAR, para os efeitos deste ato, como Superior imediato:<\/p>\n<p>\u00a7 1\u00ba \u2013 no \u00e2mbito do 1\u00ba Grau de Jurisdi\u00e7\u00e3o, o MM. Juiz de Direito da respectiva Vara ou Comarca a que o servidor estiver subordinado;<\/p>\n<p>\u00a7 2\u00ba \u2013 no \u00e2mbito do Tribunal de Justi\u00e7a:<\/p>\n<p style=\"text-align: justify;\">a \u2013 o respectivo Diretor, em se tratando de \u00f3rg\u00e3o administrativo;<\/p>\n<p style=\"text-align: justify;\">b \u2013 o Desembargador Presidente do \u00f3rg\u00e3o julgador;<\/p>\n<p style=\"text-align: justify;\"><strong>Art. 3\u00ba<\/strong> \u2013 AUTORIZAR o pagamento por Servi\u00e7os Extraordin\u00e1rios realizados em conson\u00e2ncia \u00e0s normas estabelecidas nesta Resolu\u00e7\u00e3o.<\/p>\n<p style=\"text-align: justify;\">Par\u00e1grafo \u00fanico \u2013 O requerimento para pagamento, assinado pelo servidor, dever\u00e1 ser remetido ao Diretor Geral da secretaria do Tribunal de Justi\u00e7a, acompanhado dos seguintes documentos:<\/p>\n<p style=\"text-align: justify;\">a \u2013 de espelho de horas detalhado \u2013 com dia e quantidade de hora (s);<\/p>\n<p style=\"text-align: justify;\">b \u2013 de Atestado de execu\u00e7\u00e3o dos servi\u00e7os lavrado por seu Superior imediato;<\/p>\n<p style=\"text-align: justify;\">c \u2013 c\u00f3pia da autoriza\u00e7\u00e3o do Presidente do Egr\u00e9gio Tribunal de Justi\u00e7a.<\/p>\n<p style=\"text-align: justify;\"><strong>Art. 4\u00ba<\/strong> \u2013 Os requerimentos que n\u00e3o atenderem aos requisitos descritos no artigo anterior ser\u00e3o, desde logo, indeferidos.<\/p>\n<p style=\"text-align: justify;\"><strong>PUBLIQUE-SE.<\/strong><\/p>\n<p style=\"text-align: justify;\"><strong>CUMPRA-SE.<\/strong><\/p>\n<p style=\"text-align: justify;\">Vit\u00f3ria\/ES, 04 de julho de 2005.<\/p>\n<p style=\"text-align: center;\"><strong>Des. ADALTO DIAS TRIST\u00c3O<br \/>\nPRESIDENTE DO TJES<\/strong><\/p>\n<h2 style=\"text-align: center;\"><span style=\"color: #ff0000;\">ALTERADA PELA <a href=\"https:\/\/www.tjes.jus.br\/corregedoria\/index.php\/2017\/01\/26\/resolucao-no-012007-publ-em-06022007\/\" target=\"_blank\">RESOLU\u00c7\u00c3O\u00a0 N\u00ba 001\/2007<\/a> \u2013 DISP. EM 06\/02\/2007<\/span><\/h2>\n","protected":false},"excerpt":{"rendered":"<p>PODER JUDICI\u00c1RIO DO ESTADO DO ESP\u00cdRITO SANTO TRIBUNAL DE JUSTI\u00c7A GABINETE DA PRESID\u00caNCIA RESOLU\u00c7\u00c3O N\u00ba 034\/2005 O EXCELENT\u00cdSSIMO SENHOR DESEMBARGADOR ADALTO DIAS TRIST\u00c3O, PRESIDENTE DO EGR\u00c9GIO TRIBUNAL DE JUSTI\u00c7A DO ESTADO DO ESP\u00cdRITO SANTO, NO USO DE SUAS ATRIBUI\u00c7\u00d5ES LEGAIS, CONSUBSTANCIADO NOS TERMOS DOS ARTS. 7\u00ba, XVI E 39, \u00a7 3\u00ba DA CF, E 104 [&hellip;]<\/p>\n","protected":false},"author":3,"featured_media":0,"comment_status":"open","ping_status":"open","sticky":false,"template":"","format":"standard","meta":{"footnotes":""},"categories":[14,13],"tags":[],"_links":{"self":[{"href":"https:\/\/www.tjes.jus.br\/corregedoria\/wp-json\/wp\/v2\/posts\/10109"}],"collection":[{"href":"https:\/\/www.tjes.jus.br\/corregedoria\/wp-json\/wp\/v2\/posts"}],"about":[{"href":"https:\/\/www.tjes.jus.br\/corregedoria\/wp-json\/wp\/v2\/types\/post"}],"author":[{"embeddable":true,"href":"https:\/\/www.tjes.jus.br\/corregedoria\/wp-json\/wp\/v2\/users\/3"}],"replies":[{"embeddable":true,"href":"https:\/\/www.tjes.jus.br\/corregedoria\/wp-json\/wp\/v2\/comments?post=10109"}],"version-history":[{"count":4,"href":"https:\/\/www.tjes.jus.br\/corregedoria\/wp-json\/wp\/v2\/posts\/10109\/revisions"}],"predecessor-version":[{"id":10724,"href":"https:\/\/www.tjes.jus.br\/corregedoria\/wp-json\/wp\/v2\/posts\/10109\/revisions\/10724"}],"wp:attachment":[{"href":"https:\/\/www.tjes.jus.br\/corregedoria\/wp-json\/wp\/v2\/media?parent=10109"}],"wp:term":[{"taxonomy":"category","embeddable":true,"href":"https:\/\/www.tjes.jus.br\/corregedoria\/wp-json\/wp\/v2\/categories?post=10109"},{"taxonomy":"post_tag","embeddable":true,"href":"https:\/\/www.tjes.jus.br\/corregedoria\/wp-json\/wp\/v2\/tags?post=10109"}],"curies":[{"name":"wp","href":"https:\/\/api.w.org\/{rel}","templated":true}]}}