{"id":1012,"date":"2016-06-06T14:43:25","date_gmt":"2016-06-06T17:43:25","guid":{"rendered":"http:\/\/10.99.253.4\/corregedoria\/?p=1012"},"modified":"2017-07-31T17:51:00","modified_gmt":"2017-07-31T20:51:00","slug":"ato-normativo-n-2682015-disp-04112015","status":"publish","type":"post","link":"https:\/\/www.tjes.jus.br\/corregedoria\/2016\/06\/06\/ato-normativo-n-2682015-disp-04112015\/","title":{"rendered":"ATO NORMATIVO N\u00ba 268\/2015 &#8211; DISP. 04\/11\/2015"},"content":{"rendered":"<p style=\"text-align: center;\" align=\"center\"><strong>ESTADO DO ESP\u00cdRITO SANTO<\/strong><\/p>\n<p style=\"text-align: center;\" align=\"center\"><strong>PODER JUDICI\u00c1RIO<\/strong><\/p>\n<p style=\"text-align: center;\" align=\"center\"><strong>TRIBUNAL DE JUSTI\u00c7A<\/strong><\/p>\n<p style=\"text-align: center;\" align=\"center\"><strong><i>GABINETE DA PRESID\u00caNCIA<\/i><\/strong><\/p>\n<p style=\"text-align: center;\" align=\"center\"><strong>ATO NORMATIVO N\u00ba 268\/2015<\/strong><\/p>\n<p style=\"text-align: justify;\"><strong>O Excelent\u00edssimo Senhor Desembargador S\u00e9rgio Bizzotto Pessoa de Mendon\u00e7a, Presidente do Egr\u00e9gio Tribunal de Justi\u00e7a do Estado do Esp\u00edrito Santo, no uso de suas atribui\u00e7\u00f5es legais, e<\/strong><\/p>\n<p style=\"text-align: justify;\"><strong>Considerando <\/strong>a necessidade de aperfei\u00e7oar o <a href=\"https:\/\/www.tjes.jus.br\/corregedoria\/index.php\/2016\/06\/06\/ato-normativo-n-2142015-disp-24092015-alterado\/\" target=\"_blank\" rel=\"noopener noreferrer\">Ato Normativo 214\/2015<\/a>, que regulamenta no \u00e2mbito do Poder Judici\u00e1rio do Esp\u00edrito Santo a Lei Complementar 151\/2015;<\/p>\n<p style=\"text-align: justify;\"><strong>Considerando<\/strong> a necessidade de disciplinar a forma como se dar\u00e3o as transfer\u00eancias dos dep\u00f3sitos realizados ap\u00f3s a habilita\u00e7\u00e3o dos entes federativos.<\/p>\n<p style=\"text-align: justify;\"><strong>RESOLVE:<\/strong><\/p>\n<p style=\"text-align: justify;\"><strong>Art. 1\u00ba<\/strong> \u2013 Ficam acrescidos ao art. 2\u00ba, do <a href=\"https:\/\/www.tjes.jus.br\/corregedoria\/index.php\/2016\/06\/06\/ato-normativo-n-2142015-disp-24092015-alterado\/\" target=\"_blank\" rel=\"noopener noreferrer\">Ato Normativo n\u00ba 214\/2015<\/a>, um par\u00e1grafo \u00fanico, com a seguinte reda\u00e7\u00e3o:<\/p>\n<p style=\"text-align: justify; padding-left: 30px;\">\u201cArt. 2\u00ba [&#8230;]\u201d<br \/>\n\u201cPar\u00e1grafo \u00danico \u2013 Os documentos de encaminhamento, visando atendimento aos incisos IV e V ser\u00e3o assinados pelo Presidente do Tribunal de Justi\u00e7a.\u201d<\/p>\n<p style=\"text-align: justify;\"><strong>Art. 2\u00ba<\/strong> \u2013 Fica acrescido ao art. 3\u00ba, do <a href=\"https:\/\/www.tjes.jus.br\/corregedoria\/index.php\/2016\/06\/06\/ato-normativo-n-2142015-disp-24092015-alterado\/\" target=\"_blank\" rel=\"noopener noreferrer\">Ato Normativo n\u00ba 214\/2015<\/a>, um par\u00e1grafo \u00fanico, com a seguinte reda\u00e7\u00e3o:<\/p>\n<p style=\"text-align: justify; padding-left: 30px;\">\u201cArt. 3\u00ba [&#8230;]\u201d<br \/>\n\u201cPar\u00e1grafo \u00danico \u2013 O banco deposit\u00e1rio dever\u00e1 receber do ente federado a rela\u00e7\u00e3o atualizada das inscri\u00e7\u00f5es no Cadastro Nacional da Pessoa Jur\u00eddica \u2013 CNPJ dos \u00f3rg\u00e3os que integram a sua administra\u00e7\u00e3o p\u00fablica direta e indireta como condi\u00e7\u00e3o de cumprimento da disposi\u00e7\u00e3o contida no caput.\u201d<\/p>\n<p style=\"text-align: justify;\"><strong>Art. 3\u00ba<\/strong> \u2013 Fica acrescido ao <a href=\"https:\/\/www.tjes.jus.br\/corregedoria\/index.php\/2016\/06\/06\/ato-normativo-n-2142015-disp-24092015-alterado\/\" target=\"_blank\" rel=\"noopener noreferrer\">Ato Normativo n\u00ba 214\/2015<\/a>, o art. 7\u00ba-A, com a seguinte reda\u00e7\u00e3o:<\/p>\n<p style=\"text-align: justify; padding-left: 30px;\">\u201cArt. 7\u00ba \u2013 A &#8211; Novas transfer\u00eancias poder\u00e3o ser autorizadas pela Presid\u00eancia mediante requerimento e ser\u00e3o considerados os valores ingressos e informados pelo Banco Deposit\u00e1rio a partir da primeira transfer\u00eancia, n\u00e3o sendo necess\u00e1ria nova habilita\u00e7\u00e3o.<br \/>\nPar\u00e1grafo \u00danico \u2013 Para cumprimento do disposto no caput ser\u00e1 verificado, pela Secretaria de Finan\u00e7as e Execu\u00e7\u00e3o Or\u00e7ament\u00e1ria, o cumprimento dos requisitos constantes do artigo 7\u00ba deste Ato Normativo.\u201d<\/p>\n<p style=\"text-align: justify;\"><strong>Art. 4\u00ba.<\/strong> Este ato normativo passa a vigorar a partir de sua publica\u00e7\u00e3o.<\/p>\n<p style=\"text-align: justify;\">Publique-se no Di\u00e1rio da Justi\u00e7a Eletr\u00f4nico.<\/p>\n<p style=\"text-align: justify;\" align=\"center\">Vit\u00f3ria\/ES, 29 de outubro de 2015.<\/p>\n<p style=\"text-align: center;\" align=\"center\">Desembargador <strong>S\u00c9RGIO BIZZOTTO PESSOA DE MENDON\u00c7<\/strong>A<br \/>\nPresidente<\/p>\n","protected":false},"excerpt":{"rendered":"<p>ESTADO DO ESP\u00cdRITO SANTO PODER JUDICI\u00c1RIO TRIBUNAL DE JUSTI\u00c7A GABINETE DA PRESID\u00caNCIA ATO NORMATIVO N\u00ba 268\/2015 O Excelent\u00edssimo Senhor Desembargador S\u00e9rgio Bizzotto Pessoa de Mendon\u00e7a, Presidente do Egr\u00e9gio Tribunal de Justi\u00e7a do Estado do Esp\u00edrito Santo, no uso de suas atribui\u00e7\u00f5es legais, e Considerando a necessidade de aperfei\u00e7oar o Ato Normativo 214\/2015, que regulamenta no [&hellip;]<\/p>\n","protected":false},"author":1,"featured_media":0,"comment_status":"open","ping_status":"open","sticky":false,"template":"","format":"standard","meta":{"footnotes":""},"categories":[4,14],"tags":[],"_links":{"self":[{"href":"https:\/\/www.tjes.jus.br\/corregedoria\/wp-json\/wp\/v2\/posts\/1012"}],"collection":[{"href":"https:\/\/www.tjes.jus.br\/corregedoria\/wp-json\/wp\/v2\/posts"}],"about":[{"href":"https:\/\/www.tjes.jus.br\/corregedoria\/wp-json\/wp\/v2\/types\/post"}],"author":[{"embeddable":true,"href":"https:\/\/www.tjes.jus.br\/corregedoria\/wp-json\/wp\/v2\/users\/1"}],"replies":[{"embeddable":true,"href":"https:\/\/www.tjes.jus.br\/corregedoria\/wp-json\/wp\/v2\/comments?post=1012"}],"version-history":[{"count":3,"href":"https:\/\/www.tjes.jus.br\/corregedoria\/wp-json\/wp\/v2\/posts\/1012\/revisions"}],"predecessor-version":[{"id":17704,"href":"https:\/\/www.tjes.jus.br\/corregedoria\/wp-json\/wp\/v2\/posts\/1012\/revisions\/17704"}],"wp:attachment":[{"href":"https:\/\/www.tjes.jus.br\/corregedoria\/wp-json\/wp\/v2\/media?parent=1012"}],"wp:term":[{"taxonomy":"category","embeddable":true,"href":"https:\/\/www.tjes.jus.br\/corregedoria\/wp-json\/wp\/v2\/categories?post=1012"},{"taxonomy":"post_tag","embeddable":true,"href":"https:\/\/www.tjes.jus.br\/corregedoria\/wp-json\/wp\/v2\/tags?post=1012"}],"curies":[{"name":"wp","href":"https:\/\/api.w.org\/{rel}","templated":true}]}}