{"id":10173,"date":"2016-12-19T11:20:38","date_gmt":"2016-12-19T13:20:38","guid":{"rendered":"https:\/\/www.tjes.jus.br\/corregedoria\/?p=10173"},"modified":"2016-12-19T14:59:55","modified_gmt":"2016-12-19T16:59:55","slug":"resolucao-no-582005-publicada-em-25112005-republicacao","status":"publish","type":"post","link":"https:\/\/www.tjes.jus.br\/corregedoria\/2016\/12\/19\/resolucao-no-582005-publicada-em-25112005-republicacao\/","title":{"rendered":"RESOLU\u00c7\u00c3O N\u00ba 58\/2005 &#8211; PUBLICADA EM 25\/11\/2005 &#8211; REPUBLICA\u00c7\u00c3O"},"content":{"rendered":"<p style=\"text-align: center;\"><strong>PODER JUDICI\u00c1RIO DO ESTADO DO ESP\u00cdRITO SANTO<\/strong> <b><\/b><\/p>\n<p style=\"text-align: center;\"><strong>TRIBUNAL DE JUSTI\u00c7A<\/strong><b><\/b><\/p>\n<p style=\"text-align: center;\"><strong>GABINETE DA PRESID\u00caNCIA<\/strong><b><\/b><\/p>\n<p style=\"text-align: center;\"><strong>RESOLU\u00c7\u00c3O N\u00ba 58\/2005 (*)<\/strong><\/p>\n<p style=\"text-align: justify;\">O EXCELENT\u00cdSSIMO SENHOR DESEMBARGADOR ADALTO DIAS TRIST\u00c3O, PRESIDENTE DO EGR\u00c9GIO TRIBUNAL DE JUSTI\u00c7A DO ESTADO DO ESP\u00cdRITO SANTO, NO USO DE SUAS ATRIBUI\u00c7\u00d5ES LEGAIS, E TENDO EM VISTA DECIS\u00c3O UN\u00c2NIME DO EGR\u00c9GIO TRIBUNAL PLENO, NESTA DATA E<\/p>\n<p style=\"text-align: justify;\"><strong>CONSIDERANDO<\/strong> a necessidade de se promover adequa\u00e7\u00f5es na <a href=\"https:\/\/www.tjes.jus.br\/corregedoria\/index.php\/2016\/12\/19\/resolucao-no-102004-conselho-publ-em-22092004\/\" target=\"_blank\">Resolu\u00e7\u00e3o n\u00ba 10\/2004<\/a> do Egr\u00e9gio Tribunal Pleno, com vistas a aprimor\u00e1-la;<\/p>\n<p style=\"text-align: justify;\"><strong>CONSIDERANDO<\/strong> que o disposto no art. 31, \u00a7 1\u00ba da 8.666\/93, aplica-se, por analogia, aos Conv\u00eanios, principalmente no interesse da administra\u00e7\u00e3o p\u00fablica;<\/p>\n<p style=\"text-align: justify;\"><strong>CONSIDERANDO<\/strong> que cabe ao Presidente do Tribunal Justi\u00e7a, na qualidade de Chefe m\u00e1ximo do Poder Judici\u00e1rio Estadual, superintender os trabalhos judici\u00e1rios,<\/p>\n<p style=\"text-align: justify;\"><strong>RESOLVE:<\/strong><\/p>\n<p style=\"margin-bottom: 12pt; text-align: justify;\"><strong>Art. 1\u00ba.<\/strong> O artigo <a href=\"https:\/\/www.tjes.jus.br\/corregedoria\/index.php\/2016\/12\/19\/resolucao-no-102004-conselho-publ-em-22092004\/\">8\u00ba da Resolu\u00e7\u00e3o n\u00ba 10\/2004<\/a> passa a ser inserido no Cap\u00edtulo \u201cDA HABILITA\u00c7\u00c3O\u201d, com a seguinte reda\u00e7\u00e3o:<\/p>\n<p style=\"margin-bottom: 12pt; text-align: justify; padding-left: 30px;\">Art. 8\u00ba. Ser\u00e3o consideradas inabilitadas, para fins de conv\u00eanio que tenha por objeto empr\u00e9stimo mediante consigna\u00e7\u00e3o em folha de pagamento, as institui\u00e7\u00f5es que n\u00e3o tenham ag\u00eancia na Grande Vit\u00f3ria.\u201d<\/p>\n<p style=\"margin-bottom: 12pt; text-align: justify;\"><strong>Art. 2\u00ba<\/strong> Ficam renumerados os atuais artigos 8\u00ba a 12 para 9\u00ba a 13.<\/p>\n<p style=\"margin-bottom: 12pt; text-align: justify;\"><strong>Art. 3\u00ba<\/strong> Fica acrescido ao art. 11 um par\u00e1grafo com a seguinte reda\u00e7\u00e3o:<\/p>\n<p style=\"margin-bottom: 12pt; text-align: justify; padding-left: 30px;\">\u201cPar\u00e1grafo \u00fanico. O disposto neste artigo n\u00e3o se aplica na hip\u00f3tese em que o conv\u00eanio for considerado de relevante import\u00e2ncia para o TJES, a crit\u00e9rio exclusivo da Presid\u00eancia.\u201d<\/p>\n<p style=\"margin-bottom: 12pt; text-align: justify;\"><strong>Art. 4\u00ba<\/strong> Esta Resolu\u00e7\u00e3o entrar\u00e1 em vigor na data de sua publica\u00e7\u00e3o.<\/p>\n<p style=\"margin-bottom: 12pt; text-align: justify;\"><strong>PUBLIQUE-SE.<\/strong><\/p>\n<p style=\"margin-bottom: 12pt; text-align: justify;\">Vit\u00f3ria, 17 de novembro de 2005.<\/p>\n<p style=\"text-align: center;\"><strong>Desembargador ADALTO DIAS TRIST\u00c3O<br \/>\nPresidente<\/strong><b><\/b><\/p>\n<h2 style=\"text-align: center;\"><span style=\"color: #ff0000;\">(*) Republicada por ter sido digitada com incorre\u00e7\u00e3o<\/span><\/h2>\n","protected":false},"excerpt":{"rendered":"<p>PODER JUDICI\u00c1RIO DO ESTADO DO ESP\u00cdRITO SANTO TRIBUNAL DE JUSTI\u00c7A GABINETE DA PRESID\u00caNCIA RESOLU\u00c7\u00c3O N\u00ba 58\/2005 (*) O EXCELENT\u00cdSSIMO SENHOR DESEMBARGADOR ADALTO DIAS TRIST\u00c3O, PRESIDENTE DO EGR\u00c9GIO TRIBUNAL DE JUSTI\u00c7A DO ESTADO DO ESP\u00cdRITO SANTO, NO USO DE SUAS ATRIBUI\u00c7\u00d5ES LEGAIS, E TENDO EM VISTA DECIS\u00c3O UN\u00c2NIME DO EGR\u00c9GIO TRIBUNAL PLENO, NESTA DATA E CONSIDERANDO [&hellip;]<\/p>\n","protected":false},"author":3,"featured_media":0,"comment_status":"open","ping_status":"open","sticky":false,"template":"","format":"standard","meta":{"footnotes":""},"categories":[14,13],"tags":[],"_links":{"self":[{"href":"https:\/\/www.tjes.jus.br\/corregedoria\/wp-json\/wp\/v2\/posts\/10173"}],"collection":[{"href":"https:\/\/www.tjes.jus.br\/corregedoria\/wp-json\/wp\/v2\/posts"}],"about":[{"href":"https:\/\/www.tjes.jus.br\/corregedoria\/wp-json\/wp\/v2\/types\/post"}],"author":[{"embeddable":true,"href":"https:\/\/www.tjes.jus.br\/corregedoria\/wp-json\/wp\/v2\/users\/3"}],"replies":[{"embeddable":true,"href":"https:\/\/www.tjes.jus.br\/corregedoria\/wp-json\/wp\/v2\/comments?post=10173"}],"version-history":[{"count":3,"href":"https:\/\/www.tjes.jus.br\/corregedoria\/wp-json\/wp\/v2\/posts\/10173\/revisions"}],"predecessor-version":[{"id":10227,"href":"https:\/\/www.tjes.jus.br\/corregedoria\/wp-json\/wp\/v2\/posts\/10173\/revisions\/10227"}],"wp:attachment":[{"href":"https:\/\/www.tjes.jus.br\/corregedoria\/wp-json\/wp\/v2\/media?parent=10173"}],"wp:term":[{"taxonomy":"category","embeddable":true,"href":"https:\/\/www.tjes.jus.br\/corregedoria\/wp-json\/wp\/v2\/categories?post=10173"},{"taxonomy":"post_tag","embeddable":true,"href":"https:\/\/www.tjes.jus.br\/corregedoria\/wp-json\/wp\/v2\/tags?post=10173"}],"curies":[{"name":"wp","href":"https:\/\/api.w.org\/{rel}","templated":true}]}}