{"id":10261,"date":"2017-01-08T18:17:33","date_gmt":"2017-01-08T20:17:33","guid":{"rendered":"https:\/\/www.tjes.jus.br\/corregedoria\/?p=10261"},"modified":"2017-01-08T18:18:38","modified_gmt":"2017-01-08T20:18:38","slug":"cancelada-audiencia-de-proclamacao-e-escolha-das-serventias-extrajudiciais","status":"publish","type":"post","link":"https:\/\/www.tjes.jus.br\/corregedoria\/2017\/01\/08\/cancelada-audiencia-de-proclamacao-e-escolha-das-serventias-extrajudiciais\/","title":{"rendered":"Cancelada audi\u00eancia de proclama\u00e7\u00e3o e escolha das serventias extrajudiciais"},"content":{"rendered":"<p style=\"text-align: center;\"><strong>TRIBUNAL DE JUSTI\u00c7A DO ESTADO DO ESP\u00cdRITO SANTO<\/strong><\/p>\n<p style=\"text-align: center;\"><strong>CONCURSO P\u00daBLICO PARA OUTORGA DE DELEGA\u00c7\u00d5ES DE SERVENTIAS EXTRAJUDICIAIS DE NOTAS E DE REGISTRO DO ESTADO DO ESP\u00cdRITO SANTO<\/strong><\/p>\n<p style=\"text-align: center;\"><strong>EDITAL TJES N\u00ba 01\/2013<\/strong><\/p>\n<p style=\"text-align: center;\"><strong>COMUNICADO<\/strong><\/p>\n<p style=\"text-align: justify;\">O DESEMBARGADOR PRESIDENTE DA COMISS\u00c3O DE CONCURSO P\u00daBLICO PARA OUTORGA DE DELEGA\u00c7\u00d5ES (TJ\/ES), em aten\u00e7\u00e3o \u00e0 decis\u00e3o judicial proferida nos autos da Reclama\u00e7\u00e3o Constitucional n.\u00ba 25.882\/STF, Relator Ministro Luiz Fux, que suspendeu &#8220;sine die&#8221; a audi\u00eancia p\u00fablica de escolha das serventias relativa ao concurso do Edital TJES n.\u00ba 01\/2013; considerando o ato do Excelso Supremo Tribunal Federal que suspendeu os atos processuais no \u00e2mbito daquela Corte at\u00e9 o m\u00eas de fevereiro de 2017; e, por fim, por medida de cautela, visando evitar maiores transtornos pessoais e financeiros aos candidatos que\u00a0<strong>a audi\u00eancia de proclama\u00e7\u00e3o e escolha designada para o dia 23\/01\/2017, divulgada no <a href=\"https:\/\/www.tjes.jus.br\/corregedoria\/index.php\/2016\/12\/06\/edital-no-78-tjes-notarios-e-oficiais-de-registro-de-05-de-dezembro-de-2016\/\" target=\"_blank\">Edital 78<\/a>, est\u00e1 CANCELADA at\u00e9 ulterior pronunciamento do STF.<\/strong><\/p>\n<p style=\"text-align: justify;\">Vit\u00f3ria\/ES, 22 de dezembro de 2016<\/p>\n<p style=\"text-align: center;\"><strong>Desembargador RONALDO GON\u00c7ALVES DE SOUSA<\/strong><br \/>\n<strong>Presidente da Comiss\u00e3o do Concurso P\u00fablico para Outorga de Delega\u00e7\u00f5es<\/strong><\/p>\n<p style=\"text-align: center;\"><strong><a href=\"https:\/\/www.tjes.jus.br\/corregedoria\/wp-content\/uploads\/2017\/01\/Comunicado_Cancelamento_Sessao_de_escolha.pdf\">COMUNICADO ORIGINAL (CLIQUE AQUI)<\/a><\/strong><\/p>\n","protected":false},"excerpt":{"rendered":"<p>TRIBUNAL DE JUSTI\u00c7A DO ESTADO DO ESP\u00cdRITO SANTO CONCURSO P\u00daBLICO PARA OUTORGA DE DELEGA\u00c7\u00d5ES DE SERVENTIAS EXTRAJUDICIAIS DE NOTAS E DE REGISTRO DO ESTADO DO ESP\u00cdRITO SANTO EDITAL TJES N\u00ba 01\/2013 COMUNICADO O DESEMBARGADOR PRESIDENTE DA COMISS\u00c3O DE CONCURSO P\u00daBLICO PARA OUTORGA DE DELEGA\u00c7\u00d5ES (TJ\/ES), em aten\u00e7\u00e3o \u00e0 decis\u00e3o judicial proferida nos autos da Reclama\u00e7\u00e3o [&hellip;]<\/p>\n","protected":false},"author":3,"featured_media":8977,"comment_status":"open","ping_status":"open","sticky":false,"template":"","format":"standard","meta":{"footnotes":""},"categories":[1],"tags":[],"_links":{"self":[{"href":"https:\/\/www.tjes.jus.br\/corregedoria\/wp-json\/wp\/v2\/posts\/10261"}],"collection":[{"href":"https:\/\/www.tjes.jus.br\/corregedoria\/wp-json\/wp\/v2\/posts"}],"about":[{"href":"https:\/\/www.tjes.jus.br\/corregedoria\/wp-json\/wp\/v2\/types\/post"}],"author":[{"embeddable":true,"href":"https:\/\/www.tjes.jus.br\/corregedoria\/wp-json\/wp\/v2\/users\/3"}],"replies":[{"embeddable":true,"href":"https:\/\/www.tjes.jus.br\/corregedoria\/wp-json\/wp\/v2\/comments?post=10261"}],"version-history":[{"count":1,"href":"https:\/\/www.tjes.jus.br\/corregedoria\/wp-json\/wp\/v2\/posts\/10261\/revisions"}],"predecessor-version":[{"id":10263,"href":"https:\/\/www.tjes.jus.br\/corregedoria\/wp-json\/wp\/v2\/posts\/10261\/revisions\/10263"}],"wp:featuredmedia":[{"embeddable":true,"href":"https:\/\/www.tjes.jus.br\/corregedoria\/wp-json\/wp\/v2\/media\/8977"}],"wp:attachment":[{"href":"https:\/\/www.tjes.jus.br\/corregedoria\/wp-json\/wp\/v2\/media?parent=10261"}],"wp:term":[{"taxonomy":"category","embeddable":true,"href":"https:\/\/www.tjes.jus.br\/corregedoria\/wp-json\/wp\/v2\/categories?post=10261"},{"taxonomy":"post_tag","embeddable":true,"href":"https:\/\/www.tjes.jus.br\/corregedoria\/wp-json\/wp\/v2\/tags?post=10261"}],"curies":[{"name":"wp","href":"https:\/\/api.w.org\/{rel}","templated":true}]}}