{"id":10274,"date":"2017-01-09T10:48:22","date_gmt":"2017-01-09T12:48:22","guid":{"rendered":"https:\/\/www.tjes.jus.br\/corregedoria\/?p=10274"},"modified":"2018-03-02T17:27:08","modified_gmt":"2018-03-02T20:27:08","slug":"oficio-circular-cgjes-no-0822016-disp-em-09012017-republicacao","status":"publish","type":"post","link":"https:\/\/www.tjes.jus.br\/corregedoria\/2017\/01\/09\/oficio-circular-cgjes-no-0822016-disp-em-09012017-republicacao\/","title":{"rendered":"OF\u00cdCIO CIRCULAR CGJES N\u00ba 082\/2016 &#8211; DISP. EM 09\/01\/2017 &#8211; REPUBLICA\u00c7\u00c3O"},"content":{"rendered":"<p style=\"text-align: center;\" align=\"center\"><strong>ESTADO DO ESP\u00cdRITO SANTO<\/strong><\/p>\n<p style=\"text-align: center;\" align=\"center\"><strong>PODER JUDICI\u00c1RIO<\/strong><\/p>\n<p style=\"text-align: center;\" align=\"center\"><strong>CORREGEDORIA GERAL DA JUSTI\u00c7A<\/strong><\/p>\n<p style=\"text-align: center;\"><strong>OF\u00cdCIO CIRCULAR CGJES N.\u00ba 82\/2016<\/strong><\/p>\n<p style=\"text-align: justify;\">Prezados magistrados e magistradas,<\/p>\n<p style=\"text-align: justify;\">Cumprimentando-os, e no exerc\u00edcio das fun\u00e7\u00f5es orientadora, fiscalizadora e disciplinadora t\u00edpicas da Corregedoria Geral da Justi\u00e7a, venho dar ci\u00eancia e exortar observ\u00e2ncia \u00e0s delibera\u00e7\u00f5es tra\u00e7adas no 73\u00ba ENCOGE \u2013 Encontro do Col\u00e9gio Permanente de Corregedores Gerais dos Tribunais de Justi\u00e7a do Brasil, realizado no Tribunal de Justi\u00e7a do Estado de S\u00e3o Paulo, entre 23 e 25 de novembro de 2016, consolidadas na Carta de S\u00e3o Paulo, em anexo.<\/p>\n<p style=\"text-align: justify;\">Na oportunidade, foram discutidos relevantes temas afetos ao exerc\u00edcio cotidiano da jurisdi\u00e7\u00e3o, visando seu constante aprimoramento e sua adequada conforma\u00e7\u00e3o aos princ\u00edpios constitucionais da celeridade e da efici\u00eancia, vetores informativos das atividades judicante e gestora das unidades jurisdicionais.<\/p>\n<p style=\"text-align: justify;\">Alerto em especial para a necessidade de manter a assiduidade e a habitualidade nas comarcas, todos os dias da semana, exceto nos casos de afastamento autorizado ou outro motivo de for\u00e7a maior (delibera\u00e7\u00e3o n\u00ba 01); dar prioridade aos julgamentos e notadamente \u00e0s pautas de audi\u00eancias dos Juizados Especiais, adotando medidas destinadas a reduzir os prazos de designa\u00e7\u00e3o, de sorte a comportar-se aos princ\u00edpios do art. 2\u00ba da lei n\u00ba 9.099\/1995 (delibera\u00e7\u00e3o n\u00ba 02); acautelar-se, como um todo, na utiliza\u00e7\u00e3o das m\u00eddias sociais, sobretudo evitando manifesta\u00e7\u00e3o sobre quest\u00f5es judicializadas, em andamento (LOMAN, art. 36, inciso III) ou mesmo j\u00e1 julgadas, para n\u00e3o dar azo a alega\u00e7\u00f5es de nulidade processual e propositura de reclama\u00e7\u00f5es disciplinares (delibera\u00e7\u00e3o n\u00ba 03).<\/p>\n<p style=\"text-align: justify;\">Por fim, diante das graves quest\u00f5es que se apresentam no cen\u00e1rio nacional, relembro que a magistratura \u00e9 o esteio do Estado Democr\u00e1tico de Direito, e somente a conduta firme mas serena dos seus membros ser\u00e1 capaz de consolidar um Poder Judici\u00e1rio forte e independente, reafirmando a presta\u00e7\u00e3o jurisdicional como servi\u00e7o essencial \u00e0 sociedade, tal como proclama a delibera\u00e7\u00e3o n\u00famero 10 do ENCOGE.<\/p>\n<p style=\"text-align: justify;\">Publique-se.<\/p>\n<p align=\"center\">Vit\u00f3ria (ES), 16 de dezembro de 2016.<\/p>\n<p style=\"text-align: center;\"><strong>DES. RONALDO GON\u00c7ALVES DE SOUSA<br \/>\nCORREGEDOR GERAL DA JUSTI\u00c7A<\/strong><\/p>\n<h2 style=\"text-align: center;\"><span style=\"color: #ff0000;\">* REPUBLICADO POR TER SIDO PUBLICADO SEM O ANEXO<\/span><\/h2>\n<p style=\"text-align: center;\"><strong><a href=\"https:\/\/www.tjes.jus.br\/corregedoria\/wp-content\/uploads\/2017\/01\/Of\u00edcio_Circular_082-2016-Anexo.pdf\">ANEXO &#8211; CLIQUE AQUI<\/a><\/strong><\/p>\n","protected":false},"excerpt":{"rendered":"<p>ESTADO DO ESP\u00cdRITO SANTO PODER JUDICI\u00c1RIO CORREGEDORIA GERAL DA JUSTI\u00c7A OF\u00cdCIO CIRCULAR CGJES N.\u00ba 82\/2016 Prezados magistrados e magistradas, Cumprimentando-os, e no exerc\u00edcio das fun\u00e7\u00f5es orientadora, fiscalizadora e disciplinadora t\u00edpicas da Corregedoria Geral da Justi\u00e7a, venho dar ci\u00eancia e exortar observ\u00e2ncia \u00e0s delibera\u00e7\u00f5es tra\u00e7adas no 73\u00ba ENCOGE \u2013 Encontro do Col\u00e9gio Permanente de Corregedores Gerais [&hellip;]<\/p>\n","protected":false},"author":3,"featured_media":0,"comment_status":"open","ping_status":"open","sticky":false,"template":"","format":"standard","meta":{"footnotes":""},"categories":[14,5],"tags":[],"_links":{"self":[{"href":"https:\/\/www.tjes.jus.br\/corregedoria\/wp-json\/wp\/v2\/posts\/10274"}],"collection":[{"href":"https:\/\/www.tjes.jus.br\/corregedoria\/wp-json\/wp\/v2\/posts"}],"about":[{"href":"https:\/\/www.tjes.jus.br\/corregedoria\/wp-json\/wp\/v2\/types\/post"}],"author":[{"embeddable":true,"href":"https:\/\/www.tjes.jus.br\/corregedoria\/wp-json\/wp\/v2\/users\/3"}],"replies":[{"embeddable":true,"href":"https:\/\/www.tjes.jus.br\/corregedoria\/wp-json\/wp\/v2\/comments?post=10274"}],"version-history":[{"count":2,"href":"https:\/\/www.tjes.jus.br\/corregedoria\/wp-json\/wp\/v2\/posts\/10274\/revisions"}],"predecessor-version":[{"id":23131,"href":"https:\/\/www.tjes.jus.br\/corregedoria\/wp-json\/wp\/v2\/posts\/10274\/revisions\/23131"}],"wp:attachment":[{"href":"https:\/\/www.tjes.jus.br\/corregedoria\/wp-json\/wp\/v2\/media?parent=10274"}],"wp:term":[{"taxonomy":"category","embeddable":true,"href":"https:\/\/www.tjes.jus.br\/corregedoria\/wp-json\/wp\/v2\/categories?post=10274"},{"taxonomy":"post_tag","embeddable":true,"href":"https:\/\/www.tjes.jus.br\/corregedoria\/wp-json\/wp\/v2\/tags?post=10274"}],"curies":[{"name":"wp","href":"https:\/\/api.w.org\/{rel}","templated":true}]}}