{"id":10285,"date":"2017-01-10T10:35:43","date_gmt":"2017-01-10T12:35:43","guid":{"rendered":"https:\/\/www.tjes.jus.br\/corregedoria\/?p=10285"},"modified":"2017-07-19T16:26:24","modified_gmt":"2017-07-19T19:26:24","slug":"resolucao-no-282016-disp-em-10012017","status":"publish","type":"post","link":"https:\/\/www.tjes.jus.br\/corregedoria\/2017\/01\/10\/resolucao-no-282016-disp-em-10012017\/","title":{"rendered":"RESOLU\u00c7\u00c3O N\u00ba 28\/2016 &#8211; DISP. EM 10\/01\/2017 &#8211; REVOGADA"},"content":{"rendered":"<p style=\"text-align: center;\" align=\"center\"><del><strong>ESTADO DO ESP\u00cdRITO SANTO<\/strong><\/del><\/p>\n<p style=\"text-align: center;\" align=\"center\"><del><strong>PODER JUDICI\u00c1RIO<\/strong><\/del><\/p>\n<p style=\"text-align: center;\" align=\"center\"><del><strong>TRIBUNAL DE JUSTI\u00c7A<\/strong><\/del><\/p>\n<p style=\"text-align: center;\" align=\"center\"><del><strong>Gabinete da Presid\u00eancia<\/strong><\/del><\/p>\n<p style=\"text-align: center;\" align=\"center\"><del><strong>RESOLU\u00c7\u00c3O N\u00ba 28 \/2016<\/strong><\/del><\/p>\n<p style=\"text-align: justify;\"><del><em>Altera a reda\u00e7\u00e3o do <a href=\"https:\/\/www.tjes.jus.br\/corregedoria\/index.php\/2016\/08\/05\/resolucao-no-0182016-disp-05082016\/\" target=\"_blank\" rel=\"noopener noreferrer\">Art. 3\u00ba, da Resolu\u00e7\u00e3o n\u00ba 18\/2016<\/a>, que instituiu a premia\u00e7\u00e3o anual de produtividade e gest\u00e3o judicial, intitulada \u201cM\u00c9RITO JURISDICIONAL DESEMBARGADOR WILLIAM COUTO GON\u00c7ALVES\u201d.<\/em><\/del><\/p>\n<p style=\"text-align: justify;\"><del>O Excelent\u00edssimo Senhor Desembargador ANNIBAL DE REZENDE LIMA, Presidente do Egr\u00e9gio Tribunal de Justi\u00e7a do Estado do Esp\u00edrito Santo, no uso de suas atribui\u00e7\u00f5es legais e regimentais do Egr\u00e9gio Tribunal Pleno,<\/del><\/p>\n<p style=\"text-align: justify;\"><del><strong>CONSIDERANDO<\/strong> que a efici\u00eancia dos magistrados e servidores no desempenho de suas atividades deve ser aferida, reconhecida e premiada, como forma de valorizar, incentivar e estimular o alcance das Metas institu\u00eddas pelo Conselho Nacional de Justi\u00e7a e;<\/del><\/p>\n<p style=\"text-align: justify;\"><del><strong>CONSIDERANDO<\/strong> que a participa\u00e7\u00e3o de Juiz Gestor de Meta \u00e9 de suma import\u00e2ncia para compor a Comiss\u00e3o Especial que definir\u00e1 crit\u00e9rios de avalia\u00e7\u00e3o e escolher\u00e1 os magistrados e servidores agraciados;<\/del><\/p>\n<p style=\"text-align: justify;\"><del><strong>RESOLVE:<\/strong><\/del><\/p>\n<p style=\"text-align: justify;\"><del><strong>Art. 1\u00ba\u2013<\/strong> O <a href=\"https:\/\/www.tjes.jus.br\/corregedoria\/index.php\/2016\/08\/05\/resolucao-no-0182016-disp-05082016\/\" target=\"_blank\" rel=\"noopener noreferrer\">art. 3\u00ba da Resolu\u00e7\u00e3o n\u00ba 18\/2016, de 05\/08\/2016<\/a>, passa a vigorar com a seguinte reda\u00e7\u00e3o:<\/del><\/p>\n<p style=\"text-align: justify; padding-left: 30px;\"><del>\u201cArt. 3\u00ba &#8211; A defini\u00e7\u00e3o e avalia\u00e7\u00e3o dos crit\u00e9rios de que trata o artigo anterior e a escolha dos agraciados ser\u00e3o feitas por Comiss\u00e3o Especial, constitu\u00edda pelo Presidente do Tribunal de Justi\u00e7a &#8211; que a presidir\u00e1 -, por 01 (um) Juiz-Corregedor, 01 (um) Juiz Assessor da Presid\u00eancia, 01 (um) representante da Associa\u00e7\u00e3o dos Magistrados do Estado do Esp\u00edrito Santo, 01 (um) representante do Sindicato dos Servidores do Poder Judici\u00e1rio do Estado do Esp\u00edrito Santo e 01 (um) Juiz Gestor de uma das Metas do Conselho Nacional de Justi\u00e7a\u201d.<\/del><\/p>\n<p style=\"text-align: justify;\"><del><strong>Art. 2\u00ba\u2013<\/strong> Esta Resolu\u00e7\u00e3o entra em vigor na data de sua publica\u00e7\u00e3o.<\/del><\/p>\n<p style=\"text-align: justify;\"><del>Publique-se.<\/del><\/p>\n<p style=\"text-align: justify;\" align=\"center\"><del>Vit\u00f3ria, 24 de Novembro de 2016.<\/del><\/p>\n<p style=\"text-align: center;\" align=\"center\"><del><strong>Des. ANNIBAL DE REZENDE LIMA<br \/>\nPresidente<\/strong><\/del><\/p>\n<h2 style=\"text-align: center;\"><span style=\"color: #ff0000;\">REVOGADA PELA\u00a0<a href=\"https:\/\/www.tjes.jus.br\/corregedoria\/index.php\/2017\/07\/19\/resolucao-no-182017-disp-19072017\/\" target=\"_blank\" rel=\"noopener noreferrer\">RESOLU\u00c7\u00c3O N\u00ba 18\/2017<\/a>\u00a0&#8211; DISP. 19\/07\/2017<\/span><\/h2>\n","protected":false},"excerpt":{"rendered":"<p>ESTADO DO ESP\u00cdRITO SANTO PODER JUDICI\u00c1RIO TRIBUNAL DE JUSTI\u00c7A Gabinete da Presid\u00eancia RESOLU\u00c7\u00c3O N\u00ba 28 \/2016 Altera a reda\u00e7\u00e3o do Art. 3\u00ba, da Resolu\u00e7\u00e3o n\u00ba 18\/2016, que instituiu a premia\u00e7\u00e3o anual de produtividade e gest\u00e3o judicial, intitulada \u201cM\u00c9RITO JURISDICIONAL DESEMBARGADOR WILLIAM COUTO GON\u00c7ALVES\u201d. O Excelent\u00edssimo Senhor Desembargador ANNIBAL DE REZENDE LIMA, Presidente do Egr\u00e9gio Tribunal [&hellip;]<\/p>\n","protected":false},"author":3,"featured_media":0,"comment_status":"open","ping_status":"open","sticky":false,"template":"","format":"standard","meta":{"footnotes":""},"categories":[14,13],"tags":[],"_links":{"self":[{"href":"https:\/\/www.tjes.jus.br\/corregedoria\/wp-json\/wp\/v2\/posts\/10285"}],"collection":[{"href":"https:\/\/www.tjes.jus.br\/corregedoria\/wp-json\/wp\/v2\/posts"}],"about":[{"href":"https:\/\/www.tjes.jus.br\/corregedoria\/wp-json\/wp\/v2\/types\/post"}],"author":[{"embeddable":true,"href":"https:\/\/www.tjes.jus.br\/corregedoria\/wp-json\/wp\/v2\/users\/3"}],"replies":[{"embeddable":true,"href":"https:\/\/www.tjes.jus.br\/corregedoria\/wp-json\/wp\/v2\/comments?post=10285"}],"version-history":[{"count":3,"href":"https:\/\/www.tjes.jus.br\/corregedoria\/wp-json\/wp\/v2\/posts\/10285\/revisions"}],"predecessor-version":[{"id":17025,"href":"https:\/\/www.tjes.jus.br\/corregedoria\/wp-json\/wp\/v2\/posts\/10285\/revisions\/17025"}],"wp:attachment":[{"href":"https:\/\/www.tjes.jus.br\/corregedoria\/wp-json\/wp\/v2\/media?parent=10285"}],"wp:term":[{"taxonomy":"category","embeddable":true,"href":"https:\/\/www.tjes.jus.br\/corregedoria\/wp-json\/wp\/v2\/categories?post=10285"},{"taxonomy":"post_tag","embeddable":true,"href":"https:\/\/www.tjes.jus.br\/corregedoria\/wp-json\/wp\/v2\/tags?post=10285"}],"curies":[{"name":"wp","href":"https:\/\/api.w.org\/{rel}","templated":true}]}}