{"id":10640,"date":"2017-01-26T14:03:48","date_gmt":"2017-01-26T16:03:48","guid":{"rendered":"https:\/\/www.tjes.jus.br\/corregedoria\/?p=10640"},"modified":"2017-03-13T15:46:37","modified_gmt":"2017-03-13T18:46:37","slug":"resolucao-no-462006-publ-em-28082006","status":"publish","type":"post","link":"https:\/\/www.tjes.jus.br\/corregedoria\/2017\/01\/26\/resolucao-no-462006-publ-em-28082006\/","title":{"rendered":"RESOLU\u00c7\u00c3O N\u00ba 46\/2006 &#8211; PUBL. EM 28\/08\/2006 &#8211; ALTERADA"},"content":{"rendered":"<p style=\"text-align: center;\"><strong>ESTADO DO ESP\u00cdRITO SANTO<\/strong> <b><\/b><\/p>\n<p style=\"text-align: center;\"><strong>PODER JUDICI\u00c1RIO<\/strong><b><\/b><\/p>\n<p style=\"text-align: center;\"><strong>TRIBUNAL DE JUSTI\u00c7A<\/strong><b><\/b><\/p>\n<p style=\"text-align: center;\"><strong>GABINETE DA PRESID\u00caNCIA<\/strong><b><\/b><\/p>\n<p style=\"text-align: center;\"><strong>RESOLU\u00c7\u00c3O N\u00ba 046\/2006<\/strong><\/p>\n<p style=\"text-align: justify;\"><strong>EMENTA<\/strong>: \u201cInstitui a possibilidade de compensa\u00e7\u00e3o em dobro para os dias trabalhados no projeto Justi\u00e7a Comunit\u00e1ria do Poder Judici\u00e1rio Estadual.\u201d<\/p>\n<p style=\"text-align: justify;\">O Poder Judici\u00e1rio do Estado do Esp\u00edrito Santo, atrav\u00e9s do Excelent\u00edssimo Senhor Desembargador <strong>JORGE GOES COUTINHO<\/strong>, Presidente do Egr\u00e9gio Tribunal de Justi\u00e7a, no uso de suas atribui\u00e7\u00f5es legais e tendo em vista decis\u00e3o do Egr\u00e9gio Tribunal Pleno, e<\/p>\n<p style=\"text-align: justify;\"><strong>Considerando<\/strong> a necessidade de melhorar a presta\u00e7\u00e3o jurisdicional atrav\u00e9s de a\u00e7\u00f5es positivas que visem dar maior efetividade aos princ\u00edpios constitucionais do livre acesso \u00e0 justi\u00e7a e da ininterrup\u00e7\u00e3o do servi\u00e7o forense;<\/p>\n<p style=\"text-align: justify;\"><strong>Considerando<\/strong> o fato de que grande parcela da popula\u00e7\u00e3o carente n\u00e3o possui condi\u00e7\u00f5es de acesso \u00e0 justi\u00e7a nos dias e hor\u00e1rios normais de trabalho, em virtude, muitas das vezes, da necessidade de continuar laborando em prol do sustento pr\u00f3prio e de toda a fam\u00edlia;<\/p>\n<p style=\"text-align: justify;\"><strong>CONSIDERANDO<\/strong> que \u00e9 cedi\u00e7o que o sistema de plant\u00e3o judici\u00e1rio serve apenas e t\u00e3o somente ao atendimento de situa\u00e7\u00f5es emergenciais, em que a espera at\u00e9 o primeiro dia \u00fatil subseq\u00fcente possa acarretar o perecimento de direito ou risco de dano irrepar\u00e1vel ou de dif\u00edcil repara\u00e7\u00e3o \u00e0s partes, que em raz\u00e3o dessa situa\u00e7\u00e3o necessitam da presta\u00e7\u00e3o jurisdicional imediata;<\/p>\n<p style=\"text-align: justify;\"><strong>Considerando<\/strong> que o Poder Judici\u00e1rio Estadual tem implantado projetos de relevante interesse social, tal como o Projeto Justi\u00e7a Comunit\u00e1ria, cujo objetivo \u00e9 promover a satisfa\u00e7\u00e3o integral dos princ\u00edpios constitucionais supracitados e, via de conseq\u00fc\u00eancia, propiciar \u00e0 popula\u00e7\u00e3o meios eficientes e adequados ao exerc\u00edcio da cidadania;<\/p>\n<p style=\"text-align: justify;\"><strong>CONSIDERANDO<\/strong> a necessidade de instituir uma forma razo\u00e1vel de compensa\u00e7\u00e3o dos dias trabalhados nesse projeto, que n\u00e3o se confunde com o sistema de plant\u00e3o judici\u00e1rio previsto no art. 4\u00ba, inc. II, letra \u201ci\u201d da Resolu\u00e7\u00e3o n\u00ba 13 do Conselho Nacional de Justi\u00e7a, sem que haja preju\u00edzo aos Magistrados e enriquecimento il\u00edcito da administra\u00e7\u00e3o p\u00fablica;<\/p>\n<p style=\"text-align: justify;\"><strong>CONSIDERANDO<\/strong> que cabe ao Presidente do Tribunal de Justi\u00e7a, na qualidade de Chefe m\u00e1ximo do Poder Judici\u00e1rio Estadual, superintender os trabalhos judici\u00e1rios e administrativos da Justi\u00e7a Estadual.<\/p>\n<p style=\"text-align: justify;\">Resolve:<\/p>\n<p style=\"text-align: justify;\"><del><strong>Art. 1.\u00ba<\/strong> ESTABELECER aos magistrados o gozo de 02 (dois) dias \u00fateis para cada dia trabalhado no Projeto Justi\u00e7a Comunit\u00e1ria institu\u00eddo pelo Poder Judici\u00e1rio Estadual, de atendimento \u00e0 popula\u00e7\u00e3o, desde que realizados nos finais de semana ou em dia de feriado, vedada expressamente a convers\u00e3o do gozo desse benef\u00edcio em indeniza\u00e7\u00e3o pecuni\u00e1ria.<\/del><\/p>\n<p style=\"text-align: justify;\">Art. 1\u00ba. ESTABELECER aos magistrados o gozo de 1 (um) dia \u00fatil para cada dia trabalhado no Projeto Justi\u00e7a Comunit\u00e1ria institu\u00eddo pelo Poder Judici\u00e1rio Estadual, de atendimento \u00e0 popula\u00e7\u00e3o, desde que realizado nos finais de semana ou em dia de feriado, vedada expressamente a convers\u00e3o do gozo desse benef\u00edcio em indeniza\u00e7\u00e3o pecuni\u00e1ria. <strong>(Alterado pela <a href=\"https:\/\/www.tjes.jus.br\/corregedoria\/index.php\/2017\/01\/27\/resolucao-no-102008-publ-em-11072008\/\" target=\"_blank\">Resolu\u00e7\u00e3o n\u00ba 10\/2008<\/a>, publicada em 11\/07\/2008)<\/strong><\/p>\n<p style=\"text-align: justify;\"><del>Par\u00e1grafo \u00danico: O gozo do benef\u00edcio previsto no \u201ccaput\u201d fica limitado em 5 (cinco) dias \u00fateis a cada exerc\u00edcio e, para efeito de sua concess\u00e3o, dever\u00e3o ser observados os mesmos crit\u00e9rios fixados pela <a href=\"https:\/\/www.tjes.jus.br\/corregedoria\/index.php\/2016\/12\/15\/resolucao-no-052004-publ-em-27012004\/\" target=\"_blank\">Resolu\u00e7\u00e3o n\u00ba 05\/04, do Egr\u00e9gio Conselho da Magistratura, publicada no Di\u00e1rio da Justi\u00e7a em 27\/01\/04<\/a>, referendada pela <a href=\"https:\/\/www.tjes.jus.br\/corregedoria\/index.php\/2016\/12\/15\/resolucao-no-092004-publ-em-05042004\/\" target=\"_blank\">Resolu\u00e7\u00e3o n\u00ba 09\/04, publicada em 05\/04\/04<\/a>. <strong>(Inserido pela <a href=\"https:\/\/www.tjes.jus.br\/corregedoria\/index.php\/2017\/01\/27\/resolucao-no-102008-publ-em-11072008\/\" target=\"_blank\">Resolu\u00e7\u00e3o n\u00ba 10\/2008<\/a>, publicada em 11\/07\/2008)<\/strong><\/del><\/p>\n<p style=\"text-align: justify;\"><del>Par\u00e1grafo \u00fanico. O gozo de benef\u00edcio previsto no \u201ccaput\u201d fica limitado a 10 (dez) dias \u00fateis a cada exerc\u00edcio, permitida a acumula\u00e7\u00e3o, sempre mediante autoriza\u00e7\u00e3o do Presidente do Egr\u00e9gio Tribunal de Justi\u00e7a.\u00a0<strong>(Alterado pela <a href=\"https:\/\/www.tjes.jus.br\/corregedoria\/index.php\/2017\/02\/16\/resolucao-no-152011-publ-em-11042011\/\" target=\"_blank\">Resolu\u00e7\u00e3o n\u00ba 15\/2011<\/a>, publicada em 11\/04\/2011, que alterou a <a href=\"https:\/\/www.tjes.jus.br\/corregedoria\/index.php\/2017\/01\/27\/resolucao-no-102008-publ-em-11072008\/\" target=\"_blank\">Resolu\u00e7\u00e3o n\u00ba 10\/2008<\/a>, publicada em 11\/07\/2008)<\/strong><\/del><\/p>\n<p style=\"text-align: justify;\">Par\u00e1grafo \u00fanico. Aplicam-se aos plant\u00f5es da Justi\u00e7a Comunit\u00e1ria as disposi\u00e7\u00f5es referentes ao Plant\u00e3o Judici\u00e1rio (<a href=\"https:\/\/www.tjes.jus.br\/corregedoria\/index.php\/2017\/02\/15\/resolucao-no-292010-publ-em-19052010-republicacao\/\" target=\"_blank\">Resolu\u00e7\u00e3o n\u00ba 029\/2010<\/a> alterada pela <a href=\"https:\/\/www.tjes.jus.br\/corregedoria\/index.php\/2016\/07\/05\/resolucao-no-0442013-disp-10092013-republicacao\/\" target=\"_blank\">Resolu\u00e7\u00e3o n\u00ba 44\/2013<\/a>), pertinentes a registro e gozo das compensa\u00e7\u00f5es.\u00a0<strong>(Alterado pela <a href=\"https:\/\/www.tjes.jus.br\/corregedoria\/index.php\/2016\/07\/04\/resolucao-no-252015-disp-17062015-republicacao\/\" target=\"_blank\">Resolu\u00e7\u00e3o n\u00ba 25\/2015<\/a>, disponibilizada em 17\/06\/2015, que alterou a <a href=\"https:\/\/www.tjes.jus.br\/corregedoria\/index.php\/2017\/01\/27\/resolucao-no-102008-publ-em-11072008\/\" target=\"_blank\">Resolu\u00e7\u00e3o n\u00ba 10\/2008<\/a>, publicada em 11\/07\/2008)<\/strong><\/p>\n<p style=\"text-align: justify;\"><strong>Art. 2.\u00ba<\/strong> ESCLARECER que, em decorr\u00eancia do disposto no art. 4\u00ba, inc. II, letra \u201ci\u201d da Resolu\u00e7\u00e3o n\u00ba 13 do Conselho Nacional de Justi\u00e7a, n\u00e3o ser\u00e1 concedida a compensa\u00e7\u00e3o descrita no caput do artigo anterior quando o labor se originar do exerc\u00edcio da judicatura no plant\u00e3o judici\u00e1rio, por se tratar, evidentemente, neste caso espec\u00edfico, de remunera\u00e7\u00e3o indireta, vedada no dispositivo retro.<\/p>\n<p style=\"text-align: justify;\"><strong>Art. 3.\u00ba<\/strong> O magistrado que tiver interesse em participar do projeto dever\u00e1 manifestar sua inten\u00e7\u00e3o diretamente \u00e0 Coordenadoria do Projeto Justi\u00e7a Comunit\u00e1ria.<\/p>\n<p style=\"text-align: justify;\">Par\u00e1grafo \u00fanico. A Coordenadoria manter\u00e1 arquivo organizado das manifesta\u00e7\u00f5es recebidas, providenciar\u00e1 a escala\u00e7\u00e3o do Magistrado, bem como expedir\u00e1 comunica\u00e7\u00e3o \u00e0 Diretoria Judici\u00e1ria Administrativa deste Tribunal para as anota\u00e7\u00f5es devidas.<\/p>\n<p style=\"text-align: justify;\"><strong>Art. 4\u00ba<\/strong>. O requerimento de gozo do benef\u00edcio constante no art. 1\u00ba dever\u00e1 conter a anu\u00eancia da Coordenadoria do Projeto, e ser protocolizado com anteced\u00eancia m\u00ednima de 15 (quinze) dias.<\/p>\n<p style=\"text-align: justify;\"><strong>Art. 5\u00ba.<\/strong> Esta Resolu\u00e7\u00e3o entra em vigor na data de sua publica\u00e7\u00e3o, retroagindo seus efeitos a 01\/07\/2006.<\/p>\n<p style=\"text-align: justify;\"><strong>Art. 6\u00ba<\/strong>. Revogam-se as disposi\u00e7\u00f5es em contr\u00e1rio.<\/p>\n<p style=\"text-align: justify;\"><strong>Publique-se.<\/strong><\/p>\n<p style=\"text-align: justify;\"><strong>Cumpra-se.<\/strong><\/p>\n<p style=\"text-align: justify;\">Vit\u00f3ria, 24 de agosto de 2006.<\/p>\n<p style=\"text-align: center;\"><strong>Desembargador JORGE GOES COUTINHO<br \/>\nPresidente do TJES<\/strong><\/p>\n<h2 style=\"text-align: center;\"><span style=\"color: #ff0000;\">ALTERADA PELA <a href=\"https:\/\/www.tjes.jus.br\/corregedoria\/index.php\/2017\/01\/27\/resolucao-no-102008-publ-em-11072008\/\" target=\"_blank\">RESOLU\u00c7\u00c3O N\u00ba 010\/2008<\/a> \u2013\u00a0 11\/07\/2008 (ALTERADA PELA <a href=\"https:\/\/www.tjes.jus.br\/corregedoria\/index.php\/2017\/02\/16\/resolucao-no-152011-publ-em-11042011\/\" target=\"_blank\">RESOLU\u00c7\u00c3O N\u00ba 15\/2011<\/a> &#8211; PUBL. EM 11\/04\/2011 e PELA <a href=\"https:\/\/www.tjes.jus.br\/corregedoria\/index.php\/2016\/07\/04\/resolucao-no-252015-disp-17062015-republicacao\/\" target=\"_blank\">RESOLU\u00c7\u00c3O N\u00ba 25\/2015<\/a> &#8211; PUBL. EM 17\/06\/2015)<\/span><\/h2>\n","protected":false},"excerpt":{"rendered":"<p>ESTADO DO ESP\u00cdRITO SANTO PODER JUDICI\u00c1RIO TRIBUNAL DE JUSTI\u00c7A GABINETE DA PRESID\u00caNCIA RESOLU\u00c7\u00c3O N\u00ba 046\/2006 EMENTA: \u201cInstitui a possibilidade de compensa\u00e7\u00e3o em dobro para os dias trabalhados no projeto Justi\u00e7a Comunit\u00e1ria do Poder Judici\u00e1rio Estadual.\u201d O Poder Judici\u00e1rio do Estado do Esp\u00edrito Santo, atrav\u00e9s do Excelent\u00edssimo Senhor Desembargador JORGE GOES COUTINHO, Presidente do Egr\u00e9gio Tribunal [&hellip;]<\/p>\n","protected":false},"author":3,"featured_media":0,"comment_status":"open","ping_status":"open","sticky":false,"template":"","format":"standard","meta":{"footnotes":""},"categories":[14,13],"tags":[],"_links":{"self":[{"href":"https:\/\/www.tjes.jus.br\/corregedoria\/wp-json\/wp\/v2\/posts\/10640"}],"collection":[{"href":"https:\/\/www.tjes.jus.br\/corregedoria\/wp-json\/wp\/v2\/posts"}],"about":[{"href":"https:\/\/www.tjes.jus.br\/corregedoria\/wp-json\/wp\/v2\/types\/post"}],"author":[{"embeddable":true,"href":"https:\/\/www.tjes.jus.br\/corregedoria\/wp-json\/wp\/v2\/users\/3"}],"replies":[{"embeddable":true,"href":"https:\/\/www.tjes.jus.br\/corregedoria\/wp-json\/wp\/v2\/comments?post=10640"}],"version-history":[{"count":5,"href":"https:\/\/www.tjes.jus.br\/corregedoria\/wp-json\/wp\/v2\/posts\/10640\/revisions"}],"predecessor-version":[{"id":12569,"href":"https:\/\/www.tjes.jus.br\/corregedoria\/wp-json\/wp\/v2\/posts\/10640\/revisions\/12569"}],"wp:attachment":[{"href":"https:\/\/www.tjes.jus.br\/corregedoria\/wp-json\/wp\/v2\/media?parent=10640"}],"wp:term":[{"taxonomy":"category","embeddable":true,"href":"https:\/\/www.tjes.jus.br\/corregedoria\/wp-json\/wp\/v2\/categories?post=10640"},{"taxonomy":"post_tag","embeddable":true,"href":"https:\/\/www.tjes.jus.br\/corregedoria\/wp-json\/wp\/v2\/tags?post=10640"}],"curies":[{"name":"wp","href":"https:\/\/api.w.org\/{rel}","templated":true}]}}