{"id":10722,"date":"2017-01-26T16:27:24","date_gmt":"2017-01-26T18:27:24","guid":{"rendered":"https:\/\/www.tjes.jus.br\/corregedoria\/?p=10722"},"modified":"2017-01-26T16:27:24","modified_gmt":"2017-01-26T18:27:24","slug":"resolucao-no-012007-publ-em-06022007","status":"publish","type":"post","link":"https:\/\/www.tjes.jus.br\/corregedoria\/2017\/01\/26\/resolucao-no-012007-publ-em-06022007\/","title":{"rendered":"RESOLU\u00c7\u00c3O N\u00ba 01\/2007 &#8211; PUBL. EM 06\/02\/2007"},"content":{"rendered":"<p style=\"text-align: center;\"><strong>ESTADO DO ESP\u00cdRITO SANTO<\/strong> <b><\/b><\/p>\n<p style=\"text-align: center;\"><strong>PODER JUDICI\u00c1RIO<\/strong><b><\/b><\/p>\n<p style=\"text-align: center;\"><strong>TRIBUNAL DE JUSTI\u00c7A<\/strong><b><\/b><\/p>\n<p style=\"text-align: center;\"><strong>RESOLU\u00c7\u00c3O N\u00ba 001\/2007<\/strong><\/p>\n<p style=\"text-align: justify;\">EMENTA \u2013 Altera o n\u00famero de dias para presta\u00e7\u00e3o de servi\u00e7os extraordin\u00e1rios.<\/p>\n<p style=\"text-align: justify;\">O Exm\u00ba Sr. Desembargador <strong>JORGE GOES COUTINHO<\/strong>, Presidente do Egr\u00e9gio Tribunal de Justi\u00e7a do Estado do Esp\u00edrito Santo, no uso de suas atribui\u00e7\u00f5es legais, ad referendum do Egr\u00e9gio Tribunal Pleno e,<\/p>\n<p style=\"text-align: justify;\"><strong>CONSIDERANDO<\/strong> a necessidade de cumprir at\u00e9 o final do mandato a Lei de responsabilidade fiscal, Lei Complementar n\u00ba 101, de 04 de maio de 2000, face os limites de gastos com pessoal.<\/p>\n<p style=\"text-align: justify;\"><strong>RESOLVE:<\/strong><b><\/b><\/p>\n<p style=\"text-align: justify;\"><strong>1 \u2013 ALTERAR<\/strong> o <a href=\"https:\/\/www.tjes.jus.br\/corregedoria\/index.php\/2016\/12\/19\/resolucao-no-342005-publ-em-06072005\/\" target=\"_blank\">par\u00e1grafo \u00fanico do art. 1\u00ba da Resolu\u00e7\u00e3o 034\/2005, publicada no Di\u00e1rio da Justi\u00e7a de 06\/07\/05<\/a>, para estipular que o prazo, ao inv\u00e9s de 180 dias anuais, passa a ser 120 dias, divididos nos dois semestres.<\/p>\n<p style=\"text-align: justify;\">PUBLIQUE-SE.<\/p>\n<p style=\"text-align: justify;\">Vit\u00f3ria, 02 de fevereiro de 2007.<\/p>\n<p style=\"text-align: center;\"><strong>Desembargador JORGE GOES COUTINHO<br \/>\nPresidente<\/strong><\/p>\n","protected":false},"excerpt":{"rendered":"<p>ESTADO DO ESP\u00cdRITO SANTO PODER JUDICI\u00c1RIO TRIBUNAL DE JUSTI\u00c7A RESOLU\u00c7\u00c3O N\u00ba 001\/2007 EMENTA \u2013 Altera o n\u00famero de dias para presta\u00e7\u00e3o de servi\u00e7os extraordin\u00e1rios. O Exm\u00ba Sr. Desembargador JORGE GOES COUTINHO, Presidente do Egr\u00e9gio Tribunal de Justi\u00e7a do Estado do Esp\u00edrito Santo, no uso de suas atribui\u00e7\u00f5es legais, ad referendum do Egr\u00e9gio Tribunal Pleno e, [&hellip;]<\/p>\n","protected":false},"author":3,"featured_media":0,"comment_status":"open","ping_status":"open","sticky":false,"template":"","format":"standard","meta":{"footnotes":""},"categories":[14,13],"tags":[],"_links":{"self":[{"href":"https:\/\/www.tjes.jus.br\/corregedoria\/wp-json\/wp\/v2\/posts\/10722"}],"collection":[{"href":"https:\/\/www.tjes.jus.br\/corregedoria\/wp-json\/wp\/v2\/posts"}],"about":[{"href":"https:\/\/www.tjes.jus.br\/corregedoria\/wp-json\/wp\/v2\/types\/post"}],"author":[{"embeddable":true,"href":"https:\/\/www.tjes.jus.br\/corregedoria\/wp-json\/wp\/v2\/users\/3"}],"replies":[{"embeddable":true,"href":"https:\/\/www.tjes.jus.br\/corregedoria\/wp-json\/wp\/v2\/comments?post=10722"}],"version-history":[{"count":1,"href":"https:\/\/www.tjes.jus.br\/corregedoria\/wp-json\/wp\/v2\/posts\/10722\/revisions"}],"predecessor-version":[{"id":10723,"href":"https:\/\/www.tjes.jus.br\/corregedoria\/wp-json\/wp\/v2\/posts\/10722\/revisions\/10723"}],"wp:attachment":[{"href":"https:\/\/www.tjes.jus.br\/corregedoria\/wp-json\/wp\/v2\/media?parent=10722"}],"wp:term":[{"taxonomy":"category","embeddable":true,"href":"https:\/\/www.tjes.jus.br\/corregedoria\/wp-json\/wp\/v2\/categories?post=10722"},{"taxonomy":"post_tag","embeddable":true,"href":"https:\/\/www.tjes.jus.br\/corregedoria\/wp-json\/wp\/v2\/tags?post=10722"}],"curies":[{"name":"wp","href":"https:\/\/api.w.org\/{rel}","templated":true}]}}