{"id":10984,"date":"2017-01-30T12:42:40","date_gmt":"2017-01-30T14:42:40","guid":{"rendered":"https:\/\/www.tjes.jus.br\/corregedoria\/?p=10984"},"modified":"2017-01-30T12:46:45","modified_gmt":"2017-01-30T14:46:45","slug":"resolucao-no-0252008-publ-em-30102008","status":"publish","type":"post","link":"https:\/\/www.tjes.jus.br\/corregedoria\/2017\/01\/30\/resolucao-no-0252008-publ-em-30102008\/","title":{"rendered":"RESOLU\u00c7\u00c3O N\u00ba 025\/2008 &#8211; PUBL. EM 30\/10\/2008 &#8211; REPUBLICADO"},"content":{"rendered":"<h2 style=\"text-align: center;\"><span style=\"color: #ff0000;\">REPUBLICADO EM <a href=\"https:\/\/www.tjes.jus.br\/corregedoria\/index.php\/2017\/01\/30\/resolucao-no-252008-publ-em-14112008-republicacao\/\">14\/11\/2008<\/a> POR CONTER INCORRE\u00c7\u00c3O<\/span><\/h2>\n<p style=\"text-align: center;\"><del><strong>PODER JUDICI\u00c1RIO DO ESTADO DO ESP\u00cdRITO SANTO<\/strong> <b><\/b><\/del><\/p>\n<p style=\"text-align: center;\"><del><strong>TRIBUNAL DE JUSTI\u00c7A<\/strong><b><\/b><\/del><\/p>\n<p style=\"text-align: center;\"><del><strong>GABINETE DA PRESID\u00caNCIA<\/strong><b><\/b><\/del><\/p>\n<p style=\"text-align: center;\"><del><strong>RESOLU\u00c7\u00c3O N\u00ba 025\/2008<\/strong><\/del><\/p>\n<p style=\"text-align: justify;\"><del>EMENTA \u2013 Institui o recesso forense compreendido no per\u00edodo de 20\/12 a 06\/01 e d\u00e1 outras provid\u00eancias.<\/del><\/p>\n<p style=\"text-align: justify;\"><del>O Excelent\u00edssimo Senhor Desembargador<strong> FREDERICO GUILHERME PIMENTEL<\/strong>, Presidente do Egr\u00e9gio Tribunal de Justi\u00e7a do Estado do Esp\u00edrito Santo, no uso de suas atribui\u00e7\u00f5es legais, e tendo em vista decis\u00e3o do Egr\u00e9gio Tribunal Pleno nos autos do Expediente n\u00ba 2008.00.588.362, oriundo da Ordem dos Advogados do Brasil \u2013 Se\u00e7\u00e3o Esp\u00edrito Santo, e<\/del><\/p>\n<p style=\"text-align: justify;\"><del><strong>CONSIDERANDO<\/strong> os termos da Resolu\u00e7\u00e3o n\u00ba 08 do Conselho Nacional de Justi\u00e7a, que possibilitou aos Tribunais instituir o recesso forense;<\/del><\/p>\n<p style=\"text-align: justify;\"><del><strong>CONSIDERANDO<\/strong> que cabe ao Presidente do Tribunal de Justi\u00e7a, na qualidade de Chefe m\u00e1ximo do Poder Judici\u00e1rio Estadual, superintender os trabalhos judici\u00e1rios.<\/del><\/p>\n<p style=\"text-align: justify;\"><del><strong>RESOLVE:<\/strong><b><\/b><\/del><\/p>\n<p style=\"text-align: justify;\"><del><strong>Art. 1\u00ba<\/strong>. Fica institu\u00eddo, em car\u00e1ter permanente, o recesso judici\u00e1rio no per\u00edodo de 20 de dezembro a 06 de janeiro, de cada ano.<\/del><\/p>\n<p style=\"text-align: justify;\"><del><strong>Art. 2\u00ba<\/strong>. Durante o per\u00edodo do recesso, os prazos processuais e o expediente forense nos \u00d3rg\u00e3os Judici\u00e1rios de 1\u00ba e 2\u00ba Graus do Poder Judici\u00e1rio do Estado do Esp\u00edrito Santo, ficar\u00e3o suspensos, bem como a publica\u00e7\u00e3o de ac\u00f3rd\u00e3os, senten\u00e7as e decis\u00f5es, intima\u00e7\u00f5es de partes ou advogados, exceto com rela\u00e7\u00e3o \u00e0s medidas consideradas urgentes.<\/del><\/p>\n<p style=\"text-align: justify;\"><del><strong>Art. 3\u00ba<\/strong>. Haver\u00e1, no recesso, sistema de rod\u00edzio di\u00e1rio, para aprecia\u00e7\u00e3o de causas de natureza urgente, a ser realizado na seguinte forma:<\/del><\/p>\n<p style=\"text-align: justify;\"><del>\u00a7 1\u00ba. Nas Comarcas do interior do Estado \u2013 1\u00aa (vara \u00fanica), 2\u00aa e 3\u00aa Entr\u00e2ncias \u2013 o atendimento ser\u00e1 realizado, sucessivamente, em cada uma das Varas pertencentes \u00e0s Comarcas integrantes da respectiva Regi\u00e3o Judici\u00e1ria, com a estrutura de pessoal da Vara sorteada.<\/del><\/p>\n<p style=\"text-align: justify;\"><del>\u00a7 2\u00ba. Na Comarca da Capital o atendimento judici\u00e1rio ser\u00e1 realizado diariamente, com a indica\u00e7\u00e3o de dois magistrados, de forma concomitante em cada Ju\u00edzo \u2013 Cariacica, Serra, Viana, Vila Velha e Vit\u00f3ria -, com a estrutura de pessoal de duas Varas sorteadas.<\/del><\/p>\n<p style=\"text-align: justify;\"><del>\u00a7 3\u00ba. Para os fins de atendimento durante o per\u00edodo de recesso forense e levando-se em conta a composi\u00e7\u00e3o das regi\u00f5es estabelecidas na <a href=\"https:\/\/www.tjes.jus.br\/corregedoria\/index.php\/2017\/01\/27\/resolucao-no-222008-publ-em-06102008-revogada\/\" target=\"_blank\">Resolu\u00e7\u00e3o n\u00ba 22\/2008<\/a> e a proximidade das mesmas, consideram-se as Comarcas de Marechal Floriano e as Varas de Domingos Martins como demais Varas do Ju\u00edzo de Viana, observado, em todo caso, as disposi\u00e7\u00f5es do artigo 7\u00ba.<\/del><\/p>\n<p style=\"text-align: justify;\"><del><strong>Art. 4\u00ba<\/strong>. Os MMs. Ju\u00edzes Diretores de F\u00f3runs respons\u00e1veis pela escala de atendimento judici\u00e1rio, dever\u00e3o proceder ao sorteio da Vara\/Comarca que funcionar\u00e1 durante cada um dos dias compreendidos no per\u00edodo anteriormente citado, comunicando a esta Presid\u00eancia no prazo m\u00e1ximo de 10 (dez) dias, e remetendo c\u00f3pia ao Di\u00e1rio da Justi\u00e7a, no mesmo per\u00edodo, para publica\u00e7\u00e3o.<\/del><\/p>\n<p style=\"text-align: justify;\"><del>\u00a7 1\u00ba. Enquanto n\u00e3o houver o pleno rod\u00edzio de Varas entre todas aquelas componentes da Regi\u00e3o Judici\u00e1ria, ou entre aquelas que integram cada Ju\u00edzo de Entr\u00e2ncia Especial, \u00e9 vedada a repeti\u00e7\u00e3o da mesma na referida escala, salvo necessidade plenamente justificada, a ju\u00edzo do Diretor do F\u00f3rum.<\/del><\/p>\n<p style=\"text-align: justify;\"><del>\u00a7 2\u00ba. Ap\u00f3s o sorteio do \u00f3rg\u00e3o judici\u00e1rio, dever\u00e1 o Juiz Diretor do F\u00f3rum da localidade sorteada indicar oficial de justi\u00e7a para funcionar na escala do atendimento judici\u00e1rio.<\/del><\/p>\n<p style=\"text-align: justify;\"><del>1\u00a7 3\u00ba. Na Comarca da Capital dever\u00e3o ser indicados dois (02) oficiais de justi\u00e7a por dia para cada Foro.<\/del><\/p>\n<p style=\"text-align: justify;\"><del>\u00a7 4\u00ba. O Di\u00e1rio da Justi\u00e7a far\u00e1 publica\u00e7\u00e3o de todas as escalas remetidas pelos Ju\u00edzes Diretores de F\u00f3runs das Comarcas Sedes de Regi\u00f5es Judici\u00e1rias e dos Ju\u00edzos da Comarca da Capital, na segunda semana do m\u00eas de novembro.<\/del><\/p>\n<p style=\"text-align: justify;\"><del><strong>Art. 5\u00ba.<\/strong> Havendo necessidade imperiosa de servi\u00e7o, a Presid\u00eancia poder\u00e1 designar mais magistrados para atuar em determinada escala.<\/del><\/p>\n<p style=\"text-align: justify;\"><del><strong>Art. 6\u00ba<\/strong>. No \u00e2mbito do Tribunal de Justi\u00e7a o atendimento ser\u00e1 realizado pelo Egr\u00e9gio Conselho da Magistratura, mantidas as sess\u00f5es de julgamento, e com o apoio administrativo dos servidores de sua Secretaria.<\/del><\/p>\n<p style=\"text-align: justify;\"><del>Par\u00e1grafo \u00fanico. Todas as unidades administrativas do Tribunal de Justi\u00e7a, bem como todas as Varas e Cart\u00f3rios dever\u00e3o funcionar normalmente no per\u00edodo de 20 de dezembro a 06 de janeiro, mediante escala de rod\u00edzio de servidores a ser elaborada pelas Diretorias, Secretarias e Juizados respectivos.<\/del><\/p>\n<p style=\"text-align: justify;\"><del><strong>Art. 7\u00ba<\/strong>. N\u00e3o haver\u00e1 o pagamento de qualquer remunera\u00e7\u00e3o extra pelos servi\u00e7os prestados no per\u00edodo compreendido no artigo 1\u00ba, podendo, entretanto, a t\u00edtulo de compensa\u00e7\u00e3o, ser gozado um dia de folga para cada dia trabalhado.<\/del><\/p>\n<p style=\"text-align: justify;\"><del>\u00a7 1\u00ba. Para controle do servi\u00e7o executado e de eventual folga a ser gozada, dever\u00e1 o MM. Juiz Diretor do F\u00f3rum ou superior hier\u00e1rquico do servidor escalado para trabalhar no referido per\u00edodo enviar as comunica\u00e7\u00f5es necess\u00e1rias.<\/del><\/p>\n<p style=\"text-align: justify;\"><del>\u00a7 2\u00ba. O servidor que adquirir o direito ao gozo de folga na forma prevista no caput deste artigo dever\u00e1 goz\u00e1-la de uma s\u00f3 vez, ainda no decorrer do ano do t\u00e9rmino do recesso.<\/del><\/p>\n<p style=\"text-align: justify;\"><del><strong>Art. 8\u00ba<\/strong>. As normas acima estabelecidas n\u00e3o se aplicam aos dias de feriados e\/ou finais de semana e dias \u00fateis ap\u00f3s o t\u00e9rmino do hor\u00e1rio do expediente, quando a presta\u00e7\u00e3o do servi\u00e7o jurisdicional, se necess\u00e1ria, se dar\u00e1 atrav\u00e9s das regras do Plant\u00e3o Judici\u00e1rio em vigor.<\/del><\/p>\n<p style=\"text-align: justify;\"><del><strong>Art. 9\u00ba.<\/strong> Os casos omissos ou urgentes ser\u00e3o resolvidos pela Presid\u00eancia do Tribunal de Justi\u00e7a.<\/del><\/p>\n<p style=\"text-align: justify;\"><del><strong>Art. 10\u00ba<\/strong>. Esta resolu\u00e7\u00e3o entra em vigor na data de sua publica\u00e7\u00e3o, revogando-se todas as disposi\u00e7\u00f5es em contr\u00e1rio.<\/del><\/p>\n<p style=\"text-align: justify;\"><del>Vit\u00f3ria\/ES, 23 de outubro de 2008.<\/del><\/p>\n<p style=\"text-align: center;\"><del><strong>Desembargador FREDERICO GUILHERME PIMENTEL<br \/>\nPresidente do TJES<\/strong><\/del><\/p>\n","protected":false},"excerpt":{"rendered":"<p>REPUBLICADO EM 14\/11\/2008 POR CONTER INCORRE\u00c7\u00c3O PODER JUDICI\u00c1RIO DO ESTADO DO ESP\u00cdRITO SANTO TRIBUNAL DE JUSTI\u00c7A GABINETE DA PRESID\u00caNCIA RESOLU\u00c7\u00c3O N\u00ba 025\/2008 EMENTA \u2013 Institui o recesso forense compreendido no per\u00edodo de 20\/12 a 06\/01 e d\u00e1 outras provid\u00eancias. O Excelent\u00edssimo Senhor Desembargador FREDERICO GUILHERME PIMENTEL, Presidente do Egr\u00e9gio Tribunal de Justi\u00e7a do Estado do [&hellip;]<\/p>\n","protected":false},"author":3,"featured_media":0,"comment_status":"open","ping_status":"open","sticky":false,"template":"","format":"standard","meta":{"footnotes":""},"categories":[14,13],"tags":[],"_links":{"self":[{"href":"https:\/\/www.tjes.jus.br\/corregedoria\/wp-json\/wp\/v2\/posts\/10984"}],"collection":[{"href":"https:\/\/www.tjes.jus.br\/corregedoria\/wp-json\/wp\/v2\/posts"}],"about":[{"href":"https:\/\/www.tjes.jus.br\/corregedoria\/wp-json\/wp\/v2\/types\/post"}],"author":[{"embeddable":true,"href":"https:\/\/www.tjes.jus.br\/corregedoria\/wp-json\/wp\/v2\/users\/3"}],"replies":[{"embeddable":true,"href":"https:\/\/www.tjes.jus.br\/corregedoria\/wp-json\/wp\/v2\/comments?post=10984"}],"version-history":[{"count":3,"href":"https:\/\/www.tjes.jus.br\/corregedoria\/wp-json\/wp\/v2\/posts\/10984\/revisions"}],"predecessor-version":[{"id":10989,"href":"https:\/\/www.tjes.jus.br\/corregedoria\/wp-json\/wp\/v2\/posts\/10984\/revisions\/10989"}],"wp:attachment":[{"href":"https:\/\/www.tjes.jus.br\/corregedoria\/wp-json\/wp\/v2\/media?parent=10984"}],"wp:term":[{"taxonomy":"category","embeddable":true,"href":"https:\/\/www.tjes.jus.br\/corregedoria\/wp-json\/wp\/v2\/categories?post=10984"},{"taxonomy":"post_tag","embeddable":true,"href":"https:\/\/www.tjes.jus.br\/corregedoria\/wp-json\/wp\/v2\/tags?post=10984"}],"curies":[{"name":"wp","href":"https:\/\/api.w.org\/{rel}","templated":true}]}}