{"id":10990,"date":"2017-01-30T13:19:20","date_gmt":"2017-01-30T15:19:20","guid":{"rendered":"https:\/\/www.tjes.jus.br\/corregedoria\/?p=10990"},"modified":"2017-01-30T13:19:20","modified_gmt":"2017-01-30T15:19:20","slug":"resolucao-no-262008-publ-em-06112008","status":"publish","type":"post","link":"https:\/\/www.tjes.jus.br\/corregedoria\/2017\/01\/30\/resolucao-no-262008-publ-em-06112008\/","title":{"rendered":"RESOLU\u00c7\u00c3O N\u00ba 26\/2008 &#8211; PUBL. EM 06\/11\/2008"},"content":{"rendered":"<p style=\"text-align: center;\"><strong>PODER JUDICI\u00c1RIO DO ESTADO DO ESP\u00cdRITO SANTO<\/strong> <b><\/b><\/p>\n<p style=\"text-align: center;\"><strong>TRIBUNAL DE JUSTI\u00c7A<\/strong><b><\/b><\/p>\n<p style=\"text-align: center;\"><strong>GABINETE DA PRESID\u00caNCIA<\/strong><\/p>\n<p style=\"text-align: center;\"><strong>Autoriza instala\u00e7\u00e3o Vara da Fazenda P\u00fablica Estadual, Municipal, Registros P\u00fablicos e Meio Ambiente<\/strong><\/p>\n<p style=\"text-align: center;\"><strong>RESOLU\u00c7\u00c3O N\u00ba 026\/2008<\/strong><\/p>\n<p style=\"text-align: justify;\">O Exm\u00ba. Sr. Desembargador <strong>FREDERICO GUILHERME PIMENTEL<\/strong>, Presidente do Egr\u00e9gio Tribunal de Justi\u00e7a do Estado do Esp\u00edrito Santo, no uso de suas atribui\u00e7\u00f5es legais e tendo em vista decis\u00e3o do Egr\u00e9gio Tribunal Pleno, em sess\u00e3o realizada nesta data,<\/p>\n<p style=\"text-align: justify;\"><strong>CONSIDERANDO:<\/strong><\/p>\n<p style=\"text-align: justify;\">\u2013 a previs\u00e3o legal de cria\u00e7\u00e3o e autoriza\u00e7\u00e3o de instala\u00e7\u00e3o da Vara da Fazenda P\u00fablica Estadual, Municipal, Registros P\u00fablicos e Meio Ambiente da Comarca de Aracruz, de Terceira Entr\u00e2ncia, conforme o art. 39-A, inciso I, al\u00ednea \u201cg\u201d , da Lei Complementar n\u00ba 234, alterada pela LC 364\/2006;<\/p>\n<p style=\"text-align: justify;\">\u2013 a necessidade de melhorar a presta\u00e7\u00e3o jurisdicional,0 e havendo a oportunidade e conveni\u00eancia de instala\u00e7\u00e3o da referida Vara;<\/p>\n<p style=\"text-align: justify;\">\u2013 que o art. 181 da Lei Complementar n\u00ba 234\/02 comete ao Tribunal de Justi\u00e7a baixar Resolu\u00e7\u00f5es Complementares, a fim de instituir normas gerais necess\u00e1rias \u00e0 execu\u00e7\u00e3o da referida lei.<\/p>\n<p style=\"text-align: justify;\"><strong>RESOLVE :<\/strong><\/p>\n<p style=\"text-align: justify;\"><strong>Art. 1\u00ba.<\/strong> AUTORIZAR a instala\u00e7\u00e3o da Vara da Fazenda P\u00fablica Estadual, Municipal, Registros P\u00fablicos e Meio Ambiente da Comarca de Aracruz, de Terceira Entr\u00e2ncia.<\/p>\n<p style=\"text-align: justify;\"><strong>Art. 2\u00ba<\/strong>. A instala\u00e7\u00e3o e o funcionamento efetivo da Vara de que trata o artigo anterior ser\u00e1 precedido de ato solene, com a participa\u00e7\u00e3o do Presidente do Tribunal de Justi\u00e7a, ficando condicionado \u00e0 pr\u00e9via comunica\u00e7\u00e3o do Diretor do F\u00f3rum de que existem meios materiais e recursos humanos dispon\u00edveis.<\/p>\n<p style=\"text-align: justify;\"><strong>Art. 3\u00ba<\/strong>. Revogam-se as disposi\u00e7\u00f5es em contr\u00e1rio.<\/p>\n<p style=\"text-align: justify;\"><strong>Art. 4\u00ba<\/strong>. Esta Resolu\u00e7\u00e3o entrar\u00e1 em vigor na data de sua publica\u00e7\u00e3o.<\/p>\n<p style=\"text-align: justify;\">Publique-se.<\/p>\n<p style=\"text-align: justify;\">Vit\u00f3ria, 06 de novembro de 2008.<\/p>\n<p style=\"text-align: center;\"><strong>Desembargador FREDERICO GUILHERME PIMENTEL<br \/>\nPresidente do TJES<\/strong><\/p>\n","protected":false},"excerpt":{"rendered":"<p>PODER JUDICI\u00c1RIO DO ESTADO DO ESP\u00cdRITO SANTO TRIBUNAL DE JUSTI\u00c7A GABINETE DA PRESID\u00caNCIA Autoriza instala\u00e7\u00e3o Vara da Fazenda P\u00fablica Estadual, Municipal, Registros P\u00fablicos e Meio Ambiente RESOLU\u00c7\u00c3O N\u00ba 026\/2008 O Exm\u00ba. Sr. Desembargador FREDERICO GUILHERME PIMENTEL, Presidente do Egr\u00e9gio Tribunal de Justi\u00e7a do Estado do Esp\u00edrito Santo, no uso de suas atribui\u00e7\u00f5es legais e tendo [&hellip;]<\/p>\n","protected":false},"author":3,"featured_media":0,"comment_status":"open","ping_status":"open","sticky":false,"template":"","format":"standard","meta":{"footnotes":""},"categories":[14,13],"tags":[],"_links":{"self":[{"href":"https:\/\/www.tjes.jus.br\/corregedoria\/wp-json\/wp\/v2\/posts\/10990"}],"collection":[{"href":"https:\/\/www.tjes.jus.br\/corregedoria\/wp-json\/wp\/v2\/posts"}],"about":[{"href":"https:\/\/www.tjes.jus.br\/corregedoria\/wp-json\/wp\/v2\/types\/post"}],"author":[{"embeddable":true,"href":"https:\/\/www.tjes.jus.br\/corregedoria\/wp-json\/wp\/v2\/users\/3"}],"replies":[{"embeddable":true,"href":"https:\/\/www.tjes.jus.br\/corregedoria\/wp-json\/wp\/v2\/comments?post=10990"}],"version-history":[{"count":1,"href":"https:\/\/www.tjes.jus.br\/corregedoria\/wp-json\/wp\/v2\/posts\/10990\/revisions"}],"predecessor-version":[{"id":10992,"href":"https:\/\/www.tjes.jus.br\/corregedoria\/wp-json\/wp\/v2\/posts\/10990\/revisions\/10992"}],"wp:attachment":[{"href":"https:\/\/www.tjes.jus.br\/corregedoria\/wp-json\/wp\/v2\/media?parent=10990"}],"wp:term":[{"taxonomy":"category","embeddable":true,"href":"https:\/\/www.tjes.jus.br\/corregedoria\/wp-json\/wp\/v2\/categories?post=10990"},{"taxonomy":"post_tag","embeddable":true,"href":"https:\/\/www.tjes.jus.br\/corregedoria\/wp-json\/wp\/v2\/tags?post=10990"}],"curies":[{"name":"wp","href":"https:\/\/api.w.org\/{rel}","templated":true}]}}