{"id":10995,"date":"2017-01-30T13:26:36","date_gmt":"2017-01-30T15:26:36","guid":{"rendered":"https:\/\/www.tjes.jus.br\/corregedoria\/?p=10995"},"modified":"2017-01-30T13:29:19","modified_gmt":"2017-01-30T15:29:19","slug":"resolucao-no-282008-publ-em-04122008","status":"publish","type":"post","link":"https:\/\/www.tjes.jus.br\/corregedoria\/2017\/01\/30\/resolucao-no-282008-publ-em-04122008\/","title":{"rendered":"RESOLU\u00c7\u00c3O N\u00ba 28\/2008 &#8211; PUBL. EM 04\/12\/2008 &#8211; REPUBLICADO"},"content":{"rendered":"<h2 style=\"text-align: center;\"><span style=\"color: #ff0000;\">REPUBLICADO EM <\/span><a href=\"https:\/\/www.tjes.jus.br\/corregedoria\/index.php\/2017\/01\/30\/resolucao-no-282008-publ-em-09122008-republicacao\/\">09\/12\/2008<\/a><span style=\"color: #ff0000;\"> POR CONTER INCORRE\u00c7\u00c3O<\/span><\/h2>\n<p style=\"text-align: center;\"><del><strong>PODER JUDICI\u00c1RIO DO ESTADO DO ESP\u00cdRITO SANTO<\/strong> <b><\/b><\/del><\/p>\n<p style=\"text-align: center;\"><del><strong>TRIBUNAL DE JUSTI\u00c7A<\/strong><b><\/b><\/del><\/p>\n<p style=\"text-align: center;\"><del><strong>GABINETE DA PRESID\u00caNCIA<\/strong><b><\/b><\/del><\/p>\n<p style=\"text-align: center;\"><del><strong>RESOLU\u00c7\u00c3O N.\u00ba 28\/2008<\/strong><\/del><\/p>\n<p style=\"text-align: justify;\"><del><strong>EMENTA<\/strong> \u2013 Disp\u00f5e acerca da prorroga\u00e7\u00e3o da licen\u00e7a-maternidade \u00e0s servidoras gestantes do Poder Judici\u00e1rio Estadual, ocupantes de cargos comissionados, tendo em conta a previs\u00e3o constante do artigo 2.\u00ba da Lei n.\u00ba 11.770\/2008.<\/del><\/p>\n<p style=\"text-align: justify;\"><del>O Excelent\u00edssimo Senhor Desembargador <strong>FREDERICO GUILHERME PIMENTEL<\/strong>, Presidente do e. Tribunal de Justi\u00e7a do Estado do Esp\u00edrito Santo, no uso de suas atribui\u00e7\u00f5es legais, e tendo em vista o artigo 2.\u00ba da Lei Federal n.\u00ba 11.770\/2008, e<\/del><\/p>\n<p style=\"text-align: justify;\"><del><strong>CONSIDERANDO<\/strong> o advento da Lei Complementar n.\u00ba 418, de 20 de novembro de 2007, publicado no DOE do dia 21 de novembro do corrente ano, que estendeu o prazo da licen\u00e7a-maternidade das servidoras p\u00fablicas efetivas, de 120 (cento e vinte) para 180 (cento e oitenta) dias;<\/del><\/p>\n<p style=\"text-align: justify;\"><del><strong>CONSIDERANDO<\/strong> que o benef\u00edcio em quest\u00e3o j\u00e1 foi concedido \u00e0s servidoras adotantes, devendo prevalecer o princ\u00edpio da igualdade, haja vista que a pr\u00f3pria Lei Complementar n.\u00ba 46\/94 estabelece, em seus artigos 2.\u00ba e 4.\u00ba, que o servidor p\u00fablico \u00e9 a pessoa legalmente investida em cargo p\u00fablico, sendo que o provimento deste poder\u00e1 ser efetivo ou em comiss\u00e3o.<\/del><\/p>\n<p style=\"text-align: justify;\"><del><strong>CONSIDERANDO<\/strong> que cabe ao Presidente do Tribunal de Justi\u00e7a, na qualidade de Chefe m\u00e1ximo do Poder Judici\u00e1rio Estadual, superintender os trabalhos judici\u00e1rios e administrativos.<\/del><\/p>\n<p style=\"text-align: justify;\"><del><strong>RESOLVE:<\/strong><b><\/b><\/del><\/p>\n<p style=\"text-align: justify;\"><del><strong>Art. 1\u00ba<\/strong>. Prorrogar a licen\u00e7a-maternidade das servidoras do Poder Judici\u00e1rio Estadual, ocupantes de cargos comissionados, por 60 (sessenta) dias, conforme previs\u00e3o do artigo 2.\u00ba da Lei Federal n.\u00ba 11.770\/2008, que estabelece que a administra\u00e7\u00e3o p\u00fablica, direta, indireta e fundacional est\u00e1 autorizada a instituir programa que garanta a referida prorroga\u00e7\u00e3o.<\/del><\/p>\n<p style=\"text-align: justify;\"><del><strong>Art. 2\u00ba<\/strong>. Esta Resolu\u00e7\u00e3o entra em vigor na data de sua publica\u00e7\u00e3o.<\/del><\/p>\n<p style=\"text-align: justify;\"><del>PUBLIQUE-SE.<\/del><\/p>\n<p style=\"text-align: justify;\"><del>CUMPRA-SE.<\/del><\/p>\n<p style=\"text-align: justify;\"><del>Vit\u00f3ria\/ES, 24 de novembro de 2008.<\/del><\/p>\n<p style=\"text-align: center;\"><del><strong>Desembargador FREDERICO GUILHERME PIMENTEL<br \/>\nPRESIDENTE DO TJES<\/strong><\/del><\/p>\n","protected":false},"excerpt":{"rendered":"<p>REPUBLICADO EM 09\/12\/2008 POR CONTER INCORRE\u00c7\u00c3O PODER JUDICI\u00c1RIO DO ESTADO DO ESP\u00cdRITO SANTO TRIBUNAL DE JUSTI\u00c7A GABINETE DA PRESID\u00caNCIA RESOLU\u00c7\u00c3O N.\u00ba 28\/2008 EMENTA \u2013 Disp\u00f5e acerca da prorroga\u00e7\u00e3o da licen\u00e7a-maternidade \u00e0s servidoras gestantes do Poder Judici\u00e1rio Estadual, ocupantes de cargos comissionados, tendo em conta a previs\u00e3o constante do artigo 2.\u00ba da Lei n.\u00ba 11.770\/2008. O [&hellip;]<\/p>\n","protected":false},"author":3,"featured_media":0,"comment_status":"open","ping_status":"open","sticky":false,"template":"","format":"standard","meta":{"footnotes":""},"categories":[14,13],"tags":[],"_links":{"self":[{"href":"https:\/\/www.tjes.jus.br\/corregedoria\/wp-json\/wp\/v2\/posts\/10995"}],"collection":[{"href":"https:\/\/www.tjes.jus.br\/corregedoria\/wp-json\/wp\/v2\/posts"}],"about":[{"href":"https:\/\/www.tjes.jus.br\/corregedoria\/wp-json\/wp\/v2\/types\/post"}],"author":[{"embeddable":true,"href":"https:\/\/www.tjes.jus.br\/corregedoria\/wp-json\/wp\/v2\/users\/3"}],"replies":[{"embeddable":true,"href":"https:\/\/www.tjes.jus.br\/corregedoria\/wp-json\/wp\/v2\/comments?post=10995"}],"version-history":[{"count":3,"href":"https:\/\/www.tjes.jus.br\/corregedoria\/wp-json\/wp\/v2\/posts\/10995\/revisions"}],"predecessor-version":[{"id":11000,"href":"https:\/\/www.tjes.jus.br\/corregedoria\/wp-json\/wp\/v2\/posts\/10995\/revisions\/11000"}],"wp:attachment":[{"href":"https:\/\/www.tjes.jus.br\/corregedoria\/wp-json\/wp\/v2\/media?parent=10995"}],"wp:term":[{"taxonomy":"category","embeddable":true,"href":"https:\/\/www.tjes.jus.br\/corregedoria\/wp-json\/wp\/v2\/categories?post=10995"},{"taxonomy":"post_tag","embeddable":true,"href":"https:\/\/www.tjes.jus.br\/corregedoria\/wp-json\/wp\/v2\/tags?post=10995"}],"curies":[{"name":"wp","href":"https:\/\/api.w.org\/{rel}","templated":true}]}}