{"id":11003,"date":"2017-01-30T13:33:46","date_gmt":"2017-01-30T15:33:46","guid":{"rendered":"https:\/\/www.tjes.jus.br\/corregedoria\/?p=11003"},"modified":"2017-01-30T13:33:46","modified_gmt":"2017-01-30T15:33:46","slug":"resolucao-no-302008-publ-em-12122008","status":"publish","type":"post","link":"https:\/\/www.tjes.jus.br\/corregedoria\/2017\/01\/30\/resolucao-no-302008-publ-em-12122008\/","title":{"rendered":"RESOLU\u00c7\u00c3O N\u00ba 30\/2008 &#8211; PUBL. EM 12\/12\/2008"},"content":{"rendered":"<p style=\"text-align: center;\"><strong>ESTADO DO ESP\u00cdRITO SANTO<\/strong><\/p>\n<p style=\"text-align: center;\"><strong>PODER JUDICI\u00c1RIO<\/strong><\/p>\n<p style=\"text-align: center;\"><strong>Tribunal de Justi\u00e7a<\/strong><\/p>\n<p style=\"text-align: center;\"><strong>RESOLU\u00c7\u00c3O N\u00ba 30\/2008<\/strong><\/p>\n<p style=\"text-align: justify;\">O Egr\u00e9gio Tribunal de Justi\u00e7a, tendo em vista decis\u00e3o un\u00e2nime em Sess\u00e3o Plen\u00e1ria realizada no dia 11 de dezembro de 2008,<\/p>\n<p style=\"text-align: justify;\"><strong>CONSIDERANDO<\/strong> a decis\u00e3o do Superior Tribunal de Justi\u00e7a no Inqu\u00e9rito n\u00ba 589, de relatoria da Ministra <strong>Laurita Vaz;<\/strong><\/p>\n<p style=\"text-align: justify;\"><strong>CONSIDERANDO<\/strong> as repercuss\u00f5es negativas das medidas adotadas e determinadas pela Corte Superior, e visando preservar a credibilidade do poder judici\u00e1rio estadual, bem como sua atua\u00e7\u00e3o e prerrogativas constitucionais;<\/p>\n<p style=\"text-align: justify;\"><strong>RESOLVE:<\/strong><\/p>\n<p style=\"text-align: justify;\">1) <strong>AFASTAR<\/strong> o Exmo. Sr. Desembargador Frederico Guilherme Pimentel do exerc\u00edcio das fun\u00e7\u00f5es administrativas de Presidente do Egr\u00e9gio Tribunal de Justi\u00e7a do Estado do Esp\u00edrito Santo;<\/p>\n<p style=\"text-align: justify;\">2) <strong>AFASTAR<\/strong> o Exmo. Sr. Juiz de Direito Frederico Lu\u00eds Schaider Pimentel de suas fun\u00e7\u00f5es jurisdicionais e DETERMINAR \u00e0 Colenda Corregedoria Geral de Justi\u00e7a a ado\u00e7\u00e3o das provid\u00eancias necess\u00e1rias para a abertura imediata de procedimento administrativo disciplinar visando \u00e0 apura\u00e7\u00e3o dos fatos noticiados;<\/p>\n<p style=\"text-align: justify;\">3) <strong>DETERMINAR<\/strong> a remessa de of\u00edcio para a Ministra Laurita Vaz, relatora do Inqu\u00e9rito n.\u00ba 589 junto ao Superior Tribunal de Justi\u00e7a, solicitando-lhe que delibere o eventual afastamento dos tr\u00eas desembargadores envolvidos no Inqu\u00e9rito, de suas respectivas fun\u00e7\u00f5es;<\/p>\n<p style=\"text-align: justify;\">4) <strong>DETERMINAR<\/strong> ao Presidente em exerc\u00edcio a exonera\u00e7\u00e3o imediata dos respectivos cargos comissionados, com a cessa\u00e7\u00e3o dos correspondentes atos de disponibilidade, dos servidores apontadamente envolvidos nos atos il\u00edcitos descritos na investiga\u00e7\u00e3o, constante do Inqu\u00e9rito n\u00ba 589;<\/p>\n<p style=\"text-align: justify;\">5) <strong>DETERMINAR<\/strong> o aprimoramento da distribui\u00e7\u00e3o dos processos junto ao E. Tribunal de Justi\u00e7a do Estado do Esp\u00edrito Santo, com a efetiva participa\u00e7\u00e3o da Ordem dos Advogados do Brasil e do Minist\u00e9rio P\u00fablico do Estado do Esp\u00edrito Santo, nos estudos voltados \u00e0 esta finalidade;<\/p>\n<p style=\"text-align: justify;\">6) <strong>DETERMINAR<\/strong> a terceiriza\u00e7\u00e3o de todas as etapas dos concursos p\u00fablicos de ingresso na magistratura do Estado do Esp\u00edrito Santo;<\/p>\n<p style=\"text-align: justify;\"><strong>PUBLIQUE-SE<\/strong><\/p>\n<p style=\"text-align: justify;\">Vit\u00f3ria, 11 de dezembro de 2008.<\/p>\n<p style=\"text-align: center;\"><strong>Desembargador \u00c1LVARO MANOEL ROSINDO BOURGUIGNON<br \/>\nPresidente em exerc\u00edcio<\/strong><\/p>\n","protected":false},"excerpt":{"rendered":"<p>ESTADO DO ESP\u00cdRITO SANTO PODER JUDICI\u00c1RIO Tribunal de Justi\u00e7a RESOLU\u00c7\u00c3O N\u00ba 30\/2008 O Egr\u00e9gio Tribunal de Justi\u00e7a, tendo em vista decis\u00e3o un\u00e2nime em Sess\u00e3o Plen\u00e1ria realizada no dia 11 de dezembro de 2008, CONSIDERANDO a decis\u00e3o do Superior Tribunal de Justi\u00e7a no Inqu\u00e9rito n\u00ba 589, de relatoria da Ministra Laurita Vaz; CONSIDERANDO as repercuss\u00f5es negativas [&hellip;]<\/p>\n","protected":false},"author":3,"featured_media":0,"comment_status":"open","ping_status":"open","sticky":false,"template":"","format":"standard","meta":{"footnotes":""},"categories":[14,13],"tags":[],"_links":{"self":[{"href":"https:\/\/www.tjes.jus.br\/corregedoria\/wp-json\/wp\/v2\/posts\/11003"}],"collection":[{"href":"https:\/\/www.tjes.jus.br\/corregedoria\/wp-json\/wp\/v2\/posts"}],"about":[{"href":"https:\/\/www.tjes.jus.br\/corregedoria\/wp-json\/wp\/v2\/types\/post"}],"author":[{"embeddable":true,"href":"https:\/\/www.tjes.jus.br\/corregedoria\/wp-json\/wp\/v2\/users\/3"}],"replies":[{"embeddable":true,"href":"https:\/\/www.tjes.jus.br\/corregedoria\/wp-json\/wp\/v2\/comments?post=11003"}],"version-history":[{"count":1,"href":"https:\/\/www.tjes.jus.br\/corregedoria\/wp-json\/wp\/v2\/posts\/11003\/revisions"}],"predecessor-version":[{"id":11004,"href":"https:\/\/www.tjes.jus.br\/corregedoria\/wp-json\/wp\/v2\/posts\/11003\/revisions\/11004"}],"wp:attachment":[{"href":"https:\/\/www.tjes.jus.br\/corregedoria\/wp-json\/wp\/v2\/media?parent=11003"}],"wp:term":[{"taxonomy":"category","embeddable":true,"href":"https:\/\/www.tjes.jus.br\/corregedoria\/wp-json\/wp\/v2\/categories?post=11003"},{"taxonomy":"post_tag","embeddable":true,"href":"https:\/\/www.tjes.jus.br\/corregedoria\/wp-json\/wp\/v2\/tags?post=11003"}],"curies":[{"name":"wp","href":"https:\/\/api.w.org\/{rel}","templated":true}]}}