{"id":11007,"date":"2017-01-30T13:37:27","date_gmt":"2017-01-30T15:37:27","guid":{"rendered":"https:\/\/www.tjes.jus.br\/corregedoria\/?p=11007"},"modified":"2017-01-30T13:37:27","modified_gmt":"2017-01-30T15:37:27","slug":"resolucao-no-322008-publ-em-22122008","status":"publish","type":"post","link":"https:\/\/www.tjes.jus.br\/corregedoria\/2017\/01\/30\/resolucao-no-322008-publ-em-22122008\/","title":{"rendered":"RESOLU\u00c7\u00c3O N\u00ba 32\/2008 &#8211; PUBL. EM 22\/12\/2008"},"content":{"rendered":"<p style=\"text-align: center;\"><strong>PODER JUDICI\u00c1RIO DO ESTADO DO ESP\u00cdRITO SANTO<\/strong> <b><\/b><\/p>\n<p style=\"text-align: center;\"><strong>TRIBUNAL DE JUSTI\u00c7A<\/strong><b><\/b><\/p>\n<p style=\"text-align: center;\"><strong>GABINETE DA PRESID\u00caNCIA<\/strong><b><\/b><\/p>\n<p style=\"text-align: center;\"><strong>RESOLU\u00c7\u00c3O N\u00ba 32\/2008<\/strong><\/p>\n<p style=\"margin-bottom: 12pt; text-align: justify;\">O Excelent\u00edssimo Senhor Desembargador <strong>\u00c1LVARO MANOEL ROSINDO BOURGUIGNON<\/strong>, Presidente em exerc\u00edcio do Egr\u00e9gio Tribunal de Justi\u00e7a do Estado do Esp\u00edrito Santo, no uso de suas atribui\u00e7\u00f5es e, tendo em vista decis\u00e3o un\u00e2nime tomada nesta data pelo Egr\u00e9gio Tribunal Pleno, face a gravidade dos fatos que s\u00e3o objeto de apura\u00e7\u00e3o pelo Superior Tribunal de Justi\u00e7a nos autos do inqu\u00e9rito n\u00ba 589,<\/p>\n<p style=\"margin-bottom: 12pt; text-align: justify;\"><strong>RESOLVE:<\/strong><b><\/b><\/p>\n<p style=\"margin-bottom: 12pt; text-align: justify;\"><strong>Art. 1\u00ba<\/strong>. Fica vedada a pr\u00e1tica de atos, por servidor, em processo judicial, quando:<\/p>\n<p style=\"margin-bottom: 12pt; text-align: justify;\">I- nele tenha atuado ou esteja atuando magistrado, com o qual tenha parentesco em linha reta, colateral ou por afinidade, at\u00e9 o 3\u00ba grau, bem como dele seja c\u00f4njuge ou companheiro.<\/p>\n<p style=\"margin-bottom: 12pt; text-align: justify;\">II- esteja tramitando em ju\u00edzo ou setor sob responsabilidade direta de magistrado, com o qual tenha parentesco em linha reta, colateral ou por afinidade, at\u00e9 o 3\u00ba grau, bem como dele seja c\u00f4njuge ou companheiro.<\/p>\n<p style=\"margin-bottom: 12pt; text-align: justify;\"><strong>Art. 2\u00ba<\/strong>. Esta resolu\u00e7\u00e3o entra em vigor na data de sua publica\u00e7\u00e3o.<\/p>\n<p style=\"margin-bottom: 12pt; text-align: justify;\">Vit\u00f3ria, 15 de dezembro de 2008.<\/p>\n<p style=\"text-align: center;\"><strong>DES. \u00c1LVARO MANOEL ROSINDO BOURGUIGNON<br \/>\nPresidente em exerc\u00edcio<\/strong><\/p>\n","protected":false},"excerpt":{"rendered":"<p>PODER JUDICI\u00c1RIO DO ESTADO DO ESP\u00cdRITO SANTO TRIBUNAL DE JUSTI\u00c7A GABINETE DA PRESID\u00caNCIA RESOLU\u00c7\u00c3O N\u00ba 32\/2008 O Excelent\u00edssimo Senhor Desembargador \u00c1LVARO MANOEL ROSINDO BOURGUIGNON, Presidente em exerc\u00edcio do Egr\u00e9gio Tribunal de Justi\u00e7a do Estado do Esp\u00edrito Santo, no uso de suas atribui\u00e7\u00f5es e, tendo em vista decis\u00e3o un\u00e2nime tomada nesta data pelo Egr\u00e9gio Tribunal Pleno, [&hellip;]<\/p>\n","protected":false},"author":3,"featured_media":0,"comment_status":"open","ping_status":"open","sticky":false,"template":"","format":"standard","meta":{"footnotes":""},"categories":[14,13],"tags":[],"_links":{"self":[{"href":"https:\/\/www.tjes.jus.br\/corregedoria\/wp-json\/wp\/v2\/posts\/11007"}],"collection":[{"href":"https:\/\/www.tjes.jus.br\/corregedoria\/wp-json\/wp\/v2\/posts"}],"about":[{"href":"https:\/\/www.tjes.jus.br\/corregedoria\/wp-json\/wp\/v2\/types\/post"}],"author":[{"embeddable":true,"href":"https:\/\/www.tjes.jus.br\/corregedoria\/wp-json\/wp\/v2\/users\/3"}],"replies":[{"embeddable":true,"href":"https:\/\/www.tjes.jus.br\/corregedoria\/wp-json\/wp\/v2\/comments?post=11007"}],"version-history":[{"count":1,"href":"https:\/\/www.tjes.jus.br\/corregedoria\/wp-json\/wp\/v2\/posts\/11007\/revisions"}],"predecessor-version":[{"id":11008,"href":"https:\/\/www.tjes.jus.br\/corregedoria\/wp-json\/wp\/v2\/posts\/11007\/revisions\/11008"}],"wp:attachment":[{"href":"https:\/\/www.tjes.jus.br\/corregedoria\/wp-json\/wp\/v2\/media?parent=11007"}],"wp:term":[{"taxonomy":"category","embeddable":true,"href":"https:\/\/www.tjes.jus.br\/corregedoria\/wp-json\/wp\/v2\/categories?post=11007"},{"taxonomy":"post_tag","embeddable":true,"href":"https:\/\/www.tjes.jus.br\/corregedoria\/wp-json\/wp\/v2\/tags?post=11007"}],"curies":[{"name":"wp","href":"https:\/\/api.w.org\/{rel}","templated":true}]}}