{"id":11011,"date":"2017-01-30T13:40:01","date_gmt":"2017-01-30T15:40:01","guid":{"rendered":"https:\/\/www.tjes.jus.br\/corregedoria\/?p=11011"},"modified":"2017-02-13T14:51:27","modified_gmt":"2017-02-13T16:51:27","slug":"resolucao-no-342008-publ-em-30122008","status":"publish","type":"post","link":"https:\/\/www.tjes.jus.br\/corregedoria\/2017\/01\/30\/resolucao-no-342008-publ-em-30122008\/","title":{"rendered":"RESOLU\u00c7\u00c3O N\u00ba 34\/2008 &#8211; PUBL. EM 30\/12\/2008 &#8211; REPUBLICA\u00c7\u00c3O"},"content":{"rendered":"<p style=\"text-align: center;\"><strong>PODER JUDICI\u00c1RIO DO ESTADO DO ESP\u00cdRITO SANTO<\/strong> <b><\/b><\/p>\n<p style=\"text-align: center;\"><strong>TRIBUNAL DE JUSTI\u00c7A<\/strong><b><\/b><\/p>\n<p style=\"text-align: center;\"><strong>RESOLU\u00c7\u00c3O N\u00ba 034\/2008<\/strong><\/p>\n<p style=\"text-align: justify;\">O Egr\u00e9gio Tribunal de Justi\u00e7a do Estado do Esp\u00edrito Santo, por Decis\u00e3o un\u00e2nime de seus membros, em sess\u00e3o ordin\u00e1ria realizada no dia 18\/12\/2008, face a gravidade dos fatos que s\u00e3o objeto de apura\u00e7\u00e3o pelo Superior Tribunal de Justi\u00e7a nos autos do inqu\u00e9rito n\u00ba 589,<\/p>\n<p style=\"text-align: justify;\"><strong>RESOLVE:<\/strong><b><\/b><\/p>\n<p style=\"text-align: justify;\"><strong>AFASTAR<\/strong> cautelarmente, como medida preventiva \u00e0 instaura\u00e7\u00e3o do Processo Administrativo Disciplinar, os eminentes Desembargadores <strong>FREDERICO GUILHERME PIMENTEL, ELP\u00cdDIO JOS\u00c9 DUQUE E JOSENIDER VAREJ\u00c3O TAVARES<\/strong>, das fun\u00e7\u00f5es de Desembargador, nos termos do \u00a7 3\u00ba do Art. 27 da Lei Complementar n\u00ba 035\/79 (LOMAN) c\/c <a href=\"https:\/\/www.tjes.jus.br\/corregedoria\/index.php\/2016\/10\/17\/resolucao-cnj-no-30-de-07032007\/\" target=\"_blank\">par\u00e1grafo \u00fanico do Art. 6\u00ba da Resolu\u00e7\u00e3o n\u00ba 30 do CNJ \u2013 Conselho Nacional de Justi\u00e7a, de 07\/03\/2007<\/a>.<\/p>\n<p style=\"text-align: justify;\">PUBLIQUE-SE<\/p>\n<p style=\"text-align: justify;\">Vit\u00f3ria, 18 de dezembro de 2008.<\/p>\n<p style=\"text-align: center;\"><strong>Desembargador \u00c1LVARO MANOEL ROSINDO BOURGUIGNON<br \/>\nPresidente em exerc\u00edcio<\/strong><\/p>\n<h2 style=\"text-align: center;\"><span style=\"color: #ff0000;\">REPRODUZIDA POR TER SIDO REDIGIDA COM INCORRE\u00c7\u00c3O<\/span><\/h2>\n","protected":false},"excerpt":{"rendered":"<p>PODER JUDICI\u00c1RIO DO ESTADO DO ESP\u00cdRITO SANTO TRIBUNAL DE JUSTI\u00c7A RESOLU\u00c7\u00c3O N\u00ba 034\/2008 O Egr\u00e9gio Tribunal de Justi\u00e7a do Estado do Esp\u00edrito Santo, por Decis\u00e3o un\u00e2nime de seus membros, em sess\u00e3o ordin\u00e1ria realizada no dia 18\/12\/2008, face a gravidade dos fatos que s\u00e3o objeto de apura\u00e7\u00e3o pelo Superior Tribunal de Justi\u00e7a nos autos do inqu\u00e9rito [&hellip;]<\/p>\n","protected":false},"author":3,"featured_media":0,"comment_status":"open","ping_status":"open","sticky":false,"template":"","format":"standard","meta":{"footnotes":""},"categories":[14,13],"tags":[],"_links":{"self":[{"href":"https:\/\/www.tjes.jus.br\/corregedoria\/wp-json\/wp\/v2\/posts\/11011"}],"collection":[{"href":"https:\/\/www.tjes.jus.br\/corregedoria\/wp-json\/wp\/v2\/posts"}],"about":[{"href":"https:\/\/www.tjes.jus.br\/corregedoria\/wp-json\/wp\/v2\/types\/post"}],"author":[{"embeddable":true,"href":"https:\/\/www.tjes.jus.br\/corregedoria\/wp-json\/wp\/v2\/users\/3"}],"replies":[{"embeddable":true,"href":"https:\/\/www.tjes.jus.br\/corregedoria\/wp-json\/wp\/v2\/comments?post=11011"}],"version-history":[{"count":3,"href":"https:\/\/www.tjes.jus.br\/corregedoria\/wp-json\/wp\/v2\/posts\/11011\/revisions"}],"predecessor-version":[{"id":11079,"href":"https:\/\/www.tjes.jus.br\/corregedoria\/wp-json\/wp\/v2\/posts\/11011\/revisions\/11079"}],"wp:attachment":[{"href":"https:\/\/www.tjes.jus.br\/corregedoria\/wp-json\/wp\/v2\/media?parent=11011"}],"wp:term":[{"taxonomy":"category","embeddable":true,"href":"https:\/\/www.tjes.jus.br\/corregedoria\/wp-json\/wp\/v2\/categories?post=11011"},{"taxonomy":"post_tag","embeddable":true,"href":"https:\/\/www.tjes.jus.br\/corregedoria\/wp-json\/wp\/v2\/tags?post=11011"}],"curies":[{"name":"wp","href":"https:\/\/api.w.org\/{rel}","templated":true}]}}