{"id":11015,"date":"2017-02-01T14:28:13","date_gmt":"2017-02-01T16:28:13","guid":{"rendered":"https:\/\/www.tjes.jus.br\/corregedoria\/?p=11015"},"modified":"2017-02-01T15:22:44","modified_gmt":"2017-02-01T17:22:44","slug":"corregedor-faz-determinacoes-em-atencao-a-inspecao-do-cnj-no-es","status":"publish","type":"post","link":"https:\/\/www.tjes.jus.br\/corregedoria\/2017\/02\/01\/corregedor-faz-determinacoes-em-atencao-a-inspecao-do-cnj-no-es\/","title":{"rendered":"Corregedor Nacional instaura inspe\u00e7\u00e3o no ES"},"content":{"rendered":"<p style=\"text-align: justify;\">O Excelent\u00edssimo Corregedor Nacional de Justi\u00e7a, Ministro Jo\u00e3o Ot\u00e1vio de Noronha, determinou a \u201cinstaura\u00e7\u00e3o de <strong>inspe\u00e7\u00e3o nos setores administrativos e judiciais da Justi\u00e7a Comum Estadual<\/strong>, de 1\u00ba e 2\u00ba graus de jurisdi\u00e7\u00e3o, do Tribunal de Justi\u00e7a do Estado do Esp\u00edrito Santo e Serventias Extrajudiciais do Estado do Esp\u00edrito Santo\u201d, no per\u00edodo de <strong>20 a 24 de fevereiro de 2017<\/strong>, conforme\u00a0<a href=\"https:\/\/www.tjes.jus.br\/corregedoria\/wp-content\/uploads\/2017\/02\/Portaria_CNJ_01-2017.pdf\">Portaria n\u00ba 01, de 09 de janeiro de 2017<\/a>, da Colenda Corregedoria Nacional de Justi\u00e7a.<\/p>\n<p style=\"text-align: justify;\">O Desembargador Ronaldo Gon\u00e7alves de Sousa, Corregedor local, adotou <a href=\"https:\/\/www.tjes.jus.br\/corregedoria\/wp-content\/uploads\/2017\/02\/Decisao_CNJ_assinada_Corregedor.pdf\">provid\u00eancias (clique aqui)<\/a>\u00a0em fun\u00e7\u00e3o da mencionada inspe\u00e7\u00e3o, notadamente em rela\u00e7\u00e3o aos magistrados, servidores e serventu\u00e1rios dos cart\u00f3rios extrajudiciais.<\/p>\n","protected":false},"excerpt":{"rendered":"<p>O Excelent\u00edssimo Corregedor Nacional de Justi\u00e7a, Ministro Jo\u00e3o Ot\u00e1vio de Noronha, determinou a \u201cinstaura\u00e7\u00e3o de inspe\u00e7\u00e3o nos setores administrativos e judiciais da Justi\u00e7a Comum Estadual, de 1\u00ba e 2\u00ba graus de jurisdi\u00e7\u00e3o, do Tribunal de Justi\u00e7a do Estado do Esp\u00edrito Santo e Serventias Extrajudiciais do Estado do Esp\u00edrito Santo\u201d, no per\u00edodo de 20 a 24 [&hellip;]<\/p>\n","protected":false},"author":3,"featured_media":11026,"comment_status":"open","ping_status":"open","sticky":false,"template":"","format":"standard","meta":{"footnotes":""},"categories":[1],"tags":[],"_links":{"self":[{"href":"https:\/\/www.tjes.jus.br\/corregedoria\/wp-json\/wp\/v2\/posts\/11015"}],"collection":[{"href":"https:\/\/www.tjes.jus.br\/corregedoria\/wp-json\/wp\/v2\/posts"}],"about":[{"href":"https:\/\/www.tjes.jus.br\/corregedoria\/wp-json\/wp\/v2\/types\/post"}],"author":[{"embeddable":true,"href":"https:\/\/www.tjes.jus.br\/corregedoria\/wp-json\/wp\/v2\/users\/3"}],"replies":[{"embeddable":true,"href":"https:\/\/www.tjes.jus.br\/corregedoria\/wp-json\/wp\/v2\/comments?post=11015"}],"version-history":[{"count":5,"href":"https:\/\/www.tjes.jus.br\/corregedoria\/wp-json\/wp\/v2\/posts\/11015\/revisions"}],"predecessor-version":[{"id":11028,"href":"https:\/\/www.tjes.jus.br\/corregedoria\/wp-json\/wp\/v2\/posts\/11015\/revisions\/11028"}],"wp:featuredmedia":[{"embeddable":true,"href":"https:\/\/www.tjes.jus.br\/corregedoria\/wp-json\/wp\/v2\/media\/11026"}],"wp:attachment":[{"href":"https:\/\/www.tjes.jus.br\/corregedoria\/wp-json\/wp\/v2\/media?parent=11015"}],"wp:term":[{"taxonomy":"category","embeddable":true,"href":"https:\/\/www.tjes.jus.br\/corregedoria\/wp-json\/wp\/v2\/categories?post=11015"},{"taxonomy":"post_tag","embeddable":true,"href":"https:\/\/www.tjes.jus.br\/corregedoria\/wp-json\/wp\/v2\/tags?post=11015"}],"curies":[{"name":"wp","href":"https:\/\/api.w.org\/{rel}","templated":true}]}}