{"id":11048,"date":"2017-02-08T08:00:22","date_gmt":"2017-02-08T10:00:22","guid":{"rendered":"https:\/\/www.tjes.jus.br\/corregedoria\/?p=11048"},"modified":"2017-02-08T08:46:42","modified_gmt":"2017-02-08T10:46:42","slug":"comunicado-suspensao-do-expediente-dos-servicos-extrajudiciais-e-da-cgj-no-dia-08022017","status":"publish","type":"post","link":"https:\/\/www.tjes.jus.br\/corregedoria\/2017\/02\/08\/comunicado-suspensao-do-expediente-dos-servicos-extrajudiciais-e-da-cgj-no-dia-08022017\/","title":{"rendered":"Comunicado: Suspens\u00e3o do Expediente dos Servi\u00e7os Extrajudiciais e da CGJ no dia 08\/02\/2017"},"content":{"rendered":"<table>\n<tbody>\n<tr>\n<td>\n<p class=\"gmail_msg\" style=\"text-align: center;\"><strong>ATEN\u00c7\u00c3O<\/strong><\/p>\n<p class=\"gmail_msg\" style=\"text-align: center;\"><strong>SUSPENS\u00c3O DO EXPEDIENTE DOS SERVI\u00c7OS EXTRAJUDICIAIS<\/strong><\/p>\n<p class=\"gmail_msg\" style=\"text-align: justify;\">Devido a perman\u00eancia dos fatos relacionados \u00e0 seguran\u00e7a p\u00fablica estadual, amplamente divulgados, o Corregedor Geral da Justi\u00e7a do Estado do Esp\u00edrito Santo, Desembargador Ronaldo Gon\u00e7alves de Sousa,<strong> autorizou a suspens\u00e3o do expediente na data de hoje, 08\/02, no que se refere \u00e0s serventias extrajudiciais localizadas em Vit\u00f3ria, Vila Velha, Serra, Cariacica e Viana<\/strong>. Oportunamente, tal suspens\u00e3o ser\u00e1 devidamente formalizada por ato da Corregedoria.<\/p>\n<p class=\"gmail_msg\" style=\"text-align: justify;\">Com rela\u00e7\u00e3o \u00e0s demais Comarcas, fica <strong>facultada<\/strong> a provid\u00eancia de suspens\u00e3o do expediente das serventias extrajudiciais, considerando as circunst\u00e2ncias locais.<\/p>\n<p class=\"gmail_msg\" style=\"text-align: justify;\">Apesar da ado\u00e7\u00e3o\u00a0de suspens\u00e3o do expediente, no que se refere ao <strong>Servi\u00e7o de Registro Civil de Pessoas Naturais<\/strong>, dever\u00e1 ser necessariamente observado o <strong>sistema de plant\u00e3o<\/strong>, com carga hor\u00e1ria m\u00ednima de 06h (seis horas). Para o fiel cumprimento, mesmo com a serventia fechada, dever\u00e1 ser afixado <strong>aviso<\/strong> vis\u00edvel ao p\u00fablico acerca do regime de plant\u00e3o, indicando, de forma precisa, o hor\u00e1rio de atendimento e o meio para localiza\u00e7\u00e3o do oficial respons\u00e1vel.<\/p>\n<\/td>\n<\/tr>\n<tr>\n<td>\n<p class=\"gmail_msg\" style=\"text-align: center;\"><strong>ATEN\u00c7\u00c3O<\/strong><\/p>\n<p class=\"gmail_msg\" style=\"text-align: center;\"><strong>SUSPENS\u00c3O DO EXPEDIENTE DA CORREGEDORIA GERAL DA JUSTI\u00c7A<\/strong><\/p>\n<p class=\"gmail_msg\" style=\"text-align: justify;\">O Corregedor Geral da Justi\u00e7a, Desembargador Ronaldo Gon\u00e7alves de Sousa,<strong class=\"gmail_msg\"> autorizou a suspens\u00e3o do expediente na sede da Corregedoria Geral da Justi\u00e7a<\/strong>,<strong class=\"gmail_msg\">\u00a0na data de hoje, 08\/02<\/strong>. A mesma provid\u00eancia foi adotada pelo Excelent\u00edssimo Senhor Presidente do Egr\u00e9gio Tribunal de Justi\u00e7a do Estado do Esp\u00edrito Santo, Desembargador Annibal de Rezende Lima.<\/p>\n<p class=\"gmail_msg\" style=\"text-align: center;\">\n<\/td>\n<\/tr>\n<\/tbody>\n<\/table>\n<p class=\"gmail_msg\" style=\"text-align: center;\">Vit\u00f3ria, 08 de fevereiro de 2017.<\/p>\n<p class=\"gmail_msg\" style=\"text-align: center;\"><strong>Des. Ronaldo Gon\u00e7alves de Sousa<\/strong><br \/>\n<strong>Corregedor Geral da Justi\u00e7a<\/strong><\/p>\n","protected":false},"excerpt":{"rendered":"<p>ATEN\u00c7\u00c3O SUSPENS\u00c3O DO EXPEDIENTE DOS SERVI\u00c7OS EXTRAJUDICIAIS Devido a perman\u00eancia dos fatos relacionados \u00e0 seguran\u00e7a p\u00fablica estadual, amplamente divulgados, o Corregedor Geral da Justi\u00e7a do Estado do Esp\u00edrito Santo, Desembargador Ronaldo Gon\u00e7alves de Sousa, autorizou a suspens\u00e3o do expediente na data de hoje, 08\/02, no que se refere \u00e0s serventias extrajudiciais localizadas em Vit\u00f3ria, Vila [&hellip;]<\/p>\n","protected":false},"author":3,"featured_media":11052,"comment_status":"open","ping_status":"open","sticky":false,"template":"","format":"standard","meta":{"footnotes":""},"categories":[1],"tags":[],"_links":{"self":[{"href":"https:\/\/www.tjes.jus.br\/corregedoria\/wp-json\/wp\/v2\/posts\/11048"}],"collection":[{"href":"https:\/\/www.tjes.jus.br\/corregedoria\/wp-json\/wp\/v2\/posts"}],"about":[{"href":"https:\/\/www.tjes.jus.br\/corregedoria\/wp-json\/wp\/v2\/types\/post"}],"author":[{"embeddable":true,"href":"https:\/\/www.tjes.jus.br\/corregedoria\/wp-json\/wp\/v2\/users\/3"}],"replies":[{"embeddable":true,"href":"https:\/\/www.tjes.jus.br\/corregedoria\/wp-json\/wp\/v2\/comments?post=11048"}],"version-history":[{"count":3,"href":"https:\/\/www.tjes.jus.br\/corregedoria\/wp-json\/wp\/v2\/posts\/11048\/revisions"}],"predecessor-version":[{"id":11055,"href":"https:\/\/www.tjes.jus.br\/corregedoria\/wp-json\/wp\/v2\/posts\/11048\/revisions\/11055"}],"wp:featuredmedia":[{"embeddable":true,"href":"https:\/\/www.tjes.jus.br\/corregedoria\/wp-json\/wp\/v2\/media\/11052"}],"wp:attachment":[{"href":"https:\/\/www.tjes.jus.br\/corregedoria\/wp-json\/wp\/v2\/media?parent=11048"}],"wp:term":[{"taxonomy":"category","embeddable":true,"href":"https:\/\/www.tjes.jus.br\/corregedoria\/wp-json\/wp\/v2\/categories?post=11048"},{"taxonomy":"post_tag","embeddable":true,"href":"https:\/\/www.tjes.jus.br\/corregedoria\/wp-json\/wp\/v2\/tags?post=11048"}],"curies":[{"name":"wp","href":"https:\/\/api.w.org\/{rel}","templated":true}]}}