{"id":11072,"date":"2017-02-12T17:29:18","date_gmt":"2017-02-12T19:29:18","guid":{"rendered":"https:\/\/www.tjes.jus.br\/corregedoria\/?p=11072"},"modified":"2017-02-12T19:25:09","modified_gmt":"2017-02-12T21:25:09","slug":"comunicado-expediente","status":"publish","type":"post","link":"https:\/\/www.tjes.jus.br\/corregedoria\/2017\/02\/12\/comunicado-expediente\/","title":{"rendered":"Comunicado: Retorno do Expediente nesta segunda (13\/02)"},"content":{"rendered":"<table>\n<tbody>\n<tr>\n<td>\n<p class=\"gmail_msg\" style=\"text-align: center;\"><strong>ATEN\u00c7\u00c3O<\/strong><\/p>\n<p class=\"gmail_msg\" style=\"text-align: center;\"><strong>RETORNO DO EXPEDIENTE DOS SERVI\u00c7OS EXTRAJUDICIAIS<\/strong><\/p>\n<p class=\"gmail_msg\" style=\"text-align: justify;\">A Corregedoria Geral da Justi\u00e7a do Estado do Esp\u00edrito Santo comunica que a <strong>partir do dia 13\/02\/2017 haver\u00e1 expediente nas serventias extrajudiciais do Estado<\/strong>. Informa ainda que, <strong>excepcionalmente, nesta segunda-feira, o funcionamento ser\u00e1 das 9 \u00e0s 16 horas, sem preju\u00edzo de novas delibera\u00e7\u00f5es no decorrer do dia, diante da realidade que se apresentar<\/strong>. Oportunamente, o hor\u00e1rio diferenciado ser\u00e1 devidamente formalizado por ato da Corregedoria.<\/p>\n<\/td>\n<\/tr>\n<tr>\n<td>\n<p class=\"gmail_msg\" style=\"text-align: center;\"><strong>ATEN\u00c7\u00c3O<\/strong><\/p>\n<p class=\"gmail_msg\" style=\"text-align: center;\"><strong>RETORNO DO EXPEDIENTE DA CORREGEDORIA GERAL DA JUSTI\u00c7A<\/strong><\/p>\n<p class=\"gmail_msg\" style=\"text-align: justify;\">O Corregedor Geral da Justi\u00e7a, Desembargador Ronaldo Gon\u00e7alves de Sousa, <strong>comunica que a partir do dia 13\/02\/2017, o expediente na sede da Corregedoria Geral da Justi\u00e7a voltar\u00e1 ao normal e, excepcionalmente, nesta segunda-feira (13\/02) se encerrar\u00e1 \u00e0s 16 horas, sem preju\u00edzo de novas delibera\u00e7\u00f5es no decorrer do dia, diante da realidade que se apresentar<\/strong>. A mesma provid\u00eancia foi adotada pelo Excelent\u00edssimo Senhor Presidente do Egr\u00e9gio Tribunal de Justi\u00e7a do Estado do Esp\u00edrito Santo, Desembargador Annibal de Rezende Lima.<\/p>\n<\/td>\n<\/tr>\n<\/tbody>\n<\/table>\n<p class=\"gmail_msg\" style=\"text-align: center;\">Vit\u00f3ria, 12 de fevereiro de 2017.<\/p>\n<p class=\"gmail_msg\" style=\"text-align: center;\"><strong>Des. Ronaldo Gon\u00e7alves de Sousa<\/strong><br \/>\n<strong>Corregedor Geral da Justi\u00e7a<\/strong><\/p>\n","protected":false},"excerpt":{"rendered":"<p>ATEN\u00c7\u00c3O RETORNO DO EXPEDIENTE DOS SERVI\u00c7OS EXTRAJUDICIAIS A Corregedoria Geral da Justi\u00e7a do Estado do Esp\u00edrito Santo comunica que a partir do dia 13\/02\/2017 haver\u00e1 expediente nas serventias extrajudiciais do Estado. Informa ainda que, excepcionalmente, nesta segunda-feira, o funcionamento ser\u00e1 das 9 \u00e0s 16 horas, sem preju\u00edzo de novas delibera\u00e7\u00f5es no decorrer do dia, diante [&hellip;]<\/p>\n","protected":false},"author":3,"featured_media":11075,"comment_status":"open","ping_status":"open","sticky":false,"template":"","format":"standard","meta":{"footnotes":""},"categories":[1],"tags":[],"_links":{"self":[{"href":"https:\/\/www.tjes.jus.br\/corregedoria\/wp-json\/wp\/v2\/posts\/11072"}],"collection":[{"href":"https:\/\/www.tjes.jus.br\/corregedoria\/wp-json\/wp\/v2\/posts"}],"about":[{"href":"https:\/\/www.tjes.jus.br\/corregedoria\/wp-json\/wp\/v2\/types\/post"}],"author":[{"embeddable":true,"href":"https:\/\/www.tjes.jus.br\/corregedoria\/wp-json\/wp\/v2\/users\/3"}],"replies":[{"embeddable":true,"href":"https:\/\/www.tjes.jus.br\/corregedoria\/wp-json\/wp\/v2\/comments?post=11072"}],"version-history":[{"count":3,"href":"https:\/\/www.tjes.jus.br\/corregedoria\/wp-json\/wp\/v2\/posts\/11072\/revisions"}],"predecessor-version":[{"id":11076,"href":"https:\/\/www.tjes.jus.br\/corregedoria\/wp-json\/wp\/v2\/posts\/11072\/revisions\/11076"}],"wp:featuredmedia":[{"embeddable":true,"href":"https:\/\/www.tjes.jus.br\/corregedoria\/wp-json\/wp\/v2\/media\/11075"}],"wp:attachment":[{"href":"https:\/\/www.tjes.jus.br\/corregedoria\/wp-json\/wp\/v2\/media?parent=11072"}],"wp:term":[{"taxonomy":"category","embeddable":true,"href":"https:\/\/www.tjes.jus.br\/corregedoria\/wp-json\/wp\/v2\/categories?post=11072"},{"taxonomy":"post_tag","embeddable":true,"href":"https:\/\/www.tjes.jus.br\/corregedoria\/wp-json\/wp\/v2\/tags?post=11072"}],"curies":[{"name":"wp","href":"https:\/\/api.w.org\/{rel}","templated":true}]}}