{"id":11149,"date":"2017-02-14T15:01:04","date_gmt":"2017-02-14T17:01:04","guid":{"rendered":"https:\/\/www.tjes.jus.br\/corregedoria\/?p=11149"},"modified":"2017-02-24T16:35:11","modified_gmt":"2017-02-24T19:35:11","slug":"resolucao-no-242009-publ-em-24092009-alterada","status":"publish","type":"post","link":"https:\/\/www.tjes.jus.br\/corregedoria\/2017\/02\/14\/resolucao-no-242009-publ-em-24092009-alterada\/","title":{"rendered":"RESOLU\u00c7\u00c3O N\u00ba 24\/2009 &#8211; PUBL. EM 24\/09\/2009 &#8211; ALTERADA"},"content":{"rendered":"<p style=\"text-align: center;\"><strong>ESTADO DO ESP\u00cdRITO SANTO<\/strong><\/p>\n<p style=\"text-align: center;\"><strong>PODER JUDICI\u00c1RIO<\/strong><\/p>\n<p style=\"text-align: center;\"><strong>TRIBUNAL DE JUSTI\u00c7A<\/strong><\/p>\n<p style=\"text-align: center;\"><strong>Gabinete da Presid\u00eancia<\/strong><\/p>\n<p style=\"text-align: center;\"><strong>RESOLU\u00c7\u00c3O N\u00ba 24\/2009<\/strong><\/p>\n<p style=\"text-align: justify;\"><strong><em>Institui a Central de Concilia\u00e7\u00e3o de Precat\u00f3rios no Tribunal de Justi\u00e7a do Estado do Esp\u00edrito Santo.<\/em><\/strong><\/p>\n<p style=\"text-align: justify;\">O PLENO DO EGR\u00c9GIO TRIBUNAL DE JUSTI\u00c7A DO ESTADO DO ESP\u00cdRITO SANTO, no uso das atribui\u00e7\u00f5es que lhe confere o art. 18, inciso II, da Lei Complementar n\u00ba 234, de 18 de abril de 2002,<\/p>\n<p style=\"text-align: justify;\"><strong>CONSIDERANDO<\/strong> ser miss\u00e3o do Poder Judici\u00e1rio a entrega da presta\u00e7\u00e3o jurisdicional de maneira c\u00e9lere e concreta, sob a constata\u00e7\u00e3o de que n\u00e3o basta \u00e0 parte vencedora ter apenas uma senten\u00e7a reconhecendo seu direito, sem que este se realize efetivamente;<\/p>\n<p style=\"text-align: justify;\"><strong>CONSIDERANDO<\/strong> o acervo de aproximadamente 740 (setecentos e quarenta) precat\u00f3rios registrados perante este Tribunal de Justi\u00e7a, pendentes de pagamentos, alguns processados h\u00e1 mais de 20 (vinte) anos sem a satisfa\u00e7\u00e3o dos direitos neles reconhecidos, situa\u00e7\u00e3o que abala e corr\u00f3i profundamente a credibilidade do Poder judici\u00e1rio e dos Demais poderes estatais;<\/p>\n<p style=\"text-align: justify;\"><strong>CONSIDERANDO<\/strong> que, para debelar esta situa\u00e7\u00e3o de hist\u00f3rica passividade estatal, a Presid\u00eancia deste Tribunal de Justi\u00e7a, com o engajamento dos eminentes Desembargadores, vem empreendendo todos os esfor\u00e7os visando ao \u00eaxito na formula\u00e7\u00e3o de vias que possibilitem a quita\u00e7\u00e3o dos precat\u00f3rios, apesar do not\u00f3rio quadro de dificuldades que permeia a mat\u00e9ria;<\/p>\n<p style=\"text-align: justify;\"><strong>CONSIDERANDO<\/strong> a receptividade dessa iniciativa perante o Poder Executivo, requerimentos e sugest\u00f5es formulados pelo Procurador-Geral do Estado, bem como encontros realizados com OAB, atrav\u00e9s de sua Comiss\u00e3o de Precat\u00f3rios, visando \u00e0 cria\u00e7\u00e3o de uma \u201cCentral de Concilia\u00e7\u00e3o de Precat\u00f3rios\u201d neste Tribunal de Justi\u00e7a, requerimento igualmente formulado por in\u00fameros credores mediante cartas e formula\u00e7\u00f5es verbais nesse sentido;<\/p>\n<p style=\"text-align: justify;\"><strong>CONSIDERANDO<\/strong> o sucesso de iniciativa semelhante implementada pelo Tribunal Regional do Trabalho da 3\u00aa Regi\u00e3o e pelos Tribunais de Justi\u00e7a dos Estados de Minas Gerais, Rio Grande do Sul e Mato Grosso;<\/p>\n<p style=\"text-align: justify;\"><strong>CONSIDERANDO<\/strong>, finalmente, a decis\u00e3o Plen\u00e1ria em Sess\u00e3o realizada no dia 22 de setembro de 2009.<\/p>\n<p style=\"text-align: justify;\"><strong>RESOLVE:<\/strong><\/p>\n<p style=\"text-align: justify;\"><strong>Art. 1<\/strong>\u00ba Fica institu\u00edda a \u201cCentral de Concilia\u00e7\u00e3o de Precat\u00f3rios\u201d, \u00f3rg\u00e3o vinculado \u00e0 Presid\u00eancia deste Tribunal, com o escopo de facilitar e intermediar as composi\u00e7\u00f5es amig\u00e1veis entre as partes, visando ao pagamento, \u00e0 atualiza\u00e7\u00e3o dos valores a serem pagos e outras quest\u00f5es que possam ser objeto de acordo.<\/p>\n<p style=\"text-align: justify;\"><del><strong>Art. 2\u00ba<\/strong> A Central de Concilia\u00e7\u00e3o de Precat\u00f3rios, funcionar\u00e1 sob a coordena\u00e7\u00e3o de um Desembargador Coordenador, designado pelo Tribunal Pleno, e contar\u00e1 com, pelo menos, um Juiz Conciliador e tr\u00eas servidores respons\u00e1veis, respectivamente, pelas fun\u00e7\u00f5es de secretaria, de especialista em c\u00e1lculos e de apoio administrativo.<\/del><\/p>\n<p style=\"text-align: justify;\">Art. 2\u00ba A Central de Concilia\u00e7\u00e3o de Precat\u00f3rios funcionar\u00e1 sob a coordena\u00e7\u00e3o do Juiz Auxiliar de Precat\u00f3rios da Presid\u00eancia do E.TJES, designado pela Presid\u00eancia do E.TJES, na forma prevista no par\u00e1grafo 3\u00ba, do artigo 9\u00ba, da Resolu\u00e7\u00e3o CNJ n\u00ba 72\/2009, com a reda\u00e7\u00e3o conferida pela Resolu\u00e7\u00e3o CNJ n\u00ba 149\/2012, atendendo \u00e0 Recomenda\u00e7\u00e3o CNJ n\u00ba 39, de 8 de junho de 2012. <strong>(Alterado pela <a href=\"https:\/\/www.tjes.jus.br\/corregedoria\/index.php\/2016\/07\/05\/resolucao-no-032014-disp-29012014\/\" target=\"_blank\">Resolu\u00e7\u00e3o n\u00ba 03\/2014<\/a>, disponibilizada em 29\/01\/2014)<\/strong><\/p>\n<p style=\"text-align: justify;\"><del>\u00a7 1\u00ba. As concilia\u00e7\u00f5es ser\u00e3o mediadas por Juiz Conciliador, designado pelo Presidente do Tribunal de Justi\u00e7a.<\/del><\/p>\n<p style=\"text-align: justify;\">\u00a7 1\u00ba O Juiz Auxiliar de Precat\u00f3rios da Presid\u00eancia do E.TJES tamb\u00e9m exercer\u00e1 a fun\u00e7\u00e3o de Juiz Conciliador, respons\u00e1vel pela realiza\u00e7\u00e3o das concilia\u00e7\u00f5es, podendo contar com a colabora\u00e7\u00e3o de outros Magistrados para atuarem como Ju\u00edzes Conciliadores, designados pela Presid\u00eancia do E.TJES; <strong>(Alterado pela <a href=\"https:\/\/www.tjes.jus.br\/corregedoria\/index.php\/2016\/07\/05\/resolucao-no-032014-disp-29012014\/\" target=\"_blank\">Resolu\u00e7\u00e3o n\u00ba 03\/2014<\/a>, disponibilizada em 29\/01\/2014)<\/strong><\/p>\n<p style=\"text-align: justify;\"><del>\u00a7 2\u00ba. A Coordenadoria de Precat\u00f3rios deste Tribunal prestar\u00e1 todo o apoio necess\u00e1rio ao regular funcionamento da Central de Concilia\u00e7\u00e3o de Precat\u00f3rios.<\/del><\/p>\n<p style=\"text-align: justify;\">\u00a7 2\u00ba A Central de Concilia\u00e7\u00e3o de Precat\u00f3rios contar\u00e1 com o apoio dos servidores da Assessoria de Precat\u00f3rios, respons\u00e1veis pelas fun\u00e7\u00f5es de secretaria, c\u00e1lculos e administra\u00e7\u00e3o, necess\u00e1rias ao regular funcionamento da Central. <strong>(Alterado pela <a href=\"https:\/\/www.tjes.jus.br\/corregedoria\/index.php\/2016\/07\/05\/resolucao-no-032014-disp-29012014\/\" target=\"_blank\">Resolu\u00e7\u00e3o n\u00ba 03\/2014<\/a>, disponibilizada em 29\/01\/2014)<\/strong><\/p>\n<p style=\"text-align: justify;\"><strong>Art. 3\u00ba.<\/strong> A Central de Concilia\u00e7\u00e3o de Precat\u00f3rios, institu\u00edda por esta Resolu\u00e7\u00e3o, ser\u00e1 implantada mediante Portaria do Presidente do Tribunal de Justi\u00e7a, da qual constar\u00e3o as normas, os procedimentos e a estrutura a serem adotadas para o seu funcionamento.<\/p>\n<p style=\"text-align: justify;\">Par\u00e1grafo \u00fanico. O Presidente do Tribunal de Justi\u00e7a expedir\u00e1 ato, se necess\u00e1rio, regulamentando o funcionamento da Central de Concilia\u00e7\u00e3o de Precat\u00f3rios.<\/p>\n<p style=\"text-align: justify;\"><strong>Art. 4\u00ba<\/strong>. Os credores ser\u00e3o convocados exclusivamente na ordem cronol\u00f3gica de apresenta\u00e7\u00e3o dos precat\u00f3rios exig\u00edveis, entendidos como tais aqueles sobre os quais n\u00e3o penda mais discuss\u00e3o judicial, nos termos do art. 100 da Constitui\u00e7\u00e3o Federal.<\/p>\n<p style=\"text-align: justify;\">Par\u00e1grafo \u00fanico. A n\u00e3o aceita\u00e7\u00e3o da concilia\u00e7\u00e3o far\u00e1 com que o precat\u00f3rio permane\u00e7a na sua ordem cronol\u00f3gica.<\/p>\n<p style=\"text-align: justify;\"><strong>Art. 5\u00ba<\/strong>. Ter\u00e3o prefer\u00eancia os cr\u00e9ditos de natureza alimentar compreendidos aqueles decorrentes de sal\u00e1rios, vencimentos, proventos, pens\u00f5es e suas complementa\u00e7\u00f5es, benef\u00edcios previdenci\u00e1rios e indeniza\u00e7\u00f5es por morte ou invalidez, fundadas na responsabilidade civil, em virtude de senten\u00e7a transitada em julgado, na forma prevista no art. 100 e no \u00a7 1\u00ba- A da Constitui\u00e7\u00e3o Federal.<\/p>\n<p style=\"text-align: justify;\"><strong>Art. 6\u00ba<\/strong>. Esta Resolu\u00e7\u00e3o entrar\u00e1 em vigor na data de sua publica\u00e7\u00e3o.<\/p>\n<p style=\"text-align: justify;\"><strong>Art. 7\u00ba<\/strong>. Revogam-se as disposi\u00e7\u00f5es em contr\u00e1rio.<\/p>\n<p style=\"text-align: justify;\"><strong>PUBLIQUE-SE. CUMPRA-SE.<\/strong><\/p>\n<p style=\"text-align: justify;\">Vit\u00f3ria, 21 de setembro de 2009.<\/p>\n<p style=\"text-align: center;\"><strong>Desembargador \u00c1LVARO MANOEL ROSINDO BOURGUIGNON<br \/>\nPresidente em Exerc\u00edcio<\/strong><\/p>\n<h2 style=\"text-align: center;\"><span style=\"color: #ff0000;\">ALTERADA PELA <\/span><a href=\"https:\/\/www.tjes.jus.br\/corregedoria\/index.php\/2016\/07\/05\/resolucao-no-032014-disp-29012014\/\" target=\"_blank\">RESOLU\u00c7\u00c3O N\u00ba 003\/2014<\/a><span style=\"color: #ff0000;\"> \u2013 DISP. 29\/01\/2014<\/span><\/h2>\n","protected":false},"excerpt":{"rendered":"<p>ESTADO DO ESP\u00cdRITO SANTO PODER JUDICI\u00c1RIO TRIBUNAL DE JUSTI\u00c7A Gabinete da Presid\u00eancia RESOLU\u00c7\u00c3O N\u00ba 24\/2009 Institui a Central de Concilia\u00e7\u00e3o de Precat\u00f3rios no Tribunal de Justi\u00e7a do Estado do Esp\u00edrito Santo. O PLENO DO EGR\u00c9GIO TRIBUNAL DE JUSTI\u00c7A DO ESTADO DO ESP\u00cdRITO SANTO, no uso das atribui\u00e7\u00f5es que lhe confere o art. 18, inciso II, [&hellip;]<\/p>\n","protected":false},"author":3,"featured_media":0,"comment_status":"open","ping_status":"open","sticky":false,"template":"","format":"standard","meta":{"footnotes":""},"categories":[14,13],"tags":[],"_links":{"self":[{"href":"https:\/\/www.tjes.jus.br\/corregedoria\/wp-json\/wp\/v2\/posts\/11149"}],"collection":[{"href":"https:\/\/www.tjes.jus.br\/corregedoria\/wp-json\/wp\/v2\/posts"}],"about":[{"href":"https:\/\/www.tjes.jus.br\/corregedoria\/wp-json\/wp\/v2\/types\/post"}],"author":[{"embeddable":true,"href":"https:\/\/www.tjes.jus.br\/corregedoria\/wp-json\/wp\/v2\/users\/3"}],"replies":[{"embeddable":true,"href":"https:\/\/www.tjes.jus.br\/corregedoria\/wp-json\/wp\/v2\/comments?post=11149"}],"version-history":[{"count":3,"href":"https:\/\/www.tjes.jus.br\/corregedoria\/wp-json\/wp\/v2\/posts\/11149\/revisions"}],"predecessor-version":[{"id":12273,"href":"https:\/\/www.tjes.jus.br\/corregedoria\/wp-json\/wp\/v2\/posts\/11149\/revisions\/12273"}],"wp:attachment":[{"href":"https:\/\/www.tjes.jus.br\/corregedoria\/wp-json\/wp\/v2\/media?parent=11149"}],"wp:term":[{"taxonomy":"category","embeddable":true,"href":"https:\/\/www.tjes.jus.br\/corregedoria\/wp-json\/wp\/v2\/categories?post=11149"},{"taxonomy":"post_tag","embeddable":true,"href":"https:\/\/www.tjes.jus.br\/corregedoria\/wp-json\/wp\/v2\/tags?post=11149"}],"curies":[{"name":"wp","href":"https:\/\/api.w.org\/{rel}","templated":true}]}}