{"id":11395,"date":"2017-02-15T16:06:35","date_gmt":"2017-02-15T18:06:35","guid":{"rendered":"https:\/\/www.tjes.jus.br\/corregedoria\/?p=11395"},"modified":"2017-02-15T16:06:35","modified_gmt":"2017-02-15T18:06:35","slug":"resolucao-no-432010-publ-em-17082010","status":"publish","type":"post","link":"https:\/\/www.tjes.jus.br\/corregedoria\/2017\/02\/15\/resolucao-no-432010-publ-em-17082010\/","title":{"rendered":"RESOLU\u00c7\u00c3O N\u00ba 43\/2010 &#8211; PUBL. EM 17\/08\/2010"},"content":{"rendered":"<p style=\"text-align: center;\"><strong>PODER JUDICI\u00c1RIO DO ESTADO DO ESP\u00cdRITO SANTO<\/strong><\/p>\n<p style=\"text-align: center;\"><strong>TRIBUNAL DE JUSTI\u00c7A<\/strong><\/p>\n<p style=\"text-align: center;\"><strong>RESOLU\u00c7\u00c3O N\u00ba 43\/2010<\/strong><\/p>\n<p style=\"text-align: justify;\"><em><strong>D\u00e1 nova reda\u00e7\u00e3o ao artigo 2\u00ba e acrescenta o par\u00e1grafo \u00fanico ao artigo 6\u00ba da Resolu\u00e7\u00e3o TJ\/ES no 40\/2010.<\/strong><\/em><\/p>\n<p style=\"text-align: justify;\">O PRESIDENTE EM EXERC\u00cdCIO DO TRIBUNAL DE JUSTI\u00c7A DO ESTADO DO ESP\u00cdRITO SANTO, no uso de suas atribui\u00e7\u00f5es legais e, tendo em vista decis\u00e3o un\u00e2nime do Egr\u00e9gio Tribunal Pleno, em sess\u00e3o ordin\u00e1ria realizada nesta data,<\/p>\n<p style=\"text-align: justify;\"><strong>CONSIDERANDO<\/strong> que a <a href=\"https:\/\/www.tjes.jus.br\/corregedoria\/index.php\/2017\/02\/15\/resolucao-no-402010-publ-em-23072010-alterada\/\" target=\"_blank\">Resolu\u00e7\u00e3o n\u00ba 040\/2010<\/a>, do Egr\u00e9gio Tribunal Pleno, disp\u00f5e sobre a implanta\u00e7\u00e3o do sistema de prioriza\u00e7\u00e3o de obras do Poder Judici\u00e1rio;<\/p>\n<p style=\"text-align: justify;\"><strong>CONSIDERANDO<\/strong> a necessidade de adequa\u00e7\u00e3o da <a href=\"https:\/\/www.tjes.jus.br\/corregedoria\/index.php\/2017\/02\/15\/resolucao-no-402010-publ-em-23072010-alterada\/\">Resolu\u00e7\u00e3o TJ\/ES n\u00ba 40\/2010<\/a>, publicada no Di\u00e1rio de Justi\u00e7a nos dias 23 e 26 de julho de 2010;<\/p>\n<p style=\"text-align: justify;\"><strong>CONSIDERANDO<\/strong> a necessidade de se estipular prazo para a elabora\u00e7\u00e3o do plano de obras deste Tribunal;<\/p>\n<p style=\"text-align: justify;\"><strong>CONSIDERANDO<\/strong> o disposto no <a href=\"https:\/\/www.tjes.jus.br\/corregedoria\/index.php\/2017\/02\/15\/resolucao-no-402010-publ-em-23072010-alterada\/\">artigo 7\u00ba da Resolu\u00e7\u00e3o TJ\/ES n\u00ba 40\/2010<\/a> que prev\u00ea a revis\u00e3o da Resolu\u00e7\u00e3o quando necess\u00e1ria;<\/p>\n<p style=\"text-align: justify;\"><strong>RESOLVE<\/strong>:<\/p>\n<p style=\"text-align: justify;\"><strong>Art. 1\u00ba<\/strong> O <a href=\"https:\/\/www.tjes.jus.br\/corregedoria\/index.php\/2017\/02\/15\/resolucao-no-402010-publ-em-23072010-alterada\/\">artigo 2\u00ba da Resolu\u00e7\u00e3o TJ\/ES n\u00ba 040\/2010 de 23 de julho de 2010<\/a>, passa a vigorar com a seguinte reda\u00e7\u00e3o:<\/p>\n<p style=\"text-align: justify; padding-left: 30px;\">\u201cArt. 2\u00ba O desenvolvimento do Sistema de Avalia\u00e7\u00e3o e Prioriza\u00e7\u00e3o de Obras ser\u00e1 realizado por meio de inspe\u00e7\u00e3o predial, que consiste na an\u00e1lise isolada ou combinada das condi\u00e7\u00f5es t\u00e9cnicas, de uso e de manuten\u00e7\u00e3o da edifica\u00e7\u00e3o, a qual dever\u00e1 ser realizada por engenheiro, arquiteto ou profissional legalmente habilitado e devidamente registrado no Conselho Regional de Engenharia e Arquitetura (CREA), dentro das respectivas atribui\u00e7\u00f5es profissionais.\u201d<\/p>\n<p style=\"text-align: justify;\"><strong>Art. 2\u00ba<\/strong> Incluir o par\u00e1grafo \u00fanico no <a href=\"https:\/\/www.tjes.jus.br\/corregedoria\/index.php\/2017\/02\/15\/resolucao-no-402010-publ-em-23072010-alterada\/\">artigo 6\u00ba na Resolu\u00e7\u00e3o TJES n\u00ba 40\/2010<\/a>:<\/p>\n<p style=\"text-align: justify; padding-left: 30px;\">\u201d Art. 6\u00ba (\u2026)<br \/>\nPar\u00e1grafo \u00fanico. O plano de obras do Tribunal de Justi\u00e7a do Estado do Esp\u00edrito Santo, composto pela indica\u00e7\u00e3o do grau de prioridade e agrupadas pelo custo total, dever\u00e1 ser encaminhado, no prazo de 120 (cento e vinte) dias, a contar do dia 23 de julho de 2010, \u00e0 Assessoria Econ\u00f4mica da Presid\u00eancia e ao N\u00facleo de Controle Interno, para emiss\u00e3o de parecer t\u00e9cnico, nos termos do \u00a7 5\u00ba do art. 5\u00ba da Resolu\u00e7\u00e3o n\u00ba 114\/2010 do Conselho Nacional de Justi\u00e7a\u201d.<\/p>\n<p style=\"text-align: justify;\"><strong>Art. 3\u00ba<\/strong> Esta Resolu\u00e7\u00e3o entra em vigor na data de sua publica\u00e7\u00e3o.<\/p>\n<p style=\"text-align: justify;\">Vit\u00f3ria, 12 de agosto de 2010.<\/p>\n<p style=\"text-align: center;\"><strong>Desembargador ARNALDO SANTOS SOUZA<br \/>\nPresidente em Exerc\u00edcio do Tribunal de Justi\u00e7a do Estado do Esp\u00edrito Santo<\/strong><\/p>\n","protected":false},"excerpt":{"rendered":"<p>PODER JUDICI\u00c1RIO DO ESTADO DO ESP\u00cdRITO SANTO TRIBUNAL DE JUSTI\u00c7A RESOLU\u00c7\u00c3O N\u00ba 43\/2010 D\u00e1 nova reda\u00e7\u00e3o ao artigo 2\u00ba e acrescenta o par\u00e1grafo \u00fanico ao artigo 6\u00ba da Resolu\u00e7\u00e3o TJ\/ES no 40\/2010. O PRESIDENTE EM EXERC\u00cdCIO DO TRIBUNAL DE JUSTI\u00c7A DO ESTADO DO ESP\u00cdRITO SANTO, no uso de suas atribui\u00e7\u00f5es legais e, tendo em vista [&hellip;]<\/p>\n","protected":false},"author":3,"featured_media":0,"comment_status":"open","ping_status":"open","sticky":false,"template":"","format":"standard","meta":{"footnotes":""},"categories":[14,13],"tags":[],"_links":{"self":[{"href":"https:\/\/www.tjes.jus.br\/corregedoria\/wp-json\/wp\/v2\/posts\/11395"}],"collection":[{"href":"https:\/\/www.tjes.jus.br\/corregedoria\/wp-json\/wp\/v2\/posts"}],"about":[{"href":"https:\/\/www.tjes.jus.br\/corregedoria\/wp-json\/wp\/v2\/types\/post"}],"author":[{"embeddable":true,"href":"https:\/\/www.tjes.jus.br\/corregedoria\/wp-json\/wp\/v2\/users\/3"}],"replies":[{"embeddable":true,"href":"https:\/\/www.tjes.jus.br\/corregedoria\/wp-json\/wp\/v2\/comments?post=11395"}],"version-history":[{"count":1,"href":"https:\/\/www.tjes.jus.br\/corregedoria\/wp-json\/wp\/v2\/posts\/11395\/revisions"}],"predecessor-version":[{"id":11396,"href":"https:\/\/www.tjes.jus.br\/corregedoria\/wp-json\/wp\/v2\/posts\/11395\/revisions\/11396"}],"wp:attachment":[{"href":"https:\/\/www.tjes.jus.br\/corregedoria\/wp-json\/wp\/v2\/media?parent=11395"}],"wp:term":[{"taxonomy":"category","embeddable":true,"href":"https:\/\/www.tjes.jus.br\/corregedoria\/wp-json\/wp\/v2\/categories?post=11395"},{"taxonomy":"post_tag","embeddable":true,"href":"https:\/\/www.tjes.jus.br\/corregedoria\/wp-json\/wp\/v2\/tags?post=11395"}],"curies":[{"name":"wp","href":"https:\/\/api.w.org\/{rel}","templated":true}]}}