{"id":11399,"date":"2017-02-15T16:12:18","date_gmt":"2017-02-15T18:12:18","guid":{"rendered":"https:\/\/www.tjes.jus.br\/corregedoria\/?p=11399"},"modified":"2017-02-15T16:12:18","modified_gmt":"2017-02-15T18:12:18","slug":"resolucao-no-442010-publ-em-20082010","status":"publish","type":"post","link":"https:\/\/www.tjes.jus.br\/corregedoria\/2017\/02\/15\/resolucao-no-442010-publ-em-20082010\/","title":{"rendered":"RESOLU\u00c7\u00c3O N\u00ba 44\/2010 &#8211; PUBL. EM 20\/08\/2010"},"content":{"rendered":"<p style=\"text-align: center;\"><strong>ESTADO DO ESP\u00cdRITO SANTO<\/strong><\/p>\n<p style=\"text-align: center;\"><strong>PODER JUDICI\u00c1RIO<\/strong><\/p>\n<p style=\"text-align: center;\"><strong>TRIBUNAL DE JUSTI\u00c7A<\/strong><\/p>\n<p style=\"text-align: center;\"><strong>GABINETE DA PRESID\u00caNCIA<\/strong><\/p>\n<p style=\"text-align: center;\"><strong>RESOLU\u00c7\u00c3O N\u00ba 44\/2010<\/strong><\/p>\n<p style=\"text-align: justify;\">Disp\u00f5e acerca da jornada de trabalho e o expediente forense no Tribunal de Justi\u00e7a e Comarcas do Estado do Esp\u00edrito Santo. O Exmo. Sr. Desembargador MANOEL ALVES RABELO, Presidente do Egr\u00e9gio Tribunal de Justi\u00e7a do Estado do Esp\u00edrito Santo, no uso de suas atribui\u00e7\u00f5es legais e;<\/p>\n<p style=\"text-align: justify;\"><strong>CONSIDERANDO<\/strong> a decis\u00e3o un\u00e2nime tomada pelo Egr\u00e9gio Tribunal Pleno, em sess\u00e3o realizada em 19\/08\/2010;<\/p>\n<p style=\"text-align: justify;\"><strong>CONSIDERANDO<\/strong> o disposto no artigo 40 da Lei Complementar n\u00ba 234\/2002, alterado pelo artigo 1\u00ba da Lei Complementar Estadual n\u00ba 567\/2010 (publicada no Di\u00e1rio Oficial do Estado do Esp\u00edrito Santo do dia 22 de julho de 2010).<\/p>\n<p style=\"text-align: justify;\"><strong>CONSIDERANDO<\/strong> a necessidade de se regulamentar a jornada de trabalho e o expediente forense no Tribunal de Justi\u00e7a e Comarcas, atendendo \u00e0 diretrizes tra\u00e7adas pelo Conselho Nacional de Justi\u00e7a;<\/p>\n<p style=\"text-align: justify;\"><strong>CONSIDERANDO<\/strong> que a efici\u00eancia operacional e a gest\u00e3o de pessoas s\u00e3o temas estrat\u00e9gicos a serem perseguidos pelo Poder Judici\u00e1rio, a teor da <a href=\"https:\/\/www.tjes.jus.br\/corregedoria\/index.php\/2016\/09\/14\/resolucao-cnj-no-70-de-18032009\/\" target=\"_blank\">Resolu\u00e7\u00e3o n\u00ba 70 do Conselho Nacional de Justi\u00e7a<\/a>, que institucionalizou o Planejamento Estrat\u00e9gico Nacional;<\/p>\n<p style=\"text-align: justify;\"><strong>CONSIDERANDO<\/strong> a necessidade de se otimizar a for\u00e7a de trabalho do Poder Judici\u00e1rio, concentrando as atividades em um expediente \u00fanico de atendimento ao p\u00fablico, gerando, assim, redu\u00e7\u00e3o no consumo de energia, \u00e1gua, papel e telefone.<\/p>\n<p style=\"text-align: justify;\"><strong>CONSIDERANDO<\/strong> a necessidade de se otimizar o uso de m\u00e1quinas e equipamentos, facilitando, assim, o cumprimento da Meta n\u00ba 06 do Conselho Nacional de Justi\u00e7a;<\/p>\n<p style=\"text-align: justify;\"><strong>CONSIDERANDO<\/strong> as altera\u00e7\u00f5es previstas no Plano de Reestrutura\u00e7\u00e3o do Poder Judici\u00e1rio, especialmente no que pertine ao novo hor\u00e1rio de cumprimento de expediente forense no Poder Judici\u00e1rio estadual e a inexist\u00eancia de preju\u00edzo para o atendimento aos advogados e jurisdicionados;<\/p>\n<p style=\"text-align: justify;\"><strong>CONSIDERANDO<\/strong> a necessidade de se atingir a Meta n\u00ba 06 do Conselho Nacional de Justi\u00e7a no \u00e2mbito de todas as instala\u00e7\u00f5es do Poder Judici\u00e1rio deste Estado;<\/p>\n<p style=\"text-align: justify;\"><strong>RESOLVE<\/strong>:<\/p>\n<p style=\"text-align: justify;\"><strong>Artigo 1\u00ba<\/strong> \u2013 O expediente forense no Tribunal de Justi\u00e7a do Estado do Esp\u00edrito Santo, ressalvado o Plant\u00e3o Judici\u00e1rio, ser\u00e1 realizado de 12 (doze) \u00e0s 19 (dezenove) horas, podendo ser prorrogado a crit\u00e9rio da Administra\u00e7\u00e3o.<\/p>\n<p style=\"text-align: justify;\"><strong>Artigo 2\u00ba<\/strong> \u2013 A observ\u00e2ncia do hor\u00e1rio supramencionado n\u00e3o obsta o exerc\u00edcio de atividades internas (sem atendimento ao p\u00fablico) a serem realizadas pelos diversos setores deste Egr\u00e9gio Tribunal, devendo, cada chefia imediata, definir o per\u00edodo de cumprimento da jornada de trabalho de seus servidores, observando-se a jornada legalmente estabelecida (servidores efetivos: 6 horas di\u00e1rias \/ ocupantes de cargo comissionado ou fun\u00e7\u00e3o gratificada: 8 horas \u2013 com pausa para almo\u00e7o ou 7 horas ininterruptas).<\/p>\n<p style=\"text-align: justify;\"><strong>Artigo 3\u00ba<\/strong> \u2013 A Assessoria Especial da Presid\u00eancia funcionar\u00e1 de 10 \u00e0s 19 horas.<\/p>\n<p style=\"text-align: justify;\"><strong>Artigo 4\u00ba<\/strong> \u2013 O expediente forense nas Comarcas da Capital e do Interior ser\u00e1 de 12 \u00e0s 18 horas para atendimento ao p\u00fablico (observado o disposto no artigo 40, \u00a7 5\u00ba da LC n\u00ba 234\/2002, alterada pela LC n\u00ba 567\/2010).<\/p>\n<p style=\"text-align: justify;\">\u00a7 1\u00ba \u2013 A observ\u00e2ncia do hor\u00e1rio supramencionado n\u00e3o obsta o exerc\u00edcio de atividades internas (sem atendimento ao p\u00fablico) a serem realizadas pelos servidores ocupantes de cargo comissionado ou fun\u00e7\u00e3o gratificada, que det\u00e9m jornada de trabalho de 8 (oito) horas \u2013 com pausa para almo\u00e7o ou 7 (sete) horas ininterruptas.<\/p>\n<p style=\"text-align: justify;\">\u00a7 2\u00ba \u2013 Os Juizados Especiais, a crit\u00e9rio da Supervis\u00e3o respectiva, poder\u00e3o funcionar em turnos pela manh\u00e3 e a tarde.<\/p>\n<p style=\"text-align: justify;\">\u00a7 3\u00ba \u2013 Os MM. Ju\u00edzes Diretores do Foro dever\u00e3o zelar para que os Juizados Especiais tenham estrutura e condi\u00e7\u00f5es de trabalho no turno matutino.<\/p>\n<p style=\"text-align: justify;\"><strong>Artigo 5\u00ba<\/strong> \u2013 Esta Resolu\u00e7\u00e3o entra em vigor 30 (trinta) dias ap\u00f3s sua publica\u00e7\u00e3o, devendo esta Egr\u00e9gia Corte dar ampla publicidade atrav\u00e9s do Di\u00e1rio da Justi\u00e7a e dos meios sociais de comunica\u00e7\u00e3o.<\/p>\n<p style=\"text-align: justify;\">Vit\u00f3ria, 19 de agosto de 2010.<\/p>\n<p style=\"text-align: center;\"><strong>Desembargador MANOEL ALVES RABELO<br \/>\nPresidente do Egr\u00e9gio Tribunal de Justi\u00e7a \/ ES<\/strong><\/p>\n","protected":false},"excerpt":{"rendered":"<p>ESTADO DO ESP\u00cdRITO SANTO PODER JUDICI\u00c1RIO TRIBUNAL DE JUSTI\u00c7A GABINETE DA PRESID\u00caNCIA RESOLU\u00c7\u00c3O N\u00ba 44\/2010 Disp\u00f5e acerca da jornada de trabalho e o expediente forense no Tribunal de Justi\u00e7a e Comarcas do Estado do Esp\u00edrito Santo. O Exmo. Sr. Desembargador MANOEL ALVES RABELO, Presidente do Egr\u00e9gio Tribunal de Justi\u00e7a do Estado do Esp\u00edrito Santo, no [&hellip;]<\/p>\n","protected":false},"author":3,"featured_media":0,"comment_status":"open","ping_status":"open","sticky":false,"template":"","format":"standard","meta":{"footnotes":""},"categories":[14,13],"tags":[],"_links":{"self":[{"href":"https:\/\/www.tjes.jus.br\/corregedoria\/wp-json\/wp\/v2\/posts\/11399"}],"collection":[{"href":"https:\/\/www.tjes.jus.br\/corregedoria\/wp-json\/wp\/v2\/posts"}],"about":[{"href":"https:\/\/www.tjes.jus.br\/corregedoria\/wp-json\/wp\/v2\/types\/post"}],"author":[{"embeddable":true,"href":"https:\/\/www.tjes.jus.br\/corregedoria\/wp-json\/wp\/v2\/users\/3"}],"replies":[{"embeddable":true,"href":"https:\/\/www.tjes.jus.br\/corregedoria\/wp-json\/wp\/v2\/comments?post=11399"}],"version-history":[{"count":1,"href":"https:\/\/www.tjes.jus.br\/corregedoria\/wp-json\/wp\/v2\/posts\/11399\/revisions"}],"predecessor-version":[{"id":11400,"href":"https:\/\/www.tjes.jus.br\/corregedoria\/wp-json\/wp\/v2\/posts\/11399\/revisions\/11400"}],"wp:attachment":[{"href":"https:\/\/www.tjes.jus.br\/corregedoria\/wp-json\/wp\/v2\/media?parent=11399"}],"wp:term":[{"taxonomy":"category","embeddable":true,"href":"https:\/\/www.tjes.jus.br\/corregedoria\/wp-json\/wp\/v2\/categories?post=11399"},{"taxonomy":"post_tag","embeddable":true,"href":"https:\/\/www.tjes.jus.br\/corregedoria\/wp-json\/wp\/v2\/tags?post=11399"}],"curies":[{"name":"wp","href":"https:\/\/api.w.org\/{rel}","templated":true}]}}