{"id":11429,"date":"2017-02-15T16:54:27","date_gmt":"2017-02-15T18:54:27","guid":{"rendered":"https:\/\/www.tjes.jus.br\/corregedoria\/?p=11429"},"modified":"2017-02-15T16:54:27","modified_gmt":"2017-02-15T18:54:27","slug":"resolucao-no-532010-publ-em-25102010","status":"publish","type":"post","link":"https:\/\/www.tjes.jus.br\/corregedoria\/2017\/02\/15\/resolucao-no-532010-publ-em-25102010\/","title":{"rendered":"RESOLU\u00c7\u00c3O N\u00ba 53\/2010 &#8211; PUBL. EM 25\/10\/2010"},"content":{"rendered":"<p style=\"text-align: center;\"><strong>PODER JUDICI\u00c1RIO DO ESTADO DO ESP\u00cdRITO SANTO<\/strong><b><\/b><\/p>\n<p style=\"text-align: center;\"><strong>TRIBUNAL DE JUSTI\u00c7A<\/strong><b><\/b><\/p>\n<p style=\"text-align: center;\"><strong>GABINETE DA PRESID\u00caNCIA<\/strong><b><\/b><\/p>\n<p style=\"text-align: center;\"><strong>RESOLU\u00c7\u00c3O N\u00ba 053\/2010<\/strong><\/p>\n<p style=\"margin-bottom: 12pt; text-align: justify;\">O Exm\u00ba. Sr. Desembargador ARNALDO SANTOS SOUZA, Presidente do Egr\u00e9gio Tribunal de Justi\u00e7a do Estado do Esp\u00edrito Santo em exerc\u00edcio, no uso de suas atribui\u00e7\u00f5es legais;<\/p>\n<p style=\"margin-bottom: 12pt; text-align: justify;\"><strong>CONSIDERANDO<\/strong> a decis\u00e3o un\u00e2nime tomada pelo Egr\u00e9gio Tribunal Pleno, em sess\u00e3o realizada em 21\/10\/2010;<\/p>\n<p style=\"margin-bottom: 12pt; text-align: justify;\"><strong>CONSIDERANDO<\/strong> os termos da <a href=\"https:\/\/www.tjes.jus.br\/corregedoria\/index.php\/2017\/02\/15\/resolucao-no-442010-publ-em-20082010\/\" target=\"_blank\">Resolu\u00e7\u00e3o n\u00ba 044\/2010<\/a>, que modificou a jornada do expediente forense do Tribunal de Justi\u00e7a do Estado do Esp\u00edrito Santo;<\/p>\n<p style=\"margin-bottom: 12pt; text-align: justify;\"><strong>CONSIDERANDO<\/strong> que o <a href=\"https:\/\/www.tjes.jus.br\/corregedoria\/index.php\/2017\/02\/15\/resolucao-no-292010-publ-em-19052010-republicacao\/\" target=\"_blank\">art. 22, da Resolu\u00e7\u00e3o n\u00ba 029\/2010<\/a>, ao estabelecer o plant\u00e3o judici\u00e1rio em 2\u00ba grau de jurisdi\u00e7\u00e3o, teve por base o primitivo hor\u00e1rio de funcionamento desta Corte;<\/p>\n<p style=\"margin-bottom: 12pt; text-align: justify;\"><strong>CONSIDERANDO<\/strong> a necessidade e conveni\u00eancia dos plant\u00f5es serem efetivados com clareza e objetividade para os jurisdicionados e advogados que utilizam os servi\u00e7os judici\u00e1rios e a padroniza\u00e7\u00e3o das hip\u00f3teses de comprovada urg\u00eancia, que se incluem na compet\u00eancia jurisdicional em regime de plant\u00e3o;<\/p>\n<p style=\"margin-bottom: 12pt; text-align: justify;\"><strong>RESOLVE:<\/strong><\/p>\n<p style=\"margin-bottom: 12pt; text-align: justify;\"><strong>Artigo 1\u00ba<\/strong> \u2013 Alterar a reda\u00e7\u00e3o do <a href=\"https:\/\/www.tjes.jus.br\/corregedoria\/index.php\/2017\/02\/15\/resolucao-no-292010-publ-em-19052010-republicacao\/\" target=\"_blank\">caput do artigo 22, da Resolu\u00e7\u00e3o 029\/2010<\/a>, conferindo-lhe o seguinte teor:<\/p>\n<p style=\"margin-bottom: 12pt; text-align: justify; padding-left: 30px;\">&#8220;Art. 22. O Desembargador previamente designado responder\u00e1, semanalmente, pelo plant\u00e3o noturno dos dias \u00fateis (das 19 horas as 12 horas do dia subsequente) e pelo plant\u00e3o dos dias sem expediente forense, feriados, fins de semana e pontos facultativos (das 12 horas as 12 horas do dia subsequente).&#8221;<\/p>\n<p style=\"margin-bottom: 12pt; text-align: justify;\"><strong>Artigo 2\u00ba<\/strong> \u2013 Esta Resolu\u00e7\u00e3o entra em vigor na data de sua publica\u00e7\u00e3o.<\/p>\n<p style=\"margin-bottom: 12pt; text-align: justify;\">Vit\u00f3ria, 21 de outubro de 2010.<\/p>\n<p style=\"text-align: center;\"><strong>Desembargador ARNALDO SANTOS SOUZA<br \/>\nPresidente em exerc\u00edcio<\/strong><\/p>\n","protected":false},"excerpt":{"rendered":"<p>PODER JUDICI\u00c1RIO DO ESTADO DO ESP\u00cdRITO SANTO TRIBUNAL DE JUSTI\u00c7A GABINETE DA PRESID\u00caNCIA RESOLU\u00c7\u00c3O N\u00ba 053\/2010 O Exm\u00ba. Sr. Desembargador ARNALDO SANTOS SOUZA, Presidente do Egr\u00e9gio Tribunal de Justi\u00e7a do Estado do Esp\u00edrito Santo em exerc\u00edcio, no uso de suas atribui\u00e7\u00f5es legais; CONSIDERANDO a decis\u00e3o un\u00e2nime tomada pelo Egr\u00e9gio Tribunal Pleno, em sess\u00e3o realizada em [&hellip;]<\/p>\n","protected":false},"author":3,"featured_media":0,"comment_status":"open","ping_status":"open","sticky":false,"template":"","format":"standard","meta":{"footnotes":""},"categories":[14,13],"tags":[],"_links":{"self":[{"href":"https:\/\/www.tjes.jus.br\/corregedoria\/wp-json\/wp\/v2\/posts\/11429"}],"collection":[{"href":"https:\/\/www.tjes.jus.br\/corregedoria\/wp-json\/wp\/v2\/posts"}],"about":[{"href":"https:\/\/www.tjes.jus.br\/corregedoria\/wp-json\/wp\/v2\/types\/post"}],"author":[{"embeddable":true,"href":"https:\/\/www.tjes.jus.br\/corregedoria\/wp-json\/wp\/v2\/users\/3"}],"replies":[{"embeddable":true,"href":"https:\/\/www.tjes.jus.br\/corregedoria\/wp-json\/wp\/v2\/comments?post=11429"}],"version-history":[{"count":1,"href":"https:\/\/www.tjes.jus.br\/corregedoria\/wp-json\/wp\/v2\/posts\/11429\/revisions"}],"predecessor-version":[{"id":11430,"href":"https:\/\/www.tjes.jus.br\/corregedoria\/wp-json\/wp\/v2\/posts\/11429\/revisions\/11430"}],"wp:attachment":[{"href":"https:\/\/www.tjes.jus.br\/corregedoria\/wp-json\/wp\/v2\/media?parent=11429"}],"wp:term":[{"taxonomy":"category","embeddable":true,"href":"https:\/\/www.tjes.jus.br\/corregedoria\/wp-json\/wp\/v2\/categories?post=11429"},{"taxonomy":"post_tag","embeddable":true,"href":"https:\/\/www.tjes.jus.br\/corregedoria\/wp-json\/wp\/v2\/tags?post=11429"}],"curies":[{"name":"wp","href":"https:\/\/api.w.org\/{rel}","templated":true}]}}