{"id":11451,"date":"2017-02-15T17:34:35","date_gmt":"2017-02-15T19:34:35","guid":{"rendered":"https:\/\/www.tjes.jus.br\/corregedoria\/?p=11451"},"modified":"2017-03-13T15:00:30","modified_gmt":"2017-03-13T18:00:30","slug":"resolucao-no-592010-publ-em-29112010","status":"publish","type":"post","link":"https:\/\/www.tjes.jus.br\/corregedoria\/2017\/02\/15\/resolucao-no-592010-publ-em-29112010\/","title":{"rendered":"RESOLU\u00c7\u00c3O N\u00ba 59\/2010 &#8211; PUBL. EM 29\/11\/2010 &#8211; REVOGADA"},"content":{"rendered":"<p style=\"text-align: center;\"><del><strong>PODER JUDICI\u00c1RIO DO ESTADO DO ESP\u00cdRITO SANTO<\/strong> <b><\/b><\/del><\/p>\n<p style=\"text-align: center;\"><del><strong>TRIBUNAL DE JUSTI\u00c7A<\/strong><b><\/b><\/del><\/p>\n<p style=\"text-align: center;\"><del><strong>GABINETE DA PRESID\u00caNCIA<\/strong><b><\/b><\/del><\/p>\n<p style=\"text-align: center;\"><del><strong>RESOLU\u00c7\u00c3O N\u00ba 059\/2010<\/strong><\/del><\/p>\n<p style=\"text-align: justify;\"><del><em><strong>Altera a Resolu\u00e7\u00e3o n\u00ba 37, que disp\u00f5e sobre os crit\u00e9rios para a escolha de ju\u00edzes de 1\u00ba grau na composi\u00e7\u00e3o das Turmas Recursais dos Juizados Especiais do Estado do Esp\u00edrito Santo.<\/strong><\/em><\/del><\/p>\n<p style=\"margin-bottom: 12pt; text-align: justify;\"><del><strong>O PRESIDENTE DO EGR\u00c9GIO TRIBUNAL DE JUSTI\u00c7A DO ESTADO DO ESP\u00cdRITO SANTO<\/strong>, no uso de suas atribui\u00e7\u00f5es legais e regimentais e tendo em vista decis\u00e3o un\u00e2nime do Egr\u00e9gio Tribunal Pleno, em sess\u00e3o realizada no dia 25\/11\/2010, e<\/del><\/p>\n<p style=\"margin-bottom: 12pt; text-align: justify;\"><del><strong>CONSIDERANDO<\/strong> a necessidade de disciplinar adequadamente a ascens\u00e3o do membro suplente de Turma Recursal \u00e0 condi\u00e7\u00e3o de membro efetivo;<\/del><\/p>\n<p style=\"margin-bottom: 12pt; text-align: justify;\"><del><strong>CONSIDERANDO<\/strong> que os par\u00e1grafos 1\u00ba e 2\u00ba do artigo 17 da Lei Federal n\u00ba 12.153\/2009 disp\u00f5em que a designa\u00e7\u00e3o de ju\u00edzes das Turmas Recursais obedecer\u00e1 aos crit\u00e9rios de antiguidade e merecimento;<\/del><\/p>\n<p style=\"margin-bottom: 12pt; text-align: justify;\"><del><strong>CONSIDERANDO<\/strong> o que disp\u00f5e a <a href=\"https:\/\/www.tjes.jus.br\/corregedoria\/index.php\/2017\/02\/15\/resolucao-no-372010-publ-em-08072010-alterada\/\" target=\"_blank\">Resolu\u00e7\u00e3o n\u00ba 37, deste Egr\u00e9gio Tribunal de Justi\u00e7a<\/a>;<\/del><\/p>\n<p style=\"margin-bottom: 12pt; text-align: justify;\"><del><strong>RESOLVE:<\/strong><b><\/b><\/del><\/p>\n<p style=\"margin-bottom: 12pt; text-align: justify;\"><del><strong>Art. 1\u00ba<\/strong>. Fica o <a href=\"https:\/\/www.tjes.jus.br\/corregedoria\/index.php\/2017\/02\/15\/resolucao-no-372010-publ-em-08072010-alterada\/\">art. 4\u00ba, da Resolu\u00e7\u00e3o n\u00ba 37<\/a> deste Tribunal de Justi\u00e7a do Estado do Esp\u00edrito Santo acrescido dos seguintes par\u00e1grafos:<\/del><\/p>\n<p style=\"margin-bottom: 12pt; text-align: justify; padding-left: 30px;\"><del>&#8220;\u00a7 1\u00ba. Uma vez aberta vaga de membro efetivo de Turma Recursal dos Juizados Especiais, havendo suplente na mesma Turma, este assumir\u00e1 automaticamente a vaga, para um per\u00edodo integral de 02 (dois) anos, vedada a recusa injustificada, seguindo-se a publica\u00e7\u00e3o de edital para provimento da vaga de suplente, nos termos desta Resolu\u00e7\u00e3o.<\/del><br \/>\n<del> \u00a7 2\u00ba. N\u00e3o sendo poss\u00edvel o provimento da vaga por suplente da mesma Turma, o suplente de outra Turma, desde que da mesma regi\u00e3o, poder\u00e1 requerer remo\u00e7\u00e3o, no mesmo prazo do edital que vier a ser publicado para provimento da vaga, cabendo ao Conselho Superior da Magistratura deliberar sobre o pedido, vedada a remo\u00e7\u00e3o ou permuta de membros efetivos.&#8221;<\/del><\/p>\n<p style=\"margin-bottom: 12pt; text-align: justify;\"><del><strong>Art. 2\u00ba<\/strong>. Esta Resolu\u00e7\u00e3o entra em vigor na data de sua publica\u00e7\u00e3o, ficando revogadas as disposi\u00e7\u00f5es em contr\u00e1rio.<\/del><\/p>\n<p style=\"margin-bottom: 12pt; text-align: justify;\"><del>Vit\u00f3ria (ES), 25 de Novembro de 2010.<\/del><\/p>\n<p style=\"text-align: center;\"><del><strong>DESEMBARGADOR MANOEL ALVES RABELO<br \/>\nPresidente<\/strong><\/del><\/p>\n<h2 style=\"text-align: center;\"><span style=\"color: #ff0000;\">REVOGADA PELA <a href=\"https:\/\/www.tjes.jus.br\/corregedoria\/index.php\/2016\/07\/04\/resolucao-n-152015-disp-24042015\/\" target=\"_blank\">RESOLU\u00c7\u00c3O N\u00ba 15\/2015<\/a> &#8211; DISP. EM 24\/04\/2015<\/span><\/h2>\n","protected":false},"excerpt":{"rendered":"<p>PODER JUDICI\u00c1RIO DO ESTADO DO ESP\u00cdRITO SANTO TRIBUNAL DE JUSTI\u00c7A GABINETE DA PRESID\u00caNCIA RESOLU\u00c7\u00c3O N\u00ba 059\/2010 Altera a Resolu\u00e7\u00e3o n\u00ba 37, que disp\u00f5e sobre os crit\u00e9rios para a escolha de ju\u00edzes de 1\u00ba grau na composi\u00e7\u00e3o das Turmas Recursais dos Juizados Especiais do Estado do Esp\u00edrito Santo. O PRESIDENTE DO EGR\u00c9GIO TRIBUNAL DE JUSTI\u00c7A DO [&hellip;]<\/p>\n","protected":false},"author":3,"featured_media":0,"comment_status":"open","ping_status":"open","sticky":false,"template":"","format":"standard","meta":{"footnotes":""},"categories":[14,13],"tags":[],"_links":{"self":[{"href":"https:\/\/www.tjes.jus.br\/corregedoria\/wp-json\/wp\/v2\/posts\/11451"}],"collection":[{"href":"https:\/\/www.tjes.jus.br\/corregedoria\/wp-json\/wp\/v2\/posts"}],"about":[{"href":"https:\/\/www.tjes.jus.br\/corregedoria\/wp-json\/wp\/v2\/types\/post"}],"author":[{"embeddable":true,"href":"https:\/\/www.tjes.jus.br\/corregedoria\/wp-json\/wp\/v2\/users\/3"}],"replies":[{"embeddable":true,"href":"https:\/\/www.tjes.jus.br\/corregedoria\/wp-json\/wp\/v2\/comments?post=11451"}],"version-history":[{"count":3,"href":"https:\/\/www.tjes.jus.br\/corregedoria\/wp-json\/wp\/v2\/posts\/11451\/revisions"}],"predecessor-version":[{"id":12546,"href":"https:\/\/www.tjes.jus.br\/corregedoria\/wp-json\/wp\/v2\/posts\/11451\/revisions\/12546"}],"wp:attachment":[{"href":"https:\/\/www.tjes.jus.br\/corregedoria\/wp-json\/wp\/v2\/media?parent=11451"}],"wp:term":[{"taxonomy":"category","embeddable":true,"href":"https:\/\/www.tjes.jus.br\/corregedoria\/wp-json\/wp\/v2\/categories?post=11451"},{"taxonomy":"post_tag","embeddable":true,"href":"https:\/\/www.tjes.jus.br\/corregedoria\/wp-json\/wp\/v2\/tags?post=11451"}],"curies":[{"name":"wp","href":"https:\/\/api.w.org\/{rel}","templated":true}]}}