{"id":11473,"date":"2017-02-16T13:17:57","date_gmt":"2017-02-16T15:17:57","guid":{"rendered":"https:\/\/www.tjes.jus.br\/corregedoria\/?p=11473"},"modified":"2017-02-16T13:17:57","modified_gmt":"2017-02-16T15:17:57","slug":"resolucao-no-0012011-publ-em-20012011","status":"publish","type":"post","link":"https:\/\/www.tjes.jus.br\/corregedoria\/2017\/02\/16\/resolucao-no-0012011-publ-em-20012011\/","title":{"rendered":"RESOLU\u00c7\u00c3O N\u00ba 001\/2011 &#8211; PUBL. EM 20\/01\/2011"},"content":{"rendered":"<p style=\"text-align: center;\"><strong>ESTADO DO ESP\u00cdRITO SANTO<\/strong> <b><\/b><\/p>\n<p style=\"text-align: center;\"><strong>PODER JUDICI\u00c1RIO<\/strong><b><\/b><\/p>\n<p style=\"text-align: center;\"><strong>TRIBUNAL DE JUSTI\u00c7A<\/strong><b><\/b><\/p>\n<p style=\"text-align: center;\"><strong>RESOLU\u00c7\u00c3O N\u00ba 001\/201<\/strong>1<\/p>\n<p style=\"text-align: justify;\">O Exm\u00ba Sr. Desembargador <strong>MANOEL ALVES RABELO<\/strong>, Presidente do Egr\u00e9gio Tribunal de Justi\u00e7a do Estado do Esp\u00edrito Santo, no uso de suas atribui\u00e7\u00f5es legais e tendo em vista decis\u00e3o \u00c0 UNANIMIDADE de votos do Egr\u00e9gio Tribunal Pleno em sess\u00e3o extraordin\u00e1ria realizada nesta data,<\/p>\n<p style=\"text-align: justify;\"><strong>RESOLVE:<\/strong><b><\/b><\/p>\n<p style=\"text-align: justify;\"><strong>PRORROGAR<\/strong> por mais 90(noventa) dias, a contar da data final da prorroga\u00e7\u00e3o anterior, o prazo do processo administrativo disciplinar n\u00ba 100090041177, e por igual per\u00edodo o afastamento do Exm\u00ba Sr. Dr. JO\u00c3O MIGUEL FILHO, MM. Juiz de Direito da 9\u00aa Vara C\u00edvel de VIT\u00d3RIA, Comarca da Capital de Entr\u00e2ncia Especial.<\/p>\n<p style=\"text-align: justify;\"><strong>PUBLIQUE-SE<\/strong>.<\/p>\n<p style=\"text-align: justify;\">Vit\u00f3ria, 17 de janeiro de 2011.<\/p>\n<p style=\"text-align: center;\"><strong>Desembargador MANOEL ALVES RABELO<br \/>\nPresidente<\/strong><\/p>\n","protected":false},"excerpt":{"rendered":"<p>ESTADO DO ESP\u00cdRITO SANTO PODER JUDICI\u00c1RIO TRIBUNAL DE JUSTI\u00c7A RESOLU\u00c7\u00c3O N\u00ba 001\/2011 O Exm\u00ba Sr. Desembargador MANOEL ALVES RABELO, Presidente do Egr\u00e9gio Tribunal de Justi\u00e7a do Estado do Esp\u00edrito Santo, no uso de suas atribui\u00e7\u00f5es legais e tendo em vista decis\u00e3o \u00c0 UNANIMIDADE de votos do Egr\u00e9gio Tribunal Pleno em sess\u00e3o extraordin\u00e1ria realizada nesta data, [&hellip;]<\/p>\n","protected":false},"author":3,"featured_media":0,"comment_status":"open","ping_status":"open","sticky":false,"template":"","format":"standard","meta":{"footnotes":""},"categories":[14,13],"tags":[],"_links":{"self":[{"href":"https:\/\/www.tjes.jus.br\/corregedoria\/wp-json\/wp\/v2\/posts\/11473"}],"collection":[{"href":"https:\/\/www.tjes.jus.br\/corregedoria\/wp-json\/wp\/v2\/posts"}],"about":[{"href":"https:\/\/www.tjes.jus.br\/corregedoria\/wp-json\/wp\/v2\/types\/post"}],"author":[{"embeddable":true,"href":"https:\/\/www.tjes.jus.br\/corregedoria\/wp-json\/wp\/v2\/users\/3"}],"replies":[{"embeddable":true,"href":"https:\/\/www.tjes.jus.br\/corregedoria\/wp-json\/wp\/v2\/comments?post=11473"}],"version-history":[{"count":1,"href":"https:\/\/www.tjes.jus.br\/corregedoria\/wp-json\/wp\/v2\/posts\/11473\/revisions"}],"predecessor-version":[{"id":11474,"href":"https:\/\/www.tjes.jus.br\/corregedoria\/wp-json\/wp\/v2\/posts\/11473\/revisions\/11474"}],"wp:attachment":[{"href":"https:\/\/www.tjes.jus.br\/corregedoria\/wp-json\/wp\/v2\/media?parent=11473"}],"wp:term":[{"taxonomy":"category","embeddable":true,"href":"https:\/\/www.tjes.jus.br\/corregedoria\/wp-json\/wp\/v2\/categories?post=11473"},{"taxonomy":"post_tag","embeddable":true,"href":"https:\/\/www.tjes.jus.br\/corregedoria\/wp-json\/wp\/v2\/tags?post=11473"}],"curies":[{"name":"wp","href":"https:\/\/api.w.org\/{rel}","templated":true}]}}