{"id":11482,"date":"2017-02-16T13:42:24","date_gmt":"2017-02-16T15:42:24","guid":{"rendered":"https:\/\/www.tjes.jus.br\/corregedoria\/?p=11482"},"modified":"2017-02-16T13:42:24","modified_gmt":"2017-02-16T15:42:24","slug":"resolucao-no-042011-publ-em-01022011","status":"publish","type":"post","link":"https:\/\/www.tjes.jus.br\/corregedoria\/2017\/02\/16\/resolucao-no-042011-publ-em-01022011\/","title":{"rendered":"RESOLU\u00c7\u00c3O N\u00ba 04\/2011 &#8211; PUBL. EM 01\/02\/2011"},"content":{"rendered":"<p style=\"text-align: center;\"><strong>ESTADO DO ESP\u00cdRITO SANTO<\/strong><\/p>\n<p style=\"text-align: center;\"><strong>PODER JUDICI\u00c1RIO<\/strong><\/p>\n<p style=\"text-align: center;\"><strong>TRIBUNAL DE JUSTI\u00c7A<\/strong><\/p>\n<p style=\"text-align: center;\"><strong>RESOLU\u00c7\u00c3O N\u00ba 004\/2011<\/strong><\/p>\n<p style=\"text-align: justify;\"><strong><em>Altera dispositivo da Resolu\u00e7\u00e3o 054\/2010, que disp\u00f5e sobre a institui\u00e7\u00e3o da Turma de Uniformiza\u00e7\u00e3o de Interpreta\u00e7\u00e3o de Lei e d\u00e1 outras provid\u00eancias.<\/em><\/strong><\/p>\n<p style=\"text-align: justify;\">O Exmo. Desembargador <strong>MANOEL ALVES RABELO<\/strong>, Presidente do Egr\u00e9gio Tribunal de Justi\u00e7a do Estado do Esp\u00edrito Santo, no uso de suas atribui\u00e7\u00f5es legais e,<\/p>\n<p style=\"text-align: justify;\"><strong>CONSIDERANDO<\/strong> a necessidade de regulamentar o recolhimento de custas para a interposi\u00e7\u00e3o de pedido de uniformiza\u00e7\u00e3o de que trata a <a href=\"https:\/\/www.tjes.jus.br\/corregedoria\/index.php\/2017\/02\/15\/resolucao-n-542010-publ-em-29102010\/\" target=\"_blank\">Resolu\u00e7\u00e3o 054\/2010<\/a>;<\/p>\n<p style=\"text-align: justify;\"><strong>CONSIDERANDO<\/strong> que cabe ao Presidente do Tribunal de Justi\u00e7a, na qualidade de Chefe m\u00e1ximo do Poder Judici\u00e1rio Estadual, superintender os trabalhos judici\u00e1rios e administrativos da Justi\u00e7a Estadual;<\/p>\n<p style=\"text-align: justify;\"><strong>RESOLVE:<\/strong><\/p>\n<p style=\"text-align: justify;\"><strong>Art. 1\u00ba.<\/strong> O <a href=\"https:\/\/www.tjes.jus.br\/corregedoria\/index.php\/2017\/02\/15\/resolucao-n-542010-publ-em-29102010\/\" target=\"_blank\">art. 3\u00ba, \u00a7 3\u00ba da Resolu\u00e7\u00e3o n\u00ba 54\/2010<\/a>, que Institui a Turma de Uniformiza\u00e7\u00e3o de Interpreta\u00e7\u00e3o de Lei, passa a figurar nos seguintes termos:<\/p>\n<p style=\"text-align: justify; padding-left: 30px;\">\u201cArt. 3\u00ba \u2026<br \/>\n\u00a7 3\u00ba. O preparo do pedido de uniformiza\u00e7\u00e3o dever\u00e1 ser feito independentemente de intima\u00e7\u00e3o, nas 48 (quarenta e oito) horas seguintes \u00e0 interposi\u00e7\u00e3o do pedido, sob pena de deser\u00e7\u00e3o, nos valores constantes da Tabela 2, item II, letra \u201cd\u201d e item III, letra \u201ca\u201d, e Tabela 3, item VI da Tabela de Custas e Emolumentos da Corregedoria Geral da Justi\u00e7a do Estado do Esp\u00edrito Santo.&#8221;<\/p>\n<p style=\"text-align: justify;\"><strong>Art. 2\u00ba<\/strong>. Esta Resolu\u00e7\u00e3o entra em vigor na data de sua publica\u00e7\u00e3o.<\/p>\n<p style=\"text-align: justify;\"><strong>Art. 3\u00ba<\/strong>. Revogam-se as disposi\u00e7\u00f5es em contr\u00e1rio.<\/p>\n<p style=\"text-align: justify;\"><strong>PUBLIQUE-SE.<\/strong><\/p>\n<p style=\"text-align: justify;\">Vit\u00f3ria\/ES, 27 de janeiro de 2011.<\/p>\n<p style=\"text-align: center;\"><strong>Desembargador MANOEL ALVES RABELO<br \/>\nPresidente<\/strong><\/p>\n","protected":false},"excerpt":{"rendered":"<p>ESTADO DO ESP\u00cdRITO SANTO PODER JUDICI\u00c1RIO TRIBUNAL DE JUSTI\u00c7A RESOLU\u00c7\u00c3O N\u00ba 004\/2011 Altera dispositivo da Resolu\u00e7\u00e3o 054\/2010, que disp\u00f5e sobre a institui\u00e7\u00e3o da Turma de Uniformiza\u00e7\u00e3o de Interpreta\u00e7\u00e3o de Lei e d\u00e1 outras provid\u00eancias. O Exmo. Desembargador MANOEL ALVES RABELO, Presidente do Egr\u00e9gio Tribunal de Justi\u00e7a do Estado do Esp\u00edrito Santo, no uso de suas [&hellip;]<\/p>\n","protected":false},"author":3,"featured_media":0,"comment_status":"open","ping_status":"open","sticky":false,"template":"","format":"standard","meta":{"footnotes":""},"categories":[14,13],"tags":[],"_links":{"self":[{"href":"https:\/\/www.tjes.jus.br\/corregedoria\/wp-json\/wp\/v2\/posts\/11482"}],"collection":[{"href":"https:\/\/www.tjes.jus.br\/corregedoria\/wp-json\/wp\/v2\/posts"}],"about":[{"href":"https:\/\/www.tjes.jus.br\/corregedoria\/wp-json\/wp\/v2\/types\/post"}],"author":[{"embeddable":true,"href":"https:\/\/www.tjes.jus.br\/corregedoria\/wp-json\/wp\/v2\/users\/3"}],"replies":[{"embeddable":true,"href":"https:\/\/www.tjes.jus.br\/corregedoria\/wp-json\/wp\/v2\/comments?post=11482"}],"version-history":[{"count":1,"href":"https:\/\/www.tjes.jus.br\/corregedoria\/wp-json\/wp\/v2\/posts\/11482\/revisions"}],"predecessor-version":[{"id":11484,"href":"https:\/\/www.tjes.jus.br\/corregedoria\/wp-json\/wp\/v2\/posts\/11482\/revisions\/11484"}],"wp:attachment":[{"href":"https:\/\/www.tjes.jus.br\/corregedoria\/wp-json\/wp\/v2\/media?parent=11482"}],"wp:term":[{"taxonomy":"category","embeddable":true,"href":"https:\/\/www.tjes.jus.br\/corregedoria\/wp-json\/wp\/v2\/categories?post=11482"},{"taxonomy":"post_tag","embeddable":true,"href":"https:\/\/www.tjes.jus.br\/corregedoria\/wp-json\/wp\/v2\/tags?post=11482"}],"curies":[{"name":"wp","href":"https:\/\/api.w.org\/{rel}","templated":true}]}}