{"id":11519,"date":"2017-02-16T14:45:07","date_gmt":"2017-02-16T16:45:07","guid":{"rendered":"https:\/\/www.tjes.jus.br\/corregedoria\/?p=11519"},"modified":"2017-02-17T13:04:57","modified_gmt":"2017-02-17T15:04:57","slug":"resolucao-no-162011-publ-em-11042011-revogada","status":"publish","type":"post","link":"https:\/\/www.tjes.jus.br\/corregedoria\/2017\/02\/16\/resolucao-no-162011-publ-em-11042011-revogada\/","title":{"rendered":"RESOLU\u00c7\u00c3O N\u00ba 16\/2011 &#8211; PUBL. EM 11\/04\/2011 &#8211; REVOGADA"},"content":{"rendered":"<p style=\"text-align: center;\"><del><strong>ESTADO DO ESP\u00cdRITO SANTO<\/strong><\/del><\/p>\n<p style=\"text-align: center;\"><del><strong>PODER JUDICI\u00c1RIO<\/strong><\/del><\/p>\n<p style=\"text-align: center;\"><del><strong>TRIBUNAL DE JUSTI\u00c7A<\/strong><\/del><\/p>\n<p style=\"text-align: center;\"><del><strong>RESOLU\u00c7\u00c3O N\u00ba 016\/2011<\/strong><\/del><\/p>\n<p style=\"text-align: justify;\"><del>Atribui \u00e0 9\u00aa Vara Criminal do Ju\u00edzo de Vit\u00f3ria, Comarca da Capital, de Entr\u00e2ncia Especial, a compet\u00eancia concorrente para processar at\u00e9 a preclus\u00e3o da decis\u00e3o de pron\u00fancia, inclusive, os processos de Compet\u00eancia do Tribunal do J\u00fari.<\/del><\/p>\n<p style=\"text-align: justify;\"><del>O Exm\u00ba Sr. Desembargador MANOEL ALVES RABELO, Presidente do Egr\u00e9gio Tribunal de Justi\u00e7a do Estado do Esp\u00edrito Santo, no uso de suas atribui\u00e7\u00f5es legais e;<\/del><\/p>\n<p style=\"text-align: justify;\"><del><strong>CONSIDERANDO<\/strong> a decis\u00e3o un\u00e2nime tomada pelo Egr\u00e9gio Tribunal Pleno, em sess\u00e3o realizada no dia 07 de abril de 2011;<\/del><\/p>\n<p style=\"text-align: justify;\"><del><strong>CONSIDERANDO<\/strong> que o artigo 181, par\u00e1grafo \u00fanico, da Lei Complementar n\u00ba 234\/02, atribui ao Tribunal de Justi\u00e7a compet\u00eancia para editar Resolu\u00e7\u00f5es Complementares, a fim de instituir normas gerais e necess\u00e1rias \u00e0 execu\u00e7\u00e3o da Organiza\u00e7\u00e3o Judici\u00e1ria;<\/del><\/p>\n<p style=\"text-align: justify;\"><del><strong>CONSIDERANDO<\/strong> as recomenda\u00e7\u00f5es feitas pelo Colendo Conselho Nacional de Justi\u00e7a, no relat\u00f3rio da inspe\u00e7\u00e3o realizada neste Egr\u00e9gio Tribunal de Justi\u00e7a, no sentido de implementar uma melhor distribui\u00e7\u00e3o de processos e servi\u00e7os entre as Varas do Judici\u00e1rio Estadual;<\/del><\/p>\n<p style=\"text-align: justify;\"><del><strong>CONSIDERANDO<\/strong> que conforme dados inseridos no sistema Justi\u00e7a Aberta, do CNJ, no m\u00eas de janeiro de 2011, tramitavam apenas 787 (setecentos e oitenta e sete) processos na 9\u00aa Vara Criminal, ao passo em que no mesmo per\u00edodo tramitavam 2356 (dois mil trezentos e cinquenta e seis) processos na 1\u00aa Vara Criminal, ambos do mesmo Ju\u00edzo de Vit\u00f3ria, Comarca da Capital, de Entr\u00e2ncia Especial;<\/del><\/p>\n<p style=\"text-align: justify;\"><del><strong>CONSIDERANDO<\/strong> que compete ao Presidente do Tribunal de Justi\u00e7a implantar pol\u00edticas de gest\u00e3o do Poder Judici\u00e1rio, de forma a alcan\u00e7ar a efetiva\u00e7\u00e3o do princ\u00edpio da efici\u00eancia e a excel\u00eancia da presta\u00e7\u00e3o jurisdicional;<\/del><\/p>\n<p style=\"text-align: justify;\"><del><strong>RESOLVE:<\/strong><\/del><\/p>\n<p style=\"text-align: justify;\"><del><strong>Art. 1\u00ba<\/strong> \u2013 <strong>ATRIBUIR<\/strong> \u00e0 9\u00aa Vara Criminal do Ju\u00edzo de Vit\u00f3ria, Comarca da Capital, de Entr\u00e2ncia Especial, compet\u00eancia concorrente para processar at\u00e9 a preclus\u00e3o da decis\u00e3o de pron\u00fancia, inclusive, os processos de compet\u00eancia do Tribunal do J\u00fari do Ju\u00edzo de Vit\u00f3ria.<\/del><\/p>\n<p style=\"text-align: justify;\"><del><strong>Art. 2\u00ba<\/strong> \u2013 <strong>DETERMINAR<\/strong> que, a partir da vig\u00eancia desta Resolu\u00e7\u00e3o cesse, pelo prazo de 06 (seis) meses, a distribui\u00e7\u00e3o de processos e inqu\u00e9ritos policiais para a 1\u00aa Vara Criminal do Ju\u00edzo de Vit\u00f3ria, Comarca da Capital, de Entr\u00e2ncia Especial.<\/del><\/p>\n<p style=\"text-align: justify;\"><del>Par\u00e1grafo \u00fanico \u2013 Transcorrido o prazo de 6 (seis) meses da vig\u00eancia da presente Resolu\u00e7\u00e3o, a distribui\u00e7\u00e3o dos novos processos de compet\u00eancia do Tribunal do J\u00fari, ser\u00e1 equ\u00e2nime entre as 1\u00aa e 9\u00aa Varas Criminais do Ju\u00edzo de Vit\u00f3ria, Comarca da Capital, de Entr\u00e2ncia Especial.<\/del><\/p>\n<p style=\"text-align: justify;\"><del><strong>Art. 3\u00ba<\/strong> \u2013 <strong>DETERMINAR<\/strong> que, a partir da vig\u00eancia desta Resolu\u00e7\u00e3o, cesse, pelo prazo de 06 (seis) meses, a distribui\u00e7\u00e3o das a\u00e7\u00f5es penais e inqu\u00e9ritos policiais para a 9\u00aa Vara Criminal do Ju\u00edzo de Vit\u00f3ria, Comarca da Capital, de Entr\u00e2ncia Especial, que n\u00e3o se refiram \u00e0 compet\u00eancia prevista no art. 1\u00ba desta Resolu\u00e7\u00e3o.<\/del><\/p>\n<p style=\"text-align: justify;\"><del><strong>Art. 4\u00ba<\/strong> \u2013 Esta Resolu\u00e7\u00e3o passar\u00e1 a vigorar no prazo de 30 (trinta) dias a contar de sua publica\u00e7\u00e3o.<\/del><\/p>\n<p style=\"text-align: justify;\"><del>Vit\u00f3ria, 07 de abril de 2011.<\/del><\/p>\n<p style=\"text-align: center;\"><del><strong>Desembargador MANOEL ALVES RABELO<\/strong><strong><br \/>\n<strong>Presidente<\/strong><\/strong><\/del><\/p>\n<h2 style=\"text-align: center;\"><span style=\"color: #ff0000;\">REVOGADA PELA <a href=\"https:\/\/www.tjes.jus.br\/corregedoria\/index.php\/2017\/02\/17\/resolucao-n-612011-publ-em-24102011\/\" target=\"_blank\">RESOLU\u00c7\u00c3O N\u00ba 061\/2011<\/a> \u2013 DISP. 24\/10\/2011<\/span><\/h2>\n","protected":false},"excerpt":{"rendered":"<p>ESTADO DO ESP\u00cdRITO SANTO PODER JUDICI\u00c1RIO TRIBUNAL DE JUSTI\u00c7A RESOLU\u00c7\u00c3O N\u00ba 016\/2011 Atribui \u00e0 9\u00aa Vara Criminal do Ju\u00edzo de Vit\u00f3ria, Comarca da Capital, de Entr\u00e2ncia Especial, a compet\u00eancia concorrente para processar at\u00e9 a preclus\u00e3o da decis\u00e3o de pron\u00fancia, inclusive, os processos de Compet\u00eancia do Tribunal do J\u00fari. O Exm\u00ba Sr. Desembargador MANOEL ALVES RABELO, [&hellip;]<\/p>\n","protected":false},"author":3,"featured_media":0,"comment_status":"open","ping_status":"open","sticky":false,"template":"","format":"standard","meta":{"footnotes":""},"categories":[14,13],"tags":[],"_links":{"self":[{"href":"https:\/\/www.tjes.jus.br\/corregedoria\/wp-json\/wp\/v2\/posts\/11519"}],"collection":[{"href":"https:\/\/www.tjes.jus.br\/corregedoria\/wp-json\/wp\/v2\/posts"}],"about":[{"href":"https:\/\/www.tjes.jus.br\/corregedoria\/wp-json\/wp\/v2\/types\/post"}],"author":[{"embeddable":true,"href":"https:\/\/www.tjes.jus.br\/corregedoria\/wp-json\/wp\/v2\/users\/3"}],"replies":[{"embeddable":true,"href":"https:\/\/www.tjes.jus.br\/corregedoria\/wp-json\/wp\/v2\/comments?post=11519"}],"version-history":[{"count":2,"href":"https:\/\/www.tjes.jus.br\/corregedoria\/wp-json\/wp\/v2\/posts\/11519\/revisions"}],"predecessor-version":[{"id":11671,"href":"https:\/\/www.tjes.jus.br\/corregedoria\/wp-json\/wp\/v2\/posts\/11519\/revisions\/11671"}],"wp:attachment":[{"href":"https:\/\/www.tjes.jus.br\/corregedoria\/wp-json\/wp\/v2\/media?parent=11519"}],"wp:term":[{"taxonomy":"category","embeddable":true,"href":"https:\/\/www.tjes.jus.br\/corregedoria\/wp-json\/wp\/v2\/categories?post=11519"},{"taxonomy":"post_tag","embeddable":true,"href":"https:\/\/www.tjes.jus.br\/corregedoria\/wp-json\/wp\/v2\/tags?post=11519"}],"curies":[{"name":"wp","href":"https:\/\/api.w.org\/{rel}","templated":true}]}}