{"id":11526,"date":"2017-02-16T15:05:46","date_gmt":"2017-02-16T17:05:46","guid":{"rendered":"https:\/\/www.tjes.jus.br\/corregedoria\/?p=11526"},"modified":"2017-02-16T15:05:46","modified_gmt":"2017-02-16T17:05:46","slug":"resolucao-no-182011-publ-em-18042011","status":"publish","type":"post","link":"https:\/\/www.tjes.jus.br\/corregedoria\/2017\/02\/16\/resolucao-no-182011-publ-em-18042011\/","title":{"rendered":"RESOLU\u00c7\u00c3O N\u00ba 18\/2011 &#8211; PUBL. EM 18\/04\/2011"},"content":{"rendered":"<p style=\"text-align: center;\"><strong>PODER JUDICI\u00c1RIO DO ESTADO DO ESP\u00cdRITO SANTO<\/strong><\/p>\n<p style=\"text-align: center;\"><strong>TRIBUNAL DE JUSTI\u00c7A<\/strong><\/p>\n<p style=\"text-align: center;\"><strong>RESOLU\u00c7\u00c3O N\u00ba 018\/2011<\/strong><\/p>\n<p style=\"text-align: justify;\">O Exm\u00ba Sr. Desembargador MANOEL ALVES RABELO, Presidente do Egr\u00e9gio Tribunal de Justi\u00e7a, no uso de suas atribui\u00e7\u00f5es legais e tendo em vista DECIS\u00c3O UN\u00c2NIME do Egr\u00e9gio Tribunal Pleno, em sess\u00e3o ordin\u00e1ria realizada em 14\/04\/2011,<\/p>\n<p style=\"text-align: justify;\"><strong>RESOLVE:<\/strong><\/p>\n<p style=\"text-align: justify;\"><strong>PRORROGAR<\/strong>, por mais 90 (noventa) dias, a contar de 20\/04\/2011, o prazo para a realiza\u00e7\u00e3o da instru\u00e7\u00e3o e julgamento do processo administrativo disciplinar n\u00ba 100100010048, instaurado em desfavor do Exm\u00ba Sr. Dr. ROBERTO DA FONSECA ARA\u00daJO.<\/p>\n<p style=\"text-align: justify;\"><strong>PUBLIQUE-SE.<\/strong><\/p>\n<p style=\"text-align: justify;\">Vit\u00f3ria, 14 de abril de 2011.<\/p>\n<p style=\"text-align: center;\"><strong>Desembargador MANOEL ALVES RABELO<br \/>\nPresidente<\/strong><\/p>\n","protected":false},"excerpt":{"rendered":"<p>PODER JUDICI\u00c1RIO DO ESTADO DO ESP\u00cdRITO SANTO TRIBUNAL DE JUSTI\u00c7A RESOLU\u00c7\u00c3O N\u00ba 018\/2011 O Exm\u00ba Sr. Desembargador MANOEL ALVES RABELO, Presidente do Egr\u00e9gio Tribunal de Justi\u00e7a, no uso de suas atribui\u00e7\u00f5es legais e tendo em vista DECIS\u00c3O UN\u00c2NIME do Egr\u00e9gio Tribunal Pleno, em sess\u00e3o ordin\u00e1ria realizada em 14\/04\/2011, RESOLVE: PRORROGAR, por mais 90 (noventa) dias, [&hellip;]<\/p>\n","protected":false},"author":3,"featured_media":0,"comment_status":"open","ping_status":"open","sticky":false,"template":"","format":"standard","meta":{"footnotes":""},"categories":[14,13],"tags":[],"_links":{"self":[{"href":"https:\/\/www.tjes.jus.br\/corregedoria\/wp-json\/wp\/v2\/posts\/11526"}],"collection":[{"href":"https:\/\/www.tjes.jus.br\/corregedoria\/wp-json\/wp\/v2\/posts"}],"about":[{"href":"https:\/\/www.tjes.jus.br\/corregedoria\/wp-json\/wp\/v2\/types\/post"}],"author":[{"embeddable":true,"href":"https:\/\/www.tjes.jus.br\/corregedoria\/wp-json\/wp\/v2\/users\/3"}],"replies":[{"embeddable":true,"href":"https:\/\/www.tjes.jus.br\/corregedoria\/wp-json\/wp\/v2\/comments?post=11526"}],"version-history":[{"count":1,"href":"https:\/\/www.tjes.jus.br\/corregedoria\/wp-json\/wp\/v2\/posts\/11526\/revisions"}],"predecessor-version":[{"id":11527,"href":"https:\/\/www.tjes.jus.br\/corregedoria\/wp-json\/wp\/v2\/posts\/11526\/revisions\/11527"}],"wp:attachment":[{"href":"https:\/\/www.tjes.jus.br\/corregedoria\/wp-json\/wp\/v2\/media?parent=11526"}],"wp:term":[{"taxonomy":"category","embeddable":true,"href":"https:\/\/www.tjes.jus.br\/corregedoria\/wp-json\/wp\/v2\/categories?post=11526"},{"taxonomy":"post_tag","embeddable":true,"href":"https:\/\/www.tjes.jus.br\/corregedoria\/wp-json\/wp\/v2\/tags?post=11526"}],"curies":[{"name":"wp","href":"https:\/\/api.w.org\/{rel}","templated":true}]}}