{"id":11533,"date":"2017-02-16T15:20:43","date_gmt":"2017-02-16T17:20:43","guid":{"rendered":"https:\/\/www.tjes.jus.br\/corregedoria\/?p=11533"},"modified":"2017-02-16T15:20:43","modified_gmt":"2017-02-16T17:20:43","slug":"resolucao-no-212011-publ-em-09052011","status":"publish","type":"post","link":"https:\/\/www.tjes.jus.br\/corregedoria\/2017\/02\/16\/resolucao-no-212011-publ-em-09052011\/","title":{"rendered":"RESOLU\u00c7\u00c3O N\u00ba 21\/2011 &#8211; PUBL. EM 09\/05\/2011"},"content":{"rendered":"<p style=\"text-align: center;\"><strong>PODER JUDICI\u00c1RIO DO ESTADO DO ESP\u00cdRITO SANTO<\/strong><b><\/b><\/p>\n<p style=\"text-align: center;\"><strong>TRIBUNAL DE JUSTI\u00c7A<\/strong><\/p>\n<p style=\"text-align: center;\"><strong>RESOLU\u00c7\u00c3O N\u00ba 021\/2011<\/strong><\/p>\n<p style=\"text-align: justify;\">O Exm\u00ba. Sr. Desembargador <strong>MANOEL ALVES RABELO<\/strong>, Presidente do Egr\u00e9gio Tribunal de Justi\u00e7a, no uso de suas atribui\u00e7\u00f5es legais e tendo em vista decis\u00e3o por maioria de votos do Egr\u00e9gio Tribunal Pleno em sess\u00e3o ordin\u00e1ria realizada em 17\/01\/2011,<\/p>\n<p style=\"text-align: justify;\"><strong>RESOLVE:<\/strong><\/p>\n<p style=\"text-align: justify;\"><strong>CONSIDERAR INSTAURADO<\/strong> processo administrativo disciplinar n\u00ba 100100007739, em face do Exm\u00ba. Sr. Dr. MARCELO FARIA FERNANDES, MM. Juiz de Direito do Juizado Especial Criminal e do Juizado Especial da Fazenda P\u00fablica da Comarca de Nova Ven\u00e9cia, de 3\u00aa Entr\u00e2ncia, nos termos do artigo 35, I, II e III da LOMAN e artigo 20 do C\u00f3digo de \u00c9tica da Magistratura Nacional, na forma do <a href=\"https:\/\/www.tjes.jus.br\/corregedoria\/index.php\/2016\/10\/17\/resolucao-cnj-no-30-de-07032007\/\" target=\"_blank\">artigo 7\u00ba, caput da Resolu\u00e7\u00e3o n\u00ba 30\/2007 do CNJ<\/a>.<\/p>\n<p style=\"text-align: justify;\"><strong>PUBLIQUE-SE.<\/strong><\/p>\n<p style=\"text-align: justify;\">Vit\u00f3ria, 04 de maio de 2011.<\/p>\n<p style=\"text-align: center;\"><strong>Desembargador MANOEL ALVES RABELO<br \/>\nPresidente<\/strong><\/p>\n","protected":false},"excerpt":{"rendered":"<p>PODER JUDICI\u00c1RIO DO ESTADO DO ESP\u00cdRITO SANTO TRIBUNAL DE JUSTI\u00c7A RESOLU\u00c7\u00c3O N\u00ba 021\/2011 O Exm\u00ba. Sr. Desembargador MANOEL ALVES RABELO, Presidente do Egr\u00e9gio Tribunal de Justi\u00e7a, no uso de suas atribui\u00e7\u00f5es legais e tendo em vista decis\u00e3o por maioria de votos do Egr\u00e9gio Tribunal Pleno em sess\u00e3o ordin\u00e1ria realizada em 17\/01\/2011, RESOLVE: CONSIDERAR INSTAURADO processo [&hellip;]<\/p>\n","protected":false},"author":3,"featured_media":0,"comment_status":"open","ping_status":"open","sticky":false,"template":"","format":"standard","meta":{"footnotes":""},"categories":[14,13],"tags":[],"_links":{"self":[{"href":"https:\/\/www.tjes.jus.br\/corregedoria\/wp-json\/wp\/v2\/posts\/11533"}],"collection":[{"href":"https:\/\/www.tjes.jus.br\/corregedoria\/wp-json\/wp\/v2\/posts"}],"about":[{"href":"https:\/\/www.tjes.jus.br\/corregedoria\/wp-json\/wp\/v2\/types\/post"}],"author":[{"embeddable":true,"href":"https:\/\/www.tjes.jus.br\/corregedoria\/wp-json\/wp\/v2\/users\/3"}],"replies":[{"embeddable":true,"href":"https:\/\/www.tjes.jus.br\/corregedoria\/wp-json\/wp\/v2\/comments?post=11533"}],"version-history":[{"count":1,"href":"https:\/\/www.tjes.jus.br\/corregedoria\/wp-json\/wp\/v2\/posts\/11533\/revisions"}],"predecessor-version":[{"id":11535,"href":"https:\/\/www.tjes.jus.br\/corregedoria\/wp-json\/wp\/v2\/posts\/11533\/revisions\/11535"}],"wp:attachment":[{"href":"https:\/\/www.tjes.jus.br\/corregedoria\/wp-json\/wp\/v2\/media?parent=11533"}],"wp:term":[{"taxonomy":"category","embeddable":true,"href":"https:\/\/www.tjes.jus.br\/corregedoria\/wp-json\/wp\/v2\/categories?post=11533"},{"taxonomy":"post_tag","embeddable":true,"href":"https:\/\/www.tjes.jus.br\/corregedoria\/wp-json\/wp\/v2\/tags?post=11533"}],"curies":[{"name":"wp","href":"https:\/\/api.w.org\/{rel}","templated":true}]}}