{"id":11577,"date":"2017-02-16T16:48:05","date_gmt":"2017-02-16T18:48:05","guid":{"rendered":"https:\/\/www.tjes.jus.br\/corregedoria\/?p=11577"},"modified":"2017-02-16T16:48:05","modified_gmt":"2017-02-16T18:48:05","slug":"resolucao-no-292011-publ-em-08062011","status":"publish","type":"post","link":"https:\/\/www.tjes.jus.br\/corregedoria\/2017\/02\/16\/resolucao-no-292011-publ-em-08062011\/","title":{"rendered":"RESOLU\u00c7\u00c3O N\u00ba 29\/2011 &#8211; PUBL. EM 08\/06\/2011"},"content":{"rendered":"<p style=\"text-align: center;\"><strong>ESTADO DO ESP\u00cdRITO SANTO<\/strong><\/p>\n<p style=\"text-align: center;\"><strong>PODER JUDICI\u00c1RIO<\/strong><\/p>\n<p style=\"text-align: center;\"><strong>TRIBUNAL DE JUSTI\u00c7A<\/strong><\/p>\n<p style=\"text-align: center;\"><strong>RESOLU\u00c7\u00c3O N\u00ba 029\/2011<\/strong><\/p>\n<p style=\"text-align: justify;\"><strong><em>Transfere provisoriamente a 2\u00aa Vara Criminal do ju\u00edzo de Viana para o F\u00f3rum de Cariacica, ambas, Comarca da Capital, de Entr\u00e2ncia Especial<\/em><\/strong><\/p>\n<p style=\"text-align: justify;\">O Exm\u00ba Sr. Presidente do Egr\u00e9gio Tribunal de Justi\u00e7a do Estado do Esp\u00edrito Santo, no uso de suas atribui\u00e7\u00f5es legais e regimentais e tendo em vista decis\u00e3o un\u00e2nime do Egr\u00e9gio Tribunal Pleno, em sess\u00e3o realizada nesta data,<\/p>\n<p style=\"text-align: justify;\"><strong>CONSIDERANDO<\/strong> que o art. 181, par\u00e1grafo \u00fanico da Lei Complementar n\u00ba 234\/2002, atribui ao Tribunal de Justi\u00e7a compet\u00eancia para editar Resolu\u00e7\u00f5es Complementares a fim de instituir normas gerais e necess\u00e1rias \u00e0 execu\u00e7\u00e3o da Organiza\u00e7\u00e3o Judici\u00e1ria;<\/p>\n<p style=\"text-align: justify;\"><strong>CONSIDERANDO<\/strong> o expediente protocolizado sob o n\u00ba 2011.00.527.040 da Coordenadoria das Varas Penais e das Varas de Execu\u00e7\u00e3o Penal (art. 38-F, do C\u00f3digo de Organiza\u00e7\u00e3o Judici\u00e1ria), no qual solicita a transfer\u00eancia provis\u00f3ria da 2\u00aa Vara Criminal do ju\u00edzo de Viana, comarca da Capital de entr\u00e2ncia especial para outro local;<\/p>\n<p style=\"text-align: justify;\"><strong>CONSIDERANDO<\/strong> que no expediente acima mencionado \u00e9 relatado a aus\u00eancia de espa\u00e7o f\u00edsico adequado no F\u00f3rum de Viana para continuar abrigando a 2\u00aa Vara Criminal do ju\u00edzo de Viana, Comarca da Capital, de entr\u00e2ncia especial naquele local;<\/p>\n<p style=\"text-align: justify;\"><strong>CONSIDERANDO<\/strong> que o F\u00f3rum mais pr\u00f3ximo \u00e9 o do ju\u00edzo de Cariacica, que inclusive foi recentemente inaugurado e disp\u00f5e de espa\u00e7o adequado para abrigar provisoriamente a 2\u00aa Vara Criminal do Ju\u00edzo de Viana, Comarca da Capital, de entr\u00e2ncia especial.<\/p>\n<p style=\"text-align: justify;\"><strong>RESOLVE<\/strong>:<\/p>\n<p style=\"text-align: justify;\"><strong>Art. 1\u00ba<\/strong> \u2013 Transferir provisoriamente a 2\u00aa Vara Criminal do ju\u00edzo de Viana, para o F\u00f3rum de Cariacica, ambas Comarca da Capital, de Entr\u00e2ncia Especial.<\/p>\n<p style=\"text-align: justify;\"><strong>Art. 2\u00ba<\/strong> \u2013 Esta Resolu\u00e7\u00e3o entrar\u00e1 em vigor no prazo de 30 (trinta) dias a partir da sua publica\u00e7\u00e3o.<\/p>\n<p style=\"text-align: justify;\">Vit\u00f3ria, 02 de junho de 2011.<\/p>\n<p style=\"text-align: center;\"><strong>Desembargador MANOEL ALVES RABELO<\/strong><strong><br \/>\n<strong>PRESIDENTE<\/strong><\/strong><\/p>\n","protected":false},"excerpt":{"rendered":"<p>ESTADO DO ESP\u00cdRITO SANTO PODER JUDICI\u00c1RIO TRIBUNAL DE JUSTI\u00c7A RESOLU\u00c7\u00c3O N\u00ba 029\/2011 Transfere provisoriamente a 2\u00aa Vara Criminal do ju\u00edzo de Viana para o F\u00f3rum de Cariacica, ambas, Comarca da Capital, de Entr\u00e2ncia Especial O Exm\u00ba Sr. Presidente do Egr\u00e9gio Tribunal de Justi\u00e7a do Estado do Esp\u00edrito Santo, no uso de suas atribui\u00e7\u00f5es legais e [&hellip;]<\/p>\n","protected":false},"author":3,"featured_media":0,"comment_status":"open","ping_status":"open","sticky":false,"template":"","format":"standard","meta":{"footnotes":""},"categories":[14,13],"tags":[],"_links":{"self":[{"href":"https:\/\/www.tjes.jus.br\/corregedoria\/wp-json\/wp\/v2\/posts\/11577"}],"collection":[{"href":"https:\/\/www.tjes.jus.br\/corregedoria\/wp-json\/wp\/v2\/posts"}],"about":[{"href":"https:\/\/www.tjes.jus.br\/corregedoria\/wp-json\/wp\/v2\/types\/post"}],"author":[{"embeddable":true,"href":"https:\/\/www.tjes.jus.br\/corregedoria\/wp-json\/wp\/v2\/users\/3"}],"replies":[{"embeddable":true,"href":"https:\/\/www.tjes.jus.br\/corregedoria\/wp-json\/wp\/v2\/comments?post=11577"}],"version-history":[{"count":1,"href":"https:\/\/www.tjes.jus.br\/corregedoria\/wp-json\/wp\/v2\/posts\/11577\/revisions"}],"predecessor-version":[{"id":11578,"href":"https:\/\/www.tjes.jus.br\/corregedoria\/wp-json\/wp\/v2\/posts\/11577\/revisions\/11578"}],"wp:attachment":[{"href":"https:\/\/www.tjes.jus.br\/corregedoria\/wp-json\/wp\/v2\/media?parent=11577"}],"wp:term":[{"taxonomy":"category","embeddable":true,"href":"https:\/\/www.tjes.jus.br\/corregedoria\/wp-json\/wp\/v2\/categories?post=11577"},{"taxonomy":"post_tag","embeddable":true,"href":"https:\/\/www.tjes.jus.br\/corregedoria\/wp-json\/wp\/v2\/tags?post=11577"}],"curies":[{"name":"wp","href":"https:\/\/api.w.org\/{rel}","templated":true}]}}