{"id":11579,"date":"2017-02-16T16:50:30","date_gmt":"2017-02-16T18:50:30","guid":{"rendered":"https:\/\/www.tjes.jus.br\/corregedoria\/?p=11579"},"modified":"2017-02-16T16:50:30","modified_gmt":"2017-02-16T18:50:30","slug":"resolucao-no-302011-publ-em-08062011","status":"publish","type":"post","link":"https:\/\/www.tjes.jus.br\/corregedoria\/2017\/02\/16\/resolucao-no-302011-publ-em-08062011\/","title":{"rendered":"RESOLU\u00c7\u00c3O N\u00ba 30\/2011 &#8211; PUBL. EM 08\/06\/2011"},"content":{"rendered":"<p style=\"text-align: center;\"><strong>ESTADO DO ESP\u00cdRITO SANTO<\/strong><\/p>\n<p style=\"text-align: center;\"><strong>PODER JUDICI\u00c1RIO<\/strong><\/p>\n<p style=\"text-align: center;\"><strong>TRIBUNAL DE JUSTI\u00c7A<\/strong><\/p>\n<p style=\"text-align: center;\"><strong>RESOLU\u00c7\u00c3O N\u00ba 030\/2011<\/strong><\/p>\n<p style=\"text-align: justify;\"><strong><em>Revoga o \u00a7 2\u00ba, do art. 1\u00ba, da Resolu\u00e7\u00e3o n\u00ba 020\/2011.<\/em><\/strong><\/p>\n<p style=\"text-align: justify;\">O Exmo. Sr. Desembargador MANOEL ALVES RABELO, Presidente do Egr\u00e9gio Tribunal de Justi\u00e7a do Estado do Esp\u00edrito Santo, no uso de suas atribui\u00e7\u00f5es legais;<\/p>\n<p style=\"text-align: justify;\"><strong>CONSIDERANDO<\/strong> a decis\u00e3o un\u00e2nime tomada pelo Egr\u00e9gio Tribunal Pleno, em sess\u00e3o realizada nesta data;<\/p>\n<p style=\"text-align: justify;\"><strong>CONSIDERANDO<\/strong> o teor do <a href=\"https:\/\/www.tjes.jus.br\/corregedoria\/index.php\/2017\/02\/16\/resolucao-no-202011-publ-em-05052011-alterada\/\" target=\"_blank\">\u00a7 2\u00ba, do art. 1\u00ba da Resolu\u00e7\u00e3o n\u00ba 020\/2011, publicada no DJ de 05\/05\/2011<\/a>, que disp\u00f5e sobre o hor\u00e1rio de expediente dos \u00f3rg\u00e3os jurisdicionais de primeiro e segundo graus para atendimento ao p\u00fablico;<\/p>\n<p style=\"text-align: justify;\"><strong>CONSIDERANDO<\/strong> os termos da decis\u00e3o proferida pelo Conselho Nacional de Justi\u00e7a, na Consulta n\u00ba 0002041-81.2011.2.00.0000, que determinou a desconstitui\u00e7\u00e3o do <a href=\"https:\/\/www.tjes.jus.br\/corregedoria\/index.php\/2017\/02\/16\/resolucao-no-202011-publ-em-05052011-alterada\/\" target=\"_blank\">par\u00e1grafo 2\u00ba do art. 1\u00ba da Resolu\u00e7\u00e3o n\u00ba 20\/2011, deste Tribunal de Justi\u00e7a<\/a>,<\/p>\n<p style=\"text-align: justify;\"><strong>RESOLVE<\/strong>:<\/p>\n<p style=\"text-align: justify;\">Art. 1\u00ba \u2013 Fica revogado <a href=\"https:\/\/www.tjes.jus.br\/corregedoria\/index.php\/2017\/02\/16\/resolucao-no-202011-publ-em-05052011-alterada\/\" target=\"_blank\">\u00a7 2\u00ba, do artigo 1\u00ba, da Resolu\u00e7\u00e3o n\u00ba 020\/2011, publicada no Di\u00e1rio da Justi\u00e7a de 05\/05\/2011<\/a>.<\/p>\n<p style=\"text-align: justify;\">Vit\u00f3ria, 02 de junho de 2011.<\/p>\n<p style=\"text-align: center;\"><strong>Desembargador MANOEL ALVES RABELO<\/strong><strong><br \/>\n<strong>PRESIDENTE<\/strong><\/strong><\/p>\n<p>&nbsp;<\/p>\n","protected":false},"excerpt":{"rendered":"<p>ESTADO DO ESP\u00cdRITO SANTO PODER JUDICI\u00c1RIO TRIBUNAL DE JUSTI\u00c7A RESOLU\u00c7\u00c3O N\u00ba 030\/2011 Revoga o \u00a7 2\u00ba, do art. 1\u00ba, da Resolu\u00e7\u00e3o n\u00ba 020\/2011. O Exmo. Sr. Desembargador MANOEL ALVES RABELO, Presidente do Egr\u00e9gio Tribunal de Justi\u00e7a do Estado do Esp\u00edrito Santo, no uso de suas atribui\u00e7\u00f5es legais; CONSIDERANDO a decis\u00e3o un\u00e2nime tomada pelo Egr\u00e9gio Tribunal [&hellip;]<\/p>\n","protected":false},"author":3,"featured_media":0,"comment_status":"open","ping_status":"open","sticky":false,"template":"","format":"standard","meta":{"footnotes":""},"categories":[14,13],"tags":[],"_links":{"self":[{"href":"https:\/\/www.tjes.jus.br\/corregedoria\/wp-json\/wp\/v2\/posts\/11579"}],"collection":[{"href":"https:\/\/www.tjes.jus.br\/corregedoria\/wp-json\/wp\/v2\/posts"}],"about":[{"href":"https:\/\/www.tjes.jus.br\/corregedoria\/wp-json\/wp\/v2\/types\/post"}],"author":[{"embeddable":true,"href":"https:\/\/www.tjes.jus.br\/corregedoria\/wp-json\/wp\/v2\/users\/3"}],"replies":[{"embeddable":true,"href":"https:\/\/www.tjes.jus.br\/corregedoria\/wp-json\/wp\/v2\/comments?post=11579"}],"version-history":[{"count":1,"href":"https:\/\/www.tjes.jus.br\/corregedoria\/wp-json\/wp\/v2\/posts\/11579\/revisions"}],"predecessor-version":[{"id":11580,"href":"https:\/\/www.tjes.jus.br\/corregedoria\/wp-json\/wp\/v2\/posts\/11579\/revisions\/11580"}],"wp:attachment":[{"href":"https:\/\/www.tjes.jus.br\/corregedoria\/wp-json\/wp\/v2\/media?parent=11579"}],"wp:term":[{"taxonomy":"category","embeddable":true,"href":"https:\/\/www.tjes.jus.br\/corregedoria\/wp-json\/wp\/v2\/categories?post=11579"},{"taxonomy":"post_tag","embeddable":true,"href":"https:\/\/www.tjes.jus.br\/corregedoria\/wp-json\/wp\/v2\/tags?post=11579"}],"curies":[{"name":"wp","href":"https:\/\/api.w.org\/{rel}","templated":true}]}}