{"id":11583,"date":"2017-02-16T16:55:48","date_gmt":"2017-02-16T18:55:48","guid":{"rendered":"https:\/\/www.tjes.jus.br\/corregedoria\/?p=11583"},"modified":"2017-02-16T17:02:09","modified_gmt":"2017-02-16T19:02:09","slug":"resolucao-no-312011-publ-em-15062011","status":"publish","type":"post","link":"https:\/\/www.tjes.jus.br\/corregedoria\/2017\/02\/16\/resolucao-no-312011-publ-em-15062011\/","title":{"rendered":"RESOLU\u00c7\u00c3O N\u00ba 31\/2011 &#8211; PUBL. EM 15\/06\/2011 &#8211; REPUBLICADA"},"content":{"rendered":"<h2 style=\"text-align: center;\"><span style=\"color: #ff0000;\">REPUBLICADA EM 22\/06\/2011 POR CONTER INCORRE\u00c7\u00c3O (<a href=\"https:\/\/www.tjes.jus.br\/corregedoria\/index.php\/2017\/02\/16\/resolucao-no-312011-publ-em-22062011-republicacao\/\">CLIQUE AQUI<\/a>)<\/span><\/h2>\n<p style=\"text-align: center;\"><del><strong>ESTADO DO ESP\u00cdRITO SANTO<\/strong><\/del><\/p>\n<p style=\"text-align: center;\"><del><strong>PODER JUDICI\u00c1RIO<\/strong><\/del><\/p>\n<p style=\"text-align: center;\"><del><strong>TRIBUNAL DE JUSTI\u00c7A<\/strong><\/del><\/p>\n<p style=\"text-align: center;\"><del><strong>RESOLU\u00c7\u00c3O N\u00ba 031\/2011<\/strong><\/del><\/p>\n<p style=\"text-align: justify;\"><del>O Exm\u00ba Sr. Desembargador MANOEL ALVES RABELO, Presidente do Egr\u00e9gio Tribunal de Justi\u00e7a, no uso de suas atribui\u00e7\u00f5es legais e tendo em vista decis\u00e3o UN\u00c2NIME do Egr\u00e9gio Tribunal Pleno em sess\u00e3o ordin\u00e1ria realizada em 09\/06\/2011,<\/del><\/p>\n<p style=\"text-align: justify;\"><del><strong>RESOLVE<\/strong>:<\/del><\/p>\n<p style=\"text-align: justify;\"><del><strong>PRORROGAR<\/strong>, por 90 (noventa) dias, a partir de 03\/06\/2011, o prazo do processo administrativo disciplinar n\u00ba 100110000401, em face da Exm\u00aa Sr\u00aa Dr\u00aa CATARINA RAMOS ANTUNES, MM. Ju\u00edza de Direito da Comarca de Muniz Freire, de 1\u00aa Entr\u00e2ncia.<\/del><\/p>\n<p style=\"text-align: justify;\"><del><strong>PUBLIQUE-SE.<\/strong><\/del><\/p>\n<p style=\"text-align: justify;\"><del>Vit\u00f3ria, 10 de junho de 2011.<\/del><\/p>\n<p style=\"text-align: center;\"><del><strong>Desembargador MANOEL ALVES RABELO<br \/>\nPresidente<\/strong><\/del><\/p>\n","protected":false},"excerpt":{"rendered":"<p>REPUBLICADA EM 22\/06\/2011 POR CONTER INCORRE\u00c7\u00c3O (CLIQUE AQUI) ESTADO DO ESP\u00cdRITO SANTO PODER JUDICI\u00c1RIO TRIBUNAL DE JUSTI\u00c7A RESOLU\u00c7\u00c3O N\u00ba 031\/2011 O Exm\u00ba Sr. Desembargador MANOEL ALVES RABELO, Presidente do Egr\u00e9gio Tribunal de Justi\u00e7a, no uso de suas atribui\u00e7\u00f5es legais e tendo em vista decis\u00e3o UN\u00c2NIME do Egr\u00e9gio Tribunal Pleno em sess\u00e3o ordin\u00e1ria realizada em 09\/06\/2011, [&hellip;]<\/p>\n","protected":false},"author":3,"featured_media":0,"comment_status":"open","ping_status":"open","sticky":false,"template":"","format":"standard","meta":{"footnotes":""},"categories":[14,13],"tags":[],"_links":{"self":[{"href":"https:\/\/www.tjes.jus.br\/corregedoria\/wp-json\/wp\/v2\/posts\/11583"}],"collection":[{"href":"https:\/\/www.tjes.jus.br\/corregedoria\/wp-json\/wp\/v2\/posts"}],"about":[{"href":"https:\/\/www.tjes.jus.br\/corregedoria\/wp-json\/wp\/v2\/types\/post"}],"author":[{"embeddable":true,"href":"https:\/\/www.tjes.jus.br\/corregedoria\/wp-json\/wp\/v2\/users\/3"}],"replies":[{"embeddable":true,"href":"https:\/\/www.tjes.jus.br\/corregedoria\/wp-json\/wp\/v2\/comments?post=11583"}],"version-history":[{"count":5,"href":"https:\/\/www.tjes.jus.br\/corregedoria\/wp-json\/wp\/v2\/posts\/11583\/revisions"}],"predecessor-version":[{"id":11591,"href":"https:\/\/www.tjes.jus.br\/corregedoria\/wp-json\/wp\/v2\/posts\/11583\/revisions\/11591"}],"wp:attachment":[{"href":"https:\/\/www.tjes.jus.br\/corregedoria\/wp-json\/wp\/v2\/media?parent=11583"}],"wp:term":[{"taxonomy":"category","embeddable":true,"href":"https:\/\/www.tjes.jus.br\/corregedoria\/wp-json\/wp\/v2\/categories?post=11583"},{"taxonomy":"post_tag","embeddable":true,"href":"https:\/\/www.tjes.jus.br\/corregedoria\/wp-json\/wp\/v2\/tags?post=11583"}],"curies":[{"name":"wp","href":"https:\/\/api.w.org\/{rel}","templated":true}]}}