{"id":11589,"date":"2017-02-16T17:01:39","date_gmt":"2017-02-16T19:01:39","guid":{"rendered":"https:\/\/www.tjes.jus.br\/corregedoria\/?p=11589"},"modified":"2017-02-16T17:01:39","modified_gmt":"2017-02-16T19:01:39","slug":"resolucao-no-312011-publ-em-22062011-republicacao","status":"publish","type":"post","link":"https:\/\/www.tjes.jus.br\/corregedoria\/2017\/02\/16\/resolucao-no-312011-publ-em-22062011-republicacao\/","title":{"rendered":"RESOLU\u00c7\u00c3O N\u00ba 31\/2011 &#8211; PUBL. EM 22\/06\/2011 &#8211; REPUBLICA\u00c7\u00c3O"},"content":{"rendered":"<p style=\"text-align: center;\"><strong>ESTADO DO ESP\u00cdRITO SANTO<\/strong><\/p>\n<p style=\"text-align: center;\"><strong>PODER JUDICI\u00c1RIO<\/strong><\/p>\n<p style=\"text-align: center;\"><strong>RESOLU\u00c7\u00c3O N\u00ba 031\/2011<\/strong><\/p>\n<p style=\"text-align: justify;\">O Excelent\u00edssimo Senhor Desembargador MANOEL ALVES RABELO, Presidente do Egr\u00e9gio Tribunal de Justi\u00e7a do Estado do Esp\u00edrito Santo, no uso de suas atribui\u00e7\u00f5es legais, tendo em vista decis\u00e3o UN\u00c2NIME do Egr\u00e9gio Tribunal Pleno em sess\u00e3o realizada em 09\/06\/2011,<\/p>\n<p style=\"text-align: justify;\"><strong>RESOLVE:<\/strong><\/p>\n<p style=\"text-align: justify;\"><strong>PRORROGAR<\/strong> o <strong>AFASTAMENTO<\/strong> da Exm\u00aa Sr\u00aa Dr\u00aa CATARINA RAMOS ANTUNES, MM\u00aa Ju\u00edza de Direito da Comarca de Muniz Freire, de 1\u00aa Entr\u00e2ncia, por 90(noventa) dias, em face do processo administrativo disciplinar n\u00ba 100110000401, a partir de 1\u00ba\/06\/2011.<\/p>\n<p style=\"text-align: justify;\"><strong>PUBLIQUE-SE.<\/strong><\/p>\n<p style=\"text-align: justify;\"><strong>CUMPRA-SE.<\/strong><\/p>\n<p style=\"text-align: justify;\">Vit\u00f3ria, 10 de\u00a0 junho de 2011.<\/p>\n<p style=\"text-align: center;\"><strong>Desembargador MANOEL ALVES RABELO<br \/>\nPresidente<\/strong><\/p>\n<h2 style=\"text-align: center;\"><span style=\"color: #ff0000;\">REPRODUZIDO POR HAVER INCORRE\u00c7\u00c3O<\/span><\/h2>\n","protected":false},"excerpt":{"rendered":"<p>ESTADO DO ESP\u00cdRITO SANTO PODER JUDICI\u00c1RIO RESOLU\u00c7\u00c3O N\u00ba 031\/2011 O Excelent\u00edssimo Senhor Desembargador MANOEL ALVES RABELO, Presidente do Egr\u00e9gio Tribunal de Justi\u00e7a do Estado do Esp\u00edrito Santo, no uso de suas atribui\u00e7\u00f5es legais, tendo em vista decis\u00e3o UN\u00c2NIME do Egr\u00e9gio Tribunal Pleno em sess\u00e3o realizada em 09\/06\/2011, RESOLVE: PRORROGAR o AFASTAMENTO da Exm\u00aa Sr\u00aa Dr\u00aa [&hellip;]<\/p>\n","protected":false},"author":3,"featured_media":0,"comment_status":"open","ping_status":"open","sticky":false,"template":"","format":"standard","meta":{"footnotes":""},"categories":[14,13],"tags":[],"_links":{"self":[{"href":"https:\/\/www.tjes.jus.br\/corregedoria\/wp-json\/wp\/v2\/posts\/11589"}],"collection":[{"href":"https:\/\/www.tjes.jus.br\/corregedoria\/wp-json\/wp\/v2\/posts"}],"about":[{"href":"https:\/\/www.tjes.jus.br\/corregedoria\/wp-json\/wp\/v2\/types\/post"}],"author":[{"embeddable":true,"href":"https:\/\/www.tjes.jus.br\/corregedoria\/wp-json\/wp\/v2\/users\/3"}],"replies":[{"embeddable":true,"href":"https:\/\/www.tjes.jus.br\/corregedoria\/wp-json\/wp\/v2\/comments?post=11589"}],"version-history":[{"count":1,"href":"https:\/\/www.tjes.jus.br\/corregedoria\/wp-json\/wp\/v2\/posts\/11589\/revisions"}],"predecessor-version":[{"id":11590,"href":"https:\/\/www.tjes.jus.br\/corregedoria\/wp-json\/wp\/v2\/posts\/11589\/revisions\/11590"}],"wp:attachment":[{"href":"https:\/\/www.tjes.jus.br\/corregedoria\/wp-json\/wp\/v2\/media?parent=11589"}],"wp:term":[{"taxonomy":"category","embeddable":true,"href":"https:\/\/www.tjes.jus.br\/corregedoria\/wp-json\/wp\/v2\/categories?post=11589"},{"taxonomy":"post_tag","embeddable":true,"href":"https:\/\/www.tjes.jus.br\/corregedoria\/wp-json\/wp\/v2\/tags?post=11589"}],"curies":[{"name":"wp","href":"https:\/\/api.w.org\/{rel}","templated":true}]}}