{"id":11592,"date":"2017-02-16T17:04:47","date_gmt":"2017-02-16T19:04:47","guid":{"rendered":"https:\/\/www.tjes.jus.br\/corregedoria\/?p=11592"},"modified":"2017-02-16T17:04:47","modified_gmt":"2017-02-16T19:04:47","slug":"resolucao-no-322011-publ-em-12072011","status":"publish","type":"post","link":"https:\/\/www.tjes.jus.br\/corregedoria\/2017\/02\/16\/resolucao-no-322011-publ-em-12072011\/","title":{"rendered":"RESOLU\u00c7\u00c3O N\u00ba 32\/2011 &#8211; PUBL. EM 12\/07\/2011"},"content":{"rendered":"<p style=\"text-align: center;\"><strong>ESTADO DO ESP\u00cdRITO SANTO<\/strong><b><\/b><\/p>\n<p style=\"text-align: center;\"><strong>PODER JUDICI\u00c1RIO<\/strong><b><\/b><\/p>\n<p style=\"text-align: center;\"><strong>TRIBUNAL DE JUSTI\u00c7A<\/strong><\/p>\n<p style=\"text-align: center;\"><strong>RESOLU\u00c7\u00c3O N\u00ba 032\/2011<\/strong><\/p>\n<p style=\"text-align: justify;\"><em><strong>Autoriza a instala\u00e7\u00e3o da 2\u00aa Vara Especializada da Inf\u00e2ncia e Juventude do Ju\u00edzo de Vit\u00f3ria, Comarca da Capital, de Entr\u00e2ncia Especial e atribui compet\u00eancia para processar os feitos envolvendo atos infracionais e execu\u00e7\u00e3o de medidas socioeducativas<\/strong><\/em><\/p>\n<p style=\"text-align: justify;\">O Exm\u00ba Sr. Desembargador Manoel Alves Rabelo, Presidente do Egr\u00e9gio Tribunal de Justi\u00e7a do Estado do Esp\u00edrito Santo, no uso de suas atribui\u00e7\u00f5es legais e tendo em vista decis\u00e3o do Egr\u00e9gio Tribunal Pleno, em sess\u00e3o realizada em 07\/07\/2011;<\/p>\n<p style=\"text-align: justify;\"><strong>CONSIDERANDO<\/strong> que o art. 178, da Lei Complementar estadual n\u00ba 234\/02 estabelece que na Comarca da Capital, as Varas poder\u00e3o ser instaladas em qualquer Munic\u00edpio ou Distrito que acompanha, por Resolu\u00e7\u00e3o do Tribunal de Justi\u00e7a;<\/p>\n<p style=\"text-align: justify;\"><strong>CONSIDERANDO<\/strong> que o art. 181 da Lei Complementar estadual n\u00ba 234\/02 atribui ao Tribunal de Justi\u00e7a compet\u00eancia para editar Resolu\u00e7\u00f5es Complementares, a fim de instituir normas gerais e necess\u00e1rias \u00e0 execu\u00e7\u00e3o da Organiza\u00e7\u00e3o Judici\u00e1ria;<\/p>\n<p style=\"text-align: justify;\"><strong>CONSIDERANDO<\/strong> a previs\u00e3o legal (art. 39, inciso I, al\u00ednea \u201ci\u201d da Lei Complementar estadual n\u00ba 234\/02) de mais uma vara da Inf\u00e2ncia e Juventude no Ju\u00edzo de Vit\u00f3ria, Comarca da Capital, de Entr\u00e2ncia Especial;<\/p>\n<p style=\"text-align: justify;\"><strong>CONSIDERANDO,<\/strong> ainda, a necessidade de implementar melhorias na presta\u00e7\u00e3o jurisdicional, havendo oportunidade e conveni\u00eancia administrativa na instala\u00e7\u00e3o da aludida Vara;<\/p>\n<p style=\"text-align: justify;\"><strong>CONSIDERANDO<\/strong> o relat\u00f3rio final do Programa \u201cJusti\u00e7a ao Jovem\u201d do Conselho Nacional de Justi\u00e7a realizado no Estado do Esp\u00edrito Santo recomendando a instala\u00e7\u00e3o da 2\u00aa Vara da Inf\u00e2ncia e Juventude do Ju\u00edzo de Vit\u00f3ria, Comarca da Capital;<\/p>\n<p style=\"text-align: justify;\"><strong>RESOLVE:<\/strong><\/p>\n<p style=\"text-align: justify;\"><strong>Art. 1\u00ba<\/strong> \u2013 Autorizar a instala\u00e7\u00e3o da 2\u00aa Vara Especializada da Inf\u00e2ncia e Juventude do Ju\u00edzo de Vit\u00f3ria, Comarca da Capital, de Entr\u00e2ncia Especial, atribuindo-lhe compet\u00eancia para processar os feitos envolvendo atos infracionais e execu\u00e7\u00e3o de medidas socioeducativas.<\/p>\n<p style=\"text-align: justify;\">Par\u00e1grafo \u00fanico \u2013 Todos os feitos mencionados no caput e que tramitam na 1\u00aa Vara dever\u00e3o ser encaminhados para a 2\u00aa Vara, passando aquela (1\u00aa Vara) a ter compet\u00eancia residual.<\/p>\n<p style=\"text-align: justify;\"><strong>Art. 2\u00ba<\/strong> \u2013 A instala\u00e7\u00e3o e o funcionamento efetivo da Vara de que trata o artigo anterior ser\u00e3o precedidos de ato solene, com a participa\u00e7\u00e3o do Presidente do Tribunal de Justi\u00e7a.<\/p>\n<p style=\"text-align: justify;\"><strong>Art. 3\u00ba<\/strong> \u2013 Enquanto n\u00e3o forem providos os cargos (Analista Judici\u00e1rio 02 \u2013 \u00c1rea Judici\u00e1ria \u2013 Comiss\u00e1rio da Inf\u00e2ncia e Juventude e Analista Judici\u00e1rio 02 \u2013 \u00c1rea de Apoio Especializado \u2013 Servi\u00e7o Social) da 2\u00aa Vara da Inf\u00e2ncia e Juventude, os servidores da 1\u00aa Vara dever\u00e3o atender a demanda da vara instalada.<\/p>\n<p style=\"text-align: justify;\"><strong>Art. 4\u00ba<\/strong> \u2013 Caber\u00e1 ao Diretor do F\u00f3rum, enquanto n\u00e3o providos todos os cargos da vara, efetuar a localiza\u00e7\u00e3o dos servidores.<\/p>\n<p style=\"text-align: justify;\"><strong>Art. 5\u00ba<\/strong> \u2013 Os casos omissos ser\u00e3o decididos pela Presid\u00eancia do Tribunal.<\/p>\n<p style=\"text-align: justify;\"><strong>Art. 6\u00ba<\/strong>&#8211; Esta Resolu\u00e7\u00e3o entrar\u00e1 em vigor no prazo de 30 (trinta) dias a partir da sua publica\u00e7\u00e3o.<\/p>\n<p style=\"text-align: justify;\">Vit\u00f3ria, 07 de julho de 2011.<\/p>\n<p style=\"text-align: center;\"><strong>Desembargador MANOEL ALVES RABELO<br \/>\nPRESIDENTE<\/strong><\/p>\n","protected":false},"excerpt":{"rendered":"<p>ESTADO DO ESP\u00cdRITO SANTO PODER JUDICI\u00c1RIO TRIBUNAL DE JUSTI\u00c7A RESOLU\u00c7\u00c3O N\u00ba 032\/2011 Autoriza a instala\u00e7\u00e3o da 2\u00aa Vara Especializada da Inf\u00e2ncia e Juventude do Ju\u00edzo de Vit\u00f3ria, Comarca da Capital, de Entr\u00e2ncia Especial e atribui compet\u00eancia para processar os feitos envolvendo atos infracionais e execu\u00e7\u00e3o de medidas socioeducativas O Exm\u00ba Sr. Desembargador Manoel Alves Rabelo, [&hellip;]<\/p>\n","protected":false},"author":3,"featured_media":0,"comment_status":"open","ping_status":"open","sticky":false,"template":"","format":"standard","meta":{"footnotes":""},"categories":[14,13],"tags":[],"_links":{"self":[{"href":"https:\/\/www.tjes.jus.br\/corregedoria\/wp-json\/wp\/v2\/posts\/11592"}],"collection":[{"href":"https:\/\/www.tjes.jus.br\/corregedoria\/wp-json\/wp\/v2\/posts"}],"about":[{"href":"https:\/\/www.tjes.jus.br\/corregedoria\/wp-json\/wp\/v2\/types\/post"}],"author":[{"embeddable":true,"href":"https:\/\/www.tjes.jus.br\/corregedoria\/wp-json\/wp\/v2\/users\/3"}],"replies":[{"embeddable":true,"href":"https:\/\/www.tjes.jus.br\/corregedoria\/wp-json\/wp\/v2\/comments?post=11592"}],"version-history":[{"count":1,"href":"https:\/\/www.tjes.jus.br\/corregedoria\/wp-json\/wp\/v2\/posts\/11592\/revisions"}],"predecessor-version":[{"id":11593,"href":"https:\/\/www.tjes.jus.br\/corregedoria\/wp-json\/wp\/v2\/posts\/11592\/revisions\/11593"}],"wp:attachment":[{"href":"https:\/\/www.tjes.jus.br\/corregedoria\/wp-json\/wp\/v2\/media?parent=11592"}],"wp:term":[{"taxonomy":"category","embeddable":true,"href":"https:\/\/www.tjes.jus.br\/corregedoria\/wp-json\/wp\/v2\/categories?post=11592"},{"taxonomy":"post_tag","embeddable":true,"href":"https:\/\/www.tjes.jus.br\/corregedoria\/wp-json\/wp\/v2\/tags?post=11592"}],"curies":[{"name":"wp","href":"https:\/\/api.w.org\/{rel}","templated":true}]}}