{"id":11612,"date":"2017-02-16T17:50:45","date_gmt":"2017-02-16T19:50:45","guid":{"rendered":"https:\/\/www.tjes.jus.br\/corregedoria\/?p=11612"},"modified":"2017-02-16T17:57:52","modified_gmt":"2017-02-16T19:57:52","slug":"resolucao-no-402011-publ-em-26072011-alterado-republicado","status":"publish","type":"post","link":"https:\/\/www.tjes.jus.br\/corregedoria\/2017\/02\/16\/resolucao-no-402011-publ-em-26072011-alterado-republicado\/","title":{"rendered":"RESOLU\u00c7\u00c3O N\u00ba 40\/2011 &#8211; PUBL. EM 26\/07\/2011 &#8211; ALTERADO &#8211; REPUBLICADO"},"content":{"rendered":"<h2 style=\"text-align: center;\"><span style=\"color: #ff0000;\">REPUBLICADA EM 05\/08\/2011 POR CONTER INCORRE\u00c7\u00d5ES (<a href=\"https:\/\/www.tjes.jus.br\/corregedoria\/index.php\/2017\/02\/16\/resolucao-no-402011-publ-em-05082011-republicacao\/\">CLIQUE AQUI<\/a>)<\/span><\/h2>\n<p style=\"text-align: center;\"><del><strong>ESTADO DO ESP\u00cdRITO SANTO<\/strong><\/del><\/p>\n<p style=\"text-align: center;\"><del><strong>PODER JUDICI\u00c1RIO<\/strong><\/del><\/p>\n<p style=\"text-align: center;\"><del><strong>TRIBUNAL DE JUSTI\u00c7A<\/strong><\/del><\/p>\n<p style=\"text-align: center;\"><del><strong>RESOLU\u00c7\u00c3O N\u00ba 040\/2011<\/strong><\/del><\/p>\n<p style=\"text-align: justify;\"><del><strong><em>Atribui compet\u00eancia \u00e0s Varas da Inf\u00e2ncia e Juventude das Comarcas de Cachoeiro de Itapemirim e Linhares para execu\u00e7\u00e3o das medidas socioeducativas que impliquem em priva\u00e7\u00e3o de liberdade das regi\u00f5es sul e norte, respectivamente, bem como estabelece compet\u00eancia da 2\u00aa Vara da Inf\u00e2ncia e Juventude do Ju\u00edzo de Vit\u00f3ria, Comarca da Capital, para execu\u00e7\u00e3o das medidas socioeducativas que impliquem em priva\u00e7\u00e3o de liberdade dos ju\u00edzos da Comarca da Capital, Fund\u00e3o e Guarapari.<\/em><\/strong><\/del><\/p>\n<p style=\"text-align: justify;\"><del>O Exm\u00ba Sr. Desembargador Manoel Alves Rabelo, Presidente do Egr\u00e9gio Tribunal de Justi\u00e7a do Estado do Esp\u00edrito Santo, no uso de suas atribui\u00e7\u00f5es legais e tendo em vista decis\u00e3o do Egr\u00e9gio Tribunal Pleno, em sess\u00e3o realizada nesta data ;<\/del><\/p>\n<p style=\"text-align: justify;\"><del><strong>CONSIDERANDO<\/strong> que o art. 181, par\u00e1grafo \u00fanico, da Lei Complementar n\u00ba 234\/02, atribui ao Tribunal de Justi\u00e7a compet\u00eancia para editar Resolu\u00e7\u00f5es, a fim de instituir normas gerais e necess\u00e1rias \u00e0 execu\u00e7\u00e3o da Organiza\u00e7\u00e3o Judici\u00e1ria;<\/del><\/p>\n<p style=\"text-align: justify;\"><del><strong>CONSIDERANDO<\/strong> o relat\u00f3rio final do Programa \u201cJusti\u00e7a ao Jovem\u201d do Conselho Nacional de Justi\u00e7a realizado no Estado do Esp\u00edrito Santo e encaminhado \u00e0 Presid\u00eancia do Tribunal de Justi\u00e7a, recomendando a descentraliza\u00e7\u00e3o da execu\u00e7\u00e3o das medidas socioeducativas (regi\u00f5es norte e sul);<\/del><\/p>\n<p style=\"text-align: justify;\"><del><strong>RESOLVE<\/strong>:<\/del><\/p>\n<p style=\"text-align: justify;\"><del>Art. 1\u00ba \u2013 Atribuir \u00e0 Vara da Inf\u00e2ncia e Juventude da Comarca de Cachoeiro de Itapemirim, sem qualquer exclus\u00e3o das fun\u00e7\u00f5es administrativas e jurisdicionais por esta j\u00e1 titularizadas, compet\u00eancia para a execu\u00e7\u00e3o das medidas socioeducativas que impliquem priva\u00e7\u00e3o de liberdade, de que trata a Lei n\u00ba 8069, de 13 de julho de 1990, relativas \u00e0s comarcas da Regi\u00e3o Sul (Alfredo Chaves, Afonso Cl\u00e1udio, Anchieta, Apiac\u00e1, Atilio Vivacqua, Concei\u00e7\u00e3o do Castelo, Dores do Rio Preto, Ibatiba, Ibitirama, Iconha, Itarana, Itagua\u00e7u, Jer\u00f4nimo Monteiro, Laranja da Terra, Muniz Freire, Muqui, Pi\u00fama, Presidente Kennedy, Rio Novo do Sul, S\u00e3o Jos\u00e9 do Cal\u00e7ado, Santa Teresa, Santa Maria de Jetib\u00e1, Santa Leopoldina,Vargem Alta, Venda Nova do Imigrante, Castelo, Domingos Martins, Marechal Floriano, Bom Jesus do Norte, Alegre, Gua\u00e7u\u00ed, I\u00fana, Mimoso do Sul, Cachoeiro de Itapemirmim, Itapemirim e Marata\u00edzes).<\/del><\/p>\n<p style=\"text-align: justify;\"><del>Art. 2\u00ba \u2013 Atribuir \u00e0 Vara da Inf\u00e2ncia e Juventude da Comarca de Linhares, sem qualquer exclus\u00e3o das fun\u00e7\u00f5es administrativas e jurisdicionais por esta j\u00e1 titularizadas, compet\u00eancia para a execu\u00e7\u00e3o das medidas socioeducativas que impliquem priva\u00e7\u00e3o de liberdade, de que trata a Lei n\u00ba 8069, de 13 de julho de 1990, relativas \u00e0s comarcas da Regi\u00e3o Norte (\u00c1gua Doce do Norte, \u00c1guia Branca, Alto Rio Novo, Boa Esperan\u00e7a, Ecoporanga, Jaguar\u00e9, Jo\u00e3o Neiva, Mantenop\u00f3lis, Maril\u00e2ndia, Montanha, Mucurici, Pedro Can\u00e1rio, Pinheiros, Rio Bananal, S\u00e3o Domingos do Norte, Baixo Guandu, Concei\u00e7\u00e3o da Barra, Ibira\u00e7u, S\u00e3o Gabriel da Palha, Pancas, Barra de S\u00e3o Francisco, Colatina, Linhares, Nova Ven\u00e9cia, S\u00e3o Mateus e Aracruz).<\/del><\/p>\n<p style=\"text-align: justify;\"><del>Art. 3\u00ba \u2013 Atribuir \u00e0 2\u00aa Vara da Inf\u00e2ncia e Juventude do Ju\u00edzo de Vit\u00f3ria, Comarca da Capital, compet\u00eancia para a execu\u00e7\u00e3o das medidas socioeducativas que impliquem priva\u00e7\u00e3o de liberdade, de que trata a Lei n\u00ba 8069, de 13 de julho de 1990, relativas \u00e0s Comarcas da Capital (Ju\u00edzos de Vit\u00f3ria, Vila Velha, Serra, Cariacica e Viana), de Guarapari e Fund\u00e3o.<\/del><\/p>\n<p style=\"text-align: justify;\"><del>Art. 4\u00ba \u2013 Os casos omissos ser\u00e3o decididos pela Presid\u00eancia do Tribunal.<\/del><\/p>\n<p style=\"text-align: justify;\"><del>Art. 5\u00ba \u2013 A presente Resolu\u00e7\u00e3o passar\u00e1 a vigorar no prazo de 90 (noventa) dias a contar da sua publica\u00e7\u00e3o.<\/del><\/p>\n<p style=\"text-align: justify;\"><del>Par\u00e1grafo \u00fanico \u2013 Durante o per\u00edodo compreendido entre o in\u00edcio da vig\u00eancia da Resolu\u00e7\u00e3o n\u00ba 032\/2011 e o desta Resolu\u00e7\u00e3o, competir\u00e1 a 2\u00aa Vara da Inf\u00e2ncia e Juventude de Vit\u00f3ria, Comarca da Capital, de Entr\u00e2ncia Especial, a execu\u00e7\u00e3o das medidas socioeducativas que impliquem em priva\u00e7\u00e3o de liberdade em todo territ\u00f3rio estadual. <strong>(Errata publicada em <a href=\"https:\/\/www.tjes.jus.br\/corregedoria\/index.php\/2017\/02\/16\/errata-publicada-em-05082011-na-resolucao-no-0402011\/\" target=\"_blank\">05\/08\/2011<\/a>)<\/strong><\/del><\/p>\n<p style=\"text-align: justify;\"><del>Vit\u00f3ria, 21 de julho de 2011.<\/del><\/p>\n<p style=\"text-align: center;\"><del><strong>Desembargador MANOEL ALVES RABELO<br \/>\nPRESIDENTE<\/strong><\/del><\/p>\n<h2 style=\"text-align: center;\"><del><span style=\"color: #ff0000;\">ERRATA PUBLICADA EM 05\/08\/2011<\/span><\/del><\/h2>\n","protected":false},"excerpt":{"rendered":"<p>REPUBLICADA EM 05\/08\/2011 POR CONTER INCORRE\u00c7\u00d5ES (CLIQUE AQUI) ESTADO DO ESP\u00cdRITO SANTO PODER JUDICI\u00c1RIO TRIBUNAL DE JUSTI\u00c7A RESOLU\u00c7\u00c3O N\u00ba 040\/2011 Atribui compet\u00eancia \u00e0s Varas da Inf\u00e2ncia e Juventude das Comarcas de Cachoeiro de Itapemirim e Linhares para execu\u00e7\u00e3o das medidas socioeducativas que impliquem em priva\u00e7\u00e3o de liberdade das regi\u00f5es sul e norte, respectivamente, bem como [&hellip;]<\/p>\n","protected":false},"author":3,"featured_media":0,"comment_status":"open","ping_status":"open","sticky":false,"template":"","format":"standard","meta":{"footnotes":""},"categories":[14,13],"tags":[],"_links":{"self":[{"href":"https:\/\/www.tjes.jus.br\/corregedoria\/wp-json\/wp\/v2\/posts\/11612"}],"collection":[{"href":"https:\/\/www.tjes.jus.br\/corregedoria\/wp-json\/wp\/v2\/posts"}],"about":[{"href":"https:\/\/www.tjes.jus.br\/corregedoria\/wp-json\/wp\/v2\/types\/post"}],"author":[{"embeddable":true,"href":"https:\/\/www.tjes.jus.br\/corregedoria\/wp-json\/wp\/v2\/users\/3"}],"replies":[{"embeddable":true,"href":"https:\/\/www.tjes.jus.br\/corregedoria\/wp-json\/wp\/v2\/comments?post=11612"}],"version-history":[{"count":4,"href":"https:\/\/www.tjes.jus.br\/corregedoria\/wp-json\/wp\/v2\/posts\/11612\/revisions"}],"predecessor-version":[{"id":11620,"href":"https:\/\/www.tjes.jus.br\/corregedoria\/wp-json\/wp\/v2\/posts\/11612\/revisions\/11620"}],"wp:attachment":[{"href":"https:\/\/www.tjes.jus.br\/corregedoria\/wp-json\/wp\/v2\/media?parent=11612"}],"wp:term":[{"taxonomy":"category","embeddable":true,"href":"https:\/\/www.tjes.jus.br\/corregedoria\/wp-json\/wp\/v2\/categories?post=11612"},{"taxonomy":"post_tag","embeddable":true,"href":"https:\/\/www.tjes.jus.br\/corregedoria\/wp-json\/wp\/v2\/tags?post=11612"}],"curies":[{"name":"wp","href":"https:\/\/api.w.org\/{rel}","templated":true}]}}