{"id":11649,"date":"2017-02-17T12:36:19","date_gmt":"2017-02-17T14:36:19","guid":{"rendered":"https:\/\/www.tjes.jus.br\/corregedoria\/?p=11649"},"modified":"2017-02-17T12:36:19","modified_gmt":"2017-02-17T14:36:19","slug":"resolucao-no-522011-publ-em-10102011","status":"publish","type":"post","link":"https:\/\/www.tjes.jus.br\/corregedoria\/2017\/02\/17\/resolucao-no-522011-publ-em-10102011\/","title":{"rendered":"RESOLU\u00c7\u00c3O N\u00ba 52\/2011 &#8211; PUBL. EM 10\/10\/2011"},"content":{"rendered":"<p style=\"text-align: center;\"><strong>PODER JUDICI\u00c1RIO DO ESTADO DO ESP\u00cdRITO SANTO<\/strong><\/p>\n<p style=\"text-align: center;\"><strong>TRIBUNAL DE JUSTI\u00c7A<\/strong><\/p>\n<p style=\"text-align: center;\"><strong>RESOLU\u00c7\u00c3O N\u00ba 052\/2011<\/strong><\/p>\n<p style=\"text-align: justify;\">O Exm\u00ba Sr. Desembargador MANOEL ALVES RABELO, Presidente do Egr\u00e9gio Tribunal de Justi\u00e7a, no uso de suas atribui\u00e7\u00f5es legais e tendo em vista decis\u00e3o un\u00e2nime do Egr\u00e9gio Tribunal Pleno, em sess\u00e3o ordin\u00e1ria realizada nesta data,<\/p>\n<p style=\"text-align: justify;\"><strong>RESOLVE:<\/strong><\/p>\n<p style=\"text-align: justify;\">Ficam eleitos para compor a MESA DIRETORA do Egr\u00e9gio Tribunal de Justi\u00e7a, para o Bi\u00eanio 2012\/2013, os Exm\u00bas Srs Desembargadores, a saber:<\/p>\n<p style=\"text-align: justify;\">\u2013 PEDRO VALLS FEU ROSA \u2013 PRESIDENTE<br \/>\n\u2013 CARLOS ROBERTO MIGNONE \u2013 VICE-PRESIDENTE<br \/>\n\u2013 CARLOS HENRIQUE RIOS DO AMARAL \u2013 CORREGEDOR GERAL DA JUSTI\u00c7A<\/p>\n<p style=\"text-align: justify;\"><strong>PUBLIQUE-SE.<\/strong><\/p>\n<p style=\"text-align: justify;\">Vit\u00f3ria, 06 de outubro de 2011.<\/p>\n<p style=\"text-align: center;\"><strong>Desembargador MANOEL ALVES RABELO<br \/>\nPresidente<\/strong><\/p>\n","protected":false},"excerpt":{"rendered":"<p>PODER JUDICI\u00c1RIO DO ESTADO DO ESP\u00cdRITO SANTO TRIBUNAL DE JUSTI\u00c7A RESOLU\u00c7\u00c3O N\u00ba 052\/2011 O Exm\u00ba Sr. Desembargador MANOEL ALVES RABELO, Presidente do Egr\u00e9gio Tribunal de Justi\u00e7a, no uso de suas atribui\u00e7\u00f5es legais e tendo em vista decis\u00e3o un\u00e2nime do Egr\u00e9gio Tribunal Pleno, em sess\u00e3o ordin\u00e1ria realizada nesta data, RESOLVE: Ficam eleitos para compor a MESA [&hellip;]<\/p>\n","protected":false},"author":3,"featured_media":0,"comment_status":"open","ping_status":"open","sticky":false,"template":"","format":"standard","meta":{"footnotes":""},"categories":[14,13],"tags":[],"_links":{"self":[{"href":"https:\/\/www.tjes.jus.br\/corregedoria\/wp-json\/wp\/v2\/posts\/11649"}],"collection":[{"href":"https:\/\/www.tjes.jus.br\/corregedoria\/wp-json\/wp\/v2\/posts"}],"about":[{"href":"https:\/\/www.tjes.jus.br\/corregedoria\/wp-json\/wp\/v2\/types\/post"}],"author":[{"embeddable":true,"href":"https:\/\/www.tjes.jus.br\/corregedoria\/wp-json\/wp\/v2\/users\/3"}],"replies":[{"embeddable":true,"href":"https:\/\/www.tjes.jus.br\/corregedoria\/wp-json\/wp\/v2\/comments?post=11649"}],"version-history":[{"count":1,"href":"https:\/\/www.tjes.jus.br\/corregedoria\/wp-json\/wp\/v2\/posts\/11649\/revisions"}],"predecessor-version":[{"id":11650,"href":"https:\/\/www.tjes.jus.br\/corregedoria\/wp-json\/wp\/v2\/posts\/11649\/revisions\/11650"}],"wp:attachment":[{"href":"https:\/\/www.tjes.jus.br\/corregedoria\/wp-json\/wp\/v2\/media?parent=11649"}],"wp:term":[{"taxonomy":"category","embeddable":true,"href":"https:\/\/www.tjes.jus.br\/corregedoria\/wp-json\/wp\/v2\/categories?post=11649"},{"taxonomy":"post_tag","embeddable":true,"href":"https:\/\/www.tjes.jus.br\/corregedoria\/wp-json\/wp\/v2\/tags?post=11649"}],"curies":[{"name":"wp","href":"https:\/\/api.w.org\/{rel}","templated":true}]}}