{"id":11661,"date":"2017-02-17T12:54:23","date_gmt":"2017-02-17T14:54:23","guid":{"rendered":"https:\/\/www.tjes.jus.br\/corregedoria\/?p=11661"},"modified":"2017-02-24T15:30:49","modified_gmt":"2017-02-24T18:30:49","slug":"resolucao-no-582011-publ-em-10102011-alterada","status":"publish","type":"post","link":"https:\/\/www.tjes.jus.br\/corregedoria\/2017\/02\/17\/resolucao-no-582011-publ-em-10102011-alterada\/","title":{"rendered":"RESOLU\u00c7\u00c3O N\u00ba 58\/2011 &#8211; PUBL. EM 10\/10\/2011 &#8211; ALTERADA"},"content":{"rendered":"<p style=\"text-align: center;\"><strong>PODER JUDICI\u00c1RIO DO ESTADO DO ESP\u00cdRITO SANTO<\/strong><\/p>\n<p style=\"text-align: center;\"><strong>TRIBUNAL DE JUSTI\u00c7A<\/strong><\/p>\n<p style=\"text-align: center;\"><strong>RESOLU\u00c7\u00c3O N\u00ba 058\/2011<\/strong><\/p>\n<p style=\"text-align: justify;\">O Exm\u00ba Sr. Desembargador MANOEL ALVES RABELO, Presidente do Egr\u00e9gio Tribunal de Justi\u00e7a, no uso de suas atribui\u00e7\u00f5es legais e tendo em vista decis\u00e3o un\u00e2nime do Egr\u00e9gio Tribunal Pleno, em sess\u00e3o ordin\u00e1ria realizada nesta data,<\/p>\n<p style=\"text-align: justify;\"><strong>RESOLVE:<\/strong><\/p>\n<p style=\"text-align: justify;\"><strong>CONSTITUIR<\/strong> a Comiss\u00e3o de S\u00daMULA e JURISPRUD\u00caNCIA para o Bi\u00eanio 2012\/2013, composta pelos Exm\u00bas Srs. Desembargadores:<\/p>\n<p style=\"text-align: center;\">Des. CARLOS ROBERTO MIGNONE (VICE-PRESIDENTE)<br \/>\n<strong>PRESIDENTE<\/strong><\/p>\n<p style=\"text-align: center;\"><strong>MEMBROS<br \/>\n<\/strong><del>Des. MAUR\u00cdLIO ALMEIDA DE ABREU<\/del><br \/>\nDes. MANOEL ALVES RABELO <strong>(Alterado pela <a href=\"https:\/\/www.tjes.jus.br\/corregedoria\/index.php\/2016\/07\/05\/resolucao-no-0502013-disp-10102013\/\" target=\"_blank\">Resolu\u00e7\u00e3o n\u00ba 50\/2013<\/a>, disponibilizada em 10\/10\/2013)<\/strong><br \/>\nDes. SAMUEL MEIRA BRASIL JUNIOR<\/p>\n<p style=\"text-align: justify;\"><strong>PUBLIQUE-SE.<br \/>\n<\/strong>Vit\u00f3ria, 06 de outubro de 2011.<\/p>\n<p style=\"text-align: center;\"><strong>Desembargador MANOEL ALVES RABELO<\/strong><strong><br \/>\n<strong>Presidente<\/strong><\/strong><\/p>\n<h2 style=\"text-align: center;\"><span style=\"color: #ff0000;\">ALTERADA PELA <a href=\"https:\/\/www.tjes.jus.br\/corregedoria\/index.php\/2016\/07\/05\/resolucao-no-0502013-disp-10102013\/\" target=\"_blank\">RESOLU\u00c7\u00c3O N\u00ba 050\/2013<\/a> \u2013 DISP. 10\/10\/2013<\/span><\/h2>\n","protected":false},"excerpt":{"rendered":"<p>PODER JUDICI\u00c1RIO DO ESTADO DO ESP\u00cdRITO SANTO TRIBUNAL DE JUSTI\u00c7A RESOLU\u00c7\u00c3O N\u00ba 058\/2011 O Exm\u00ba Sr. Desembargador MANOEL ALVES RABELO, Presidente do Egr\u00e9gio Tribunal de Justi\u00e7a, no uso de suas atribui\u00e7\u00f5es legais e tendo em vista decis\u00e3o un\u00e2nime do Egr\u00e9gio Tribunal Pleno, em sess\u00e3o ordin\u00e1ria realizada nesta data, RESOLVE: CONSTITUIR a Comiss\u00e3o de S\u00daMULA e [&hellip;]<\/p>\n","protected":false},"author":3,"featured_media":0,"comment_status":"open","ping_status":"open","sticky":false,"template":"","format":"standard","meta":{"footnotes":""},"categories":[14,13],"tags":[],"_links":{"self":[{"href":"https:\/\/www.tjes.jus.br\/corregedoria\/wp-json\/wp\/v2\/posts\/11661"}],"collection":[{"href":"https:\/\/www.tjes.jus.br\/corregedoria\/wp-json\/wp\/v2\/posts"}],"about":[{"href":"https:\/\/www.tjes.jus.br\/corregedoria\/wp-json\/wp\/v2\/types\/post"}],"author":[{"embeddable":true,"href":"https:\/\/www.tjes.jus.br\/corregedoria\/wp-json\/wp\/v2\/users\/3"}],"replies":[{"embeddable":true,"href":"https:\/\/www.tjes.jus.br\/corregedoria\/wp-json\/wp\/v2\/comments?post=11661"}],"version-history":[{"count":4,"href":"https:\/\/www.tjes.jus.br\/corregedoria\/wp-json\/wp\/v2\/posts\/11661\/revisions"}],"predecessor-version":[{"id":12221,"href":"https:\/\/www.tjes.jus.br\/corregedoria\/wp-json\/wp\/v2\/posts\/11661\/revisions\/12221"}],"wp:attachment":[{"href":"https:\/\/www.tjes.jus.br\/corregedoria\/wp-json\/wp\/v2\/media?parent=11661"}],"wp:term":[{"taxonomy":"category","embeddable":true,"href":"https:\/\/www.tjes.jus.br\/corregedoria\/wp-json\/wp\/v2\/categories?post=11661"},{"taxonomy":"post_tag","embeddable":true,"href":"https:\/\/www.tjes.jus.br\/corregedoria\/wp-json\/wp\/v2\/tags?post=11661"}],"curies":[{"name":"wp","href":"https:\/\/api.w.org\/{rel}","templated":true}]}}