{"id":11685,"date":"2017-02-17T13:34:08","date_gmt":"2017-02-17T15:34:08","guid":{"rendered":"https:\/\/www.tjes.jus.br\/corregedoria\/?p=11685"},"modified":"2017-02-17T13:34:08","modified_gmt":"2017-02-17T15:34:08","slug":"resolucao-no-652011-publ-em-07112011","status":"publish","type":"post","link":"https:\/\/www.tjes.jus.br\/corregedoria\/2017\/02\/17\/resolucao-no-652011-publ-em-07112011\/","title":{"rendered":"RESOLU\u00c7\u00c3O N\u00ba 65\/2011 &#8211; PUBL. EM 07\/11\/2011"},"content":{"rendered":"<p style=\"text-align: center;\"><strong>ESTADO DO ESP\u00cdRITO SANTO<\/strong><\/p>\n<p style=\"text-align: center;\"><strong>PODER JUDICI\u00c1RIO<\/strong><\/p>\n<p style=\"text-align: center;\"><strong>TRIBUNAL DE JUSTI\u00c7A<\/strong><\/p>\n<p style=\"text-align: center;\"><strong>RESOLU\u00c7\u00c3O N\u00ba 065\/2011<\/strong><\/p>\n<p style=\"text-align: justify;\">O Exm\u00ba Sr. Desembargador MANOEL ALVES RABELO, Presidente do Egr\u00e9gio Tribunal de Justi\u00e7a do Estado do Esp\u00edrito Santo, no uso de suas atribui\u00e7\u00f5es legais e tendo em vista decis\u00e3o, por maioria de votos, do Egr\u00e9gio Tribunal Pleno, em sess\u00e3o ordin\u00e1ria realizada nesta data,<\/p>\n<p style=\"text-align: justify;\"><strong>CONSIDERANDO<\/strong> o expediente protocolado sob o n\u00ba 201101221592 pela OAB\/ES, atrav\u00e9s do qual solicita a suspens\u00e3o dos prazos processuais, publica\u00e7\u00f5es e audi\u00eancias no per\u00edodo imediatamente subseq\u00fcente ao fim do recesso;<\/p>\n<p style=\"text-align: justify;\"><strong>RESOLVE<\/strong>:<\/p>\n<p style=\"text-align: justify;\"><strong>SUSPENDER<\/strong> os prazos processuais, publica\u00e7\u00f5es e audi\u00eancias no \u00e2mbito do Poder Judici\u00e1rio do Estado do Esp\u00edrito Santo no per\u00edodo de 09 a 13 de janeiro de 2012.<\/p>\n<p style=\"text-align: justify;\"><strong>PUBLIQUE-SE.<\/strong><\/p>\n<p style=\"text-align: justify;\">Vit\u00f3ria, 03 de novembro de 2011.<\/p>\n<p style=\"text-align: center;\"><strong>Desembargador MANOEL ALVES RABELO<br \/>\nPRESIDENTE<\/strong><\/p>\n","protected":false},"excerpt":{"rendered":"<p>ESTADO DO ESP\u00cdRITO SANTO PODER JUDICI\u00c1RIO TRIBUNAL DE JUSTI\u00c7A RESOLU\u00c7\u00c3O N\u00ba 065\/2011 O Exm\u00ba Sr. Desembargador MANOEL ALVES RABELO, Presidente do Egr\u00e9gio Tribunal de Justi\u00e7a do Estado do Esp\u00edrito Santo, no uso de suas atribui\u00e7\u00f5es legais e tendo em vista decis\u00e3o, por maioria de votos, do Egr\u00e9gio Tribunal Pleno, em sess\u00e3o ordin\u00e1ria realizada nesta data, [&hellip;]<\/p>\n","protected":false},"author":3,"featured_media":0,"comment_status":"open","ping_status":"open","sticky":false,"template":"","format":"standard","meta":{"footnotes":""},"categories":[14,13],"tags":[],"_links":{"self":[{"href":"https:\/\/www.tjes.jus.br\/corregedoria\/wp-json\/wp\/v2\/posts\/11685"}],"collection":[{"href":"https:\/\/www.tjes.jus.br\/corregedoria\/wp-json\/wp\/v2\/posts"}],"about":[{"href":"https:\/\/www.tjes.jus.br\/corregedoria\/wp-json\/wp\/v2\/types\/post"}],"author":[{"embeddable":true,"href":"https:\/\/www.tjes.jus.br\/corregedoria\/wp-json\/wp\/v2\/users\/3"}],"replies":[{"embeddable":true,"href":"https:\/\/www.tjes.jus.br\/corregedoria\/wp-json\/wp\/v2\/comments?post=11685"}],"version-history":[{"count":1,"href":"https:\/\/www.tjes.jus.br\/corregedoria\/wp-json\/wp\/v2\/posts\/11685\/revisions"}],"predecessor-version":[{"id":11686,"href":"https:\/\/www.tjes.jus.br\/corregedoria\/wp-json\/wp\/v2\/posts\/11685\/revisions\/11686"}],"wp:attachment":[{"href":"https:\/\/www.tjes.jus.br\/corregedoria\/wp-json\/wp\/v2\/media?parent=11685"}],"wp:term":[{"taxonomy":"category","embeddable":true,"href":"https:\/\/www.tjes.jus.br\/corregedoria\/wp-json\/wp\/v2\/categories?post=11685"},{"taxonomy":"post_tag","embeddable":true,"href":"https:\/\/www.tjes.jus.br\/corregedoria\/wp-json\/wp\/v2\/tags?post=11685"}],"curies":[{"name":"wp","href":"https:\/\/api.w.org\/{rel}","templated":true}]}}