{"id":11695,"date":"2017-02-17T14:15:12","date_gmt":"2017-02-17T16:15:12","guid":{"rendered":"https:\/\/www.tjes.jus.br\/corregedoria\/?p=11695"},"modified":"2017-02-17T14:15:12","modified_gmt":"2017-02-17T16:15:12","slug":"resolucao-no-672011-publ-em-23112011","status":"publish","type":"post","link":"https:\/\/www.tjes.jus.br\/corregedoria\/2017\/02\/17\/resolucao-no-672011-publ-em-23112011\/","title":{"rendered":"RESOLU\u00c7\u00c3O N\u00ba 67\/2011 &#8211; PUBL. EM 23\/11\/2011"},"content":{"rendered":"<p style=\"text-align: center;\" align=\"center\"><strong>ESTADO DO ESP\u00cdRITO SANTO<\/strong><\/p>\n<p style=\"text-align: center;\" align=\"center\"><strong>PODER JUDICI\u00c1RIO<\/strong><\/p>\n<p style=\"text-align: center;\" align=\"center\"><strong>TRIBUNAL DE JUSTI\u00c7A<\/strong><\/p>\n<p style=\"text-align: center;\" align=\"center\"><strong>RESOLU\u00c7\u00c3O N\u00ba 67\/2011<\/strong><\/p>\n<p style=\"text-align: justify;\"><strong>O Exm\u00ba Sr. Desembargador MANOEL ALVES RABELO, Presidente do Egr\u00e9gio Tribunal de Justi\u00e7a do Estado do Esp\u00edrito Santo, no uso de suas atribui\u00e7\u00f5es legais e tendo em vista decis\u00e3o un\u00e2nime do Egr\u00e9gio Tribunal Pleno em sess\u00e3o ordin\u00e1ria realizada em 20\/10\/2011,<\/strong><\/p>\n<p style=\"text-align: justify;\"><strong>RESOLVE:<\/strong><\/p>\n<p style=\"text-align: justify;\"><strong>CONSIDERAR<\/strong> <strong>INSTAURADO<\/strong> processo administrativo disciplinar n\u00ba 100110001169, em face do Exm\u00aa. Sr\u00aa. Dr\u00aa. <strong>JOANA AUGUSTA TAVARES FEU ROSA<\/strong>, MM\u00aa. Ju\u00edza de Direito Substituta de 3\u00aa Entr\u00e2ncia, a fim de apurar a regularidade da conduta por ela praticada na audi\u00eancia noticiada \u00e0 fl. 04, materializada na pris\u00e3o em flagrante de uma cidad\u00e3 pelo prazo certo e determinado de 48 (quarenta e oito) horas, em aparente confronto com a dic\u00e7\u00e3o do Par\u00e1grafo \u00danico do Art. 69 da Lei n\u00ba 9.099\/95 e com os ditames do inciso II do art. 455 do CPC e com a Par\u00e1grafo \u00danico do Art. 795 do CPP.<\/p>\n<p style=\"text-align: justify;\"><strong>PUBLIQUE-SE<\/strong>.<\/p>\n<p style=\"text-align: justify;\"><strong>Vit\u00f3ria, 21 de novembro de 2011.<\/strong><\/p>\n<p style=\"text-align: center;\" align=\"center\"><strong>Desembargador MANOEL ALVES RABELO<br \/>\nPresidente<\/strong><\/p>\n","protected":false},"excerpt":{"rendered":"<p>ESTADO DO ESP\u00cdRITO SANTO PODER JUDICI\u00c1RIO TRIBUNAL DE JUSTI\u00c7A RESOLU\u00c7\u00c3O N\u00ba 67\/2011 O Exm\u00ba Sr. Desembargador MANOEL ALVES RABELO, Presidente do Egr\u00e9gio Tribunal de Justi\u00e7a do Estado do Esp\u00edrito Santo, no uso de suas atribui\u00e7\u00f5es legais e tendo em vista decis\u00e3o un\u00e2nime do Egr\u00e9gio Tribunal Pleno em sess\u00e3o ordin\u00e1ria realizada em 20\/10\/2011, RESOLVE: CONSIDERAR INSTAURADO [&hellip;]<\/p>\n","protected":false},"author":3,"featured_media":0,"comment_status":"open","ping_status":"open","sticky":false,"template":"","format":"standard","meta":{"footnotes":""},"categories":[14,13],"tags":[],"_links":{"self":[{"href":"https:\/\/www.tjes.jus.br\/corregedoria\/wp-json\/wp\/v2\/posts\/11695"}],"collection":[{"href":"https:\/\/www.tjes.jus.br\/corregedoria\/wp-json\/wp\/v2\/posts"}],"about":[{"href":"https:\/\/www.tjes.jus.br\/corregedoria\/wp-json\/wp\/v2\/types\/post"}],"author":[{"embeddable":true,"href":"https:\/\/www.tjes.jus.br\/corregedoria\/wp-json\/wp\/v2\/users\/3"}],"replies":[{"embeddable":true,"href":"https:\/\/www.tjes.jus.br\/corregedoria\/wp-json\/wp\/v2\/comments?post=11695"}],"version-history":[{"count":1,"href":"https:\/\/www.tjes.jus.br\/corregedoria\/wp-json\/wp\/v2\/posts\/11695\/revisions"}],"predecessor-version":[{"id":11696,"href":"https:\/\/www.tjes.jus.br\/corregedoria\/wp-json\/wp\/v2\/posts\/11695\/revisions\/11696"}],"wp:attachment":[{"href":"https:\/\/www.tjes.jus.br\/corregedoria\/wp-json\/wp\/v2\/media?parent=11695"}],"wp:term":[{"taxonomy":"category","embeddable":true,"href":"https:\/\/www.tjes.jus.br\/corregedoria\/wp-json\/wp\/v2\/categories?post=11695"},{"taxonomy":"post_tag","embeddable":true,"href":"https:\/\/www.tjes.jus.br\/corregedoria\/wp-json\/wp\/v2\/tags?post=11695"}],"curies":[{"name":"wp","href":"https:\/\/api.w.org\/{rel}","templated":true}]}}