{"id":11697,"date":"2017-02-17T14:17:20","date_gmt":"2017-02-17T16:17:20","guid":{"rendered":"https:\/\/www.tjes.jus.br\/corregedoria\/?p=11697"},"modified":"2017-02-17T14:23:57","modified_gmt":"2017-02-17T16:23:57","slug":"resolucao-no-682011-publ-em-29112011","status":"publish","type":"post","link":"https:\/\/www.tjes.jus.br\/corregedoria\/2017\/02\/17\/resolucao-no-682011-publ-em-29112011\/","title":{"rendered":"RESOLU\u00c7\u00c3O N\u00ba 68\/2011 &#8211; PUBL. EM 29\/11\/2011"},"content":{"rendered":"<p align=\"center\"><strong>PODER JUDICI\u00c1RIO DO ESTADO DO ESP\u00cdRITO SANTO<\/strong><\/p>\n<p align=\"center\"><strong>TRIBUNAL DE JUSTI\u00c7A<\/strong><\/p>\n<p align=\"center\"><strong>RESOLU\u00c7\u00c3O N\u00ba 068\/2011<\/strong><\/p>\n<p align=\"justify\"><strong>O Exm\u00ba Sr. Desembargador MANOEL ALVES RABELO, Presidente do Egr\u00e9gio Tribunal de Justi\u00e7a, no uso de suas atribui\u00e7\u00f5es legais e tendo em vista decis\u00e3o UN\u00c2NIME do Egr\u00e9gio Tribunal Pleno, quanto a abertura de Processo Administrativo Disciplinar, em sess\u00e3o extraordin\u00e1ria realizada em 21\/11\/2011,<\/strong><\/p>\n<p align=\"justify\"><strong>RESOLVE:<\/strong><\/p>\n<p align=\"justify\"><strong>INSTAURAR<\/strong> processo administrativo disciplinar n\u00ba 100110033899, em face do Exm\u00ba Sr. Dr. <strong>BERNARDO ALCURI DE SOUZA, <\/strong>MM. Juiz de Direito do 2\u00ba Juizado Especial C\u00edvel da Comarca de S\u00e3o Mateus, de 3\u00aa Entr\u00e2ncia, a fim de investigar a regularidade da conduta por ele praticada enquanto figurou como Presidente da Comiss\u00e3o de Concurso P\u00fablico aberto pelos editais de n\u00bas 012\/04, 013\/04, 015\/04 e 016\/04, da Corregedoria Geral da Justi\u00e7a do Estado do Esp\u00edrito Santo e publicados no Di\u00e1rio da Justi\u00e7a em 05\/04\/2004.<\/p>\n<p align=\"justify\"><strong>PUBLIQUE-SE.<\/strong><\/p>\n<p align=\"justify\">Vit\u00f3ria, 24 de novembro de 2011.<\/p>\n<p align=\"center\">Desembargador<strong> MANOEL ALVES RABELO<br \/>\n<\/strong><strong>Presidente<\/strong><\/p>\n","protected":false},"excerpt":{"rendered":"<p>PODER JUDICI\u00c1RIO DO ESTADO DO ESP\u00cdRITO SANTO TRIBUNAL DE JUSTI\u00c7A RESOLU\u00c7\u00c3O N\u00ba 068\/2011 O Exm\u00ba Sr. Desembargador MANOEL ALVES RABELO, Presidente do Egr\u00e9gio Tribunal de Justi\u00e7a, no uso de suas atribui\u00e7\u00f5es legais e tendo em vista decis\u00e3o UN\u00c2NIME do Egr\u00e9gio Tribunal Pleno, quanto a abertura de Processo Administrativo Disciplinar, em sess\u00e3o extraordin\u00e1ria realizada em 21\/11\/2011, [&hellip;]<\/p>\n","protected":false},"author":3,"featured_media":0,"comment_status":"open","ping_status":"open","sticky":false,"template":"","format":"standard","meta":{"footnotes":""},"categories":[14,13],"tags":[],"_links":{"self":[{"href":"https:\/\/www.tjes.jus.br\/corregedoria\/wp-json\/wp\/v2\/posts\/11697"}],"collection":[{"href":"https:\/\/www.tjes.jus.br\/corregedoria\/wp-json\/wp\/v2\/posts"}],"about":[{"href":"https:\/\/www.tjes.jus.br\/corregedoria\/wp-json\/wp\/v2\/types\/post"}],"author":[{"embeddable":true,"href":"https:\/\/www.tjes.jus.br\/corregedoria\/wp-json\/wp\/v2\/users\/3"}],"replies":[{"embeddable":true,"href":"https:\/\/www.tjes.jus.br\/corregedoria\/wp-json\/wp\/v2\/comments?post=11697"}],"version-history":[{"count":2,"href":"https:\/\/www.tjes.jus.br\/corregedoria\/wp-json\/wp\/v2\/posts\/11697\/revisions"}],"predecessor-version":[{"id":11704,"href":"https:\/\/www.tjes.jus.br\/corregedoria\/wp-json\/wp\/v2\/posts\/11697\/revisions\/11704"}],"wp:attachment":[{"href":"https:\/\/www.tjes.jus.br\/corregedoria\/wp-json\/wp\/v2\/media?parent=11697"}],"wp:term":[{"taxonomy":"category","embeddable":true,"href":"https:\/\/www.tjes.jus.br\/corregedoria\/wp-json\/wp\/v2\/categories?post=11697"},{"taxonomy":"post_tag","embeddable":true,"href":"https:\/\/www.tjes.jus.br\/corregedoria\/wp-json\/wp\/v2\/tags?post=11697"}],"curies":[{"name":"wp","href":"https:\/\/api.w.org\/{rel}","templated":true}]}}