{"id":11705,"date":"2017-02-17T14:26:28","date_gmt":"2017-02-17T16:26:28","guid":{"rendered":"https:\/\/www.tjes.jus.br\/corregedoria\/?p=11705"},"modified":"2017-02-17T14:26:28","modified_gmt":"2017-02-17T16:26:28","slug":"resolucao-no-712011-publ-em-08122011","status":"publish","type":"post","link":"https:\/\/www.tjes.jus.br\/corregedoria\/2017\/02\/17\/resolucao-no-712011-publ-em-08122011\/","title":{"rendered":"RESOLU\u00c7\u00c3O N\u00ba 71\/2011 &#8211; PUBL. EM 08\/12\/2011"},"content":{"rendered":"<p style=\"text-align: center;\" align=\"center\"><strong>PODER JUDICI\u00c1RIO DO ESTADO DO ESP\u00cdRITO SANTO<\/strong><\/p>\n<p style=\"text-align: center;\" align=\"center\"><strong>TRIBUNAL DE JUSTI\u00c7A<\/strong><\/p>\n<p style=\"text-align: center;\" align=\"center\"><strong>RESOLU\u00c7\u00c3O N\u00ba 071\/2011<\/strong><\/p>\n<p style=\"text-align: justify;\"><strong>O Exm\u00ba Sr. Desembargador MANOEL ALVES RABELO, Presidente do Egr\u00e9gio Tribunal de Justi\u00e7a, no uso de suas atribui\u00e7\u00f5es legais e tendo em vista decis\u00e3o un\u00e2nime, em sess\u00e3o ordin\u00e1ria realizada em 1\u00ba\/12\/2011,<\/strong><\/p>\n<p style=\"text-align: justify;\"><strong>RESOLVE:<\/strong><\/p>\n<p style=\"text-align: justify;\"><strong>AFASTAR, <\/strong>por 90(noventa) dias, <strong>a partir de 1\u00ba\/12\/2011<\/strong>, o Exm\u00ba Sr. Dr. <strong>PAULO ROBERTO LUPPI, <\/strong>MM. Juiz de Direito da Vara Especializada da Inf\u00e2ncia e da Juventude de Vit\u00f3ria, Comarca da Capital, de Entr\u00e2ncia Especial, em face do processo administrativo disciplinar n\u00ba 100110016373.<\/p>\n<p style=\"text-align: justify;\"><strong>PUBLIQUE-SE.<\/strong><\/p>\n<p style=\"text-align: justify;\">Vit\u00f3ria, 05 de dezembro de 2011.<\/p>\n<p style=\"text-align: center;\" align=\"center\">Desembargador<strong> MANOEL ALVES RABELO<br \/>\nPresidente<\/strong><\/p>\n","protected":false},"excerpt":{"rendered":"<p>PODER JUDICI\u00c1RIO DO ESTADO DO ESP\u00cdRITO SANTO TRIBUNAL DE JUSTI\u00c7A RESOLU\u00c7\u00c3O N\u00ba 071\/2011 O Exm\u00ba Sr. Desembargador MANOEL ALVES RABELO, Presidente do Egr\u00e9gio Tribunal de Justi\u00e7a, no uso de suas atribui\u00e7\u00f5es legais e tendo em vista decis\u00e3o un\u00e2nime, em sess\u00e3o ordin\u00e1ria realizada em 1\u00ba\/12\/2011, RESOLVE: AFASTAR, por 90(noventa) dias, a partir de 1\u00ba\/12\/2011, o Exm\u00ba [&hellip;]<\/p>\n","protected":false},"author":3,"featured_media":0,"comment_status":"open","ping_status":"open","sticky":false,"template":"","format":"standard","meta":{"footnotes":""},"categories":[14,13],"tags":[],"_links":{"self":[{"href":"https:\/\/www.tjes.jus.br\/corregedoria\/wp-json\/wp\/v2\/posts\/11705"}],"collection":[{"href":"https:\/\/www.tjes.jus.br\/corregedoria\/wp-json\/wp\/v2\/posts"}],"about":[{"href":"https:\/\/www.tjes.jus.br\/corregedoria\/wp-json\/wp\/v2\/types\/post"}],"author":[{"embeddable":true,"href":"https:\/\/www.tjes.jus.br\/corregedoria\/wp-json\/wp\/v2\/users\/3"}],"replies":[{"embeddable":true,"href":"https:\/\/www.tjes.jus.br\/corregedoria\/wp-json\/wp\/v2\/comments?post=11705"}],"version-history":[{"count":1,"href":"https:\/\/www.tjes.jus.br\/corregedoria\/wp-json\/wp\/v2\/posts\/11705\/revisions"}],"predecessor-version":[{"id":11706,"href":"https:\/\/www.tjes.jus.br\/corregedoria\/wp-json\/wp\/v2\/posts\/11705\/revisions\/11706"}],"wp:attachment":[{"href":"https:\/\/www.tjes.jus.br\/corregedoria\/wp-json\/wp\/v2\/media?parent=11705"}],"wp:term":[{"taxonomy":"category","embeddable":true,"href":"https:\/\/www.tjes.jus.br\/corregedoria\/wp-json\/wp\/v2\/categories?post=11705"},{"taxonomy":"post_tag","embeddable":true,"href":"https:\/\/www.tjes.jus.br\/corregedoria\/wp-json\/wp\/v2\/tags?post=11705"}],"curies":[{"name":"wp","href":"https:\/\/api.w.org\/{rel}","templated":true}]}}