{"id":11707,"date":"2017-02-17T14:29:56","date_gmt":"2017-02-17T16:29:56","guid":{"rendered":"https:\/\/www.tjes.jus.br\/corregedoria\/?p=11707"},"modified":"2017-02-17T14:29:56","modified_gmt":"2017-02-17T16:29:56","slug":"resolucao-no-722011-publ-em-09122011","status":"publish","type":"post","link":"https:\/\/www.tjes.jus.br\/corregedoria\/2017\/02\/17\/resolucao-no-722011-publ-em-09122011\/","title":{"rendered":"RESOLU\u00c7\u00c3O N\u00ba 72\/2011 &#8211; PUBL. EM 09\/12\/2011"},"content":{"rendered":"<p style=\"text-align: center;\"><strong>ESTADO DO ESP\u00cdRITO SANTO<\/strong><\/p>\n<p style=\"text-align: center;\"><strong>PODER JUDICI\u00c1RIO<\/strong><\/p>\n<p style=\"text-align: center;\"><strong>TRIBUNAL DE JUSTI\u00c7A<\/strong><\/p>\n<p style=\"text-align: center;\"><strong>GABINETE DA PRESID\u00caNCIA<\/strong><\/p>\n<p style=\"text-align: center;\"><strong>RESOLU\u00c7\u00c3O N\u00ba 72\/2011<\/strong><\/p>\n<p style=\"text-align: justify;\"><em><strong>Altera compet\u00eancia dos ju\u00edzos da Comarca de Nova Ven\u00e9cia<\/strong><\/em><\/p>\n<p style=\"text-align: justify;\">O Exm\u00ba Sr. Desembargador MANOEL ALVES RABELO, Presidente do Egr\u00e9gio Tribunal de Justi\u00e7a do Estado do Esp\u00edrito Santo, no uso de suas atribui\u00e7\u00f5es legais e regimentais e;<\/p>\n<p style=\"text-align: justify;\"><strong>CONSIDERANDO<\/strong> que o art. 181, par\u00e1grafo \u00fanico da Lei Complementar n\u00ba 234\/2002, atribui ao Tribunal de Justi\u00e7a compet\u00eancia para editar Resolu\u00e7\u00f5es Complementares a fim de instituir normas gerais e necess\u00e1rias \u00e0 execu\u00e7\u00e3o da Organiza\u00e7\u00e3o Judici\u00e1ria;<\/p>\n<p style=\"text-align: justify;\"><strong>CONSIDERANDO<\/strong> a reuni\u00e3o realizada na Presid\u00eancia do Tribunal de Justi\u00e7a com os Presidentes de Subse\u00e7\u00f5es da Ordem dos Advogados do Brasil \u2013 Se\u00e7\u00e3o do Estado do Esp\u00edrito Santo e, por conseguinte, o requerimento feito, no sentido de efetuar o remanejamento de compet\u00eancias de forma a proporcionar mais agilidade na tramita\u00e7\u00e3o das a\u00e7\u00f5es;<\/p>\n<p style=\"text-align: justify;\"><strong>CONSIDERANDO<\/strong> os termos do of\u00edcio subscrito pelo Dr. Maxon Wander Monteiro, MM. Juiz de Direito Titular da 1\u00aa Vara da Comarca de Nova Ven\u00e9cia, de 3\u00aa Entr\u00e2ncia, no sentido de implementar uma melhor distribui\u00e7\u00e3o de compet\u00eancias entre as Varas daquela Comarca e consequente agilidade na presta\u00e7\u00e3o jurisdicional e<\/p>\n<p style=\"text-align: justify;\"><strong>CONSIDERANDO<\/strong> as recomenda\u00e7\u00f5es feitas pelo Colendo Conselho Nacional de Justi\u00e7a, no relat\u00f3rio de inspe\u00e7\u00e3o realizada neste Egr\u00e9gio Tribunal de Justi\u00e7a, no sentido de implementar uma melhor distribui\u00e7\u00e3o de processos e servi\u00e7os entre as Varas do Judici\u00e1rio Estadual;<\/p>\n<p style=\"text-align: justify;\"><strong>RESOLVE<\/strong>:<\/p>\n<p style=\"text-align: justify;\"><strong>Art. 1\u00ba<\/strong> \u2013 Atribuir ao Juizado Especial C\u00edvel compet\u00eancia para o cumprimento de todas as cartas precat\u00f3rias c\u00edveis.<\/p>\n<p style=\"text-align: justify;\">Par\u00e1grafo \u00fanico \u2013 As precat\u00f3rias c\u00edveis j\u00e1 em curso perante a 1\u00aa Vara dever\u00e3o ser redistribu\u00eddas para o Juizado Especial C\u00edvel, exceto as que j\u00e1 estiverem com audi\u00eancias designadas.<\/p>\n<p style=\"text-align: justify;\"><strong>Art. 2\u00ba<\/strong> \u2013 Atribuir ao Juizado Especial Criminal e Juizado Especial da Fazenda P\u00fablica compet\u00eancia para o cumprimento de todas as cartas precat\u00f3rias em que a Fazenda P\u00fablica figure como parte ou interessada.<\/p>\n<p style=\"text-align: justify;\">Par\u00e1grafo \u00fanico \u2013 As cartas precat\u00f3rias j\u00e1 em curso em que a Fazenda p\u00fablica figure como parte ou interessada dever\u00e3o ser redistribu\u00eddas para o Juizado Especial Criminal e Juizado Especial da Fazenda P\u00fablica, exceto as que j\u00e1 estiverem com audi\u00eancias designadas.<\/p>\n<p style=\"text-align: justify;\"><strong>Art. 3\u00ba<\/strong> \u2013 Atribuir \u00e0 Vara de Fam\u00edlia, \u00d3rf\u00e3os e Sucess\u00f5es e Inf\u00e2ncia e Juventude compet\u00eancia para o processamento de todas as Averigua\u00e7\u00f5es Oficiosas.<\/p>\n<p style=\"text-align: justify;\">Par\u00e1grafo \u00fanico \u2013 As averigua\u00e7\u00f5es oficiosas j\u00e1 em curso perante a 1\u00aa Vara dever\u00e3o ser redistribu\u00eddas para a Vara de Fam\u00edlia, \u00d3rf\u00e3os e Sucess\u00f5es e Inf\u00e2ncia e Juventude, exceto as que j\u00e1 estiverem com audi\u00eancias designadas.<\/p>\n<p style=\"text-align: justify;\"><strong>Art. 5\u00ba<\/strong> \u2013 Esta Resolu\u00e7\u00e3o passar\u00e1 a vigorar no prazo de 30 (trinta) dias a partir da sua publica\u00e7\u00e3o.<\/p>\n<p style=\"text-align: justify;\"><strong>PUBLIQUE-SE<\/strong><\/p>\n<p style=\"text-align: justify;\">Vit\u00f3ria, 08 de dezembro de 2011.<\/p>\n<p style=\"text-align: center;\"><strong>Desembargador MANOEL ALVES RABELO<br \/>\nPresidente<\/strong><\/p>\n","protected":false},"excerpt":{"rendered":"<p>ESTADO DO ESP\u00cdRITO SANTO PODER JUDICI\u00c1RIO TRIBUNAL DE JUSTI\u00c7A GABINETE DA PRESID\u00caNCIA RESOLU\u00c7\u00c3O N\u00ba 72\/2011 Altera compet\u00eancia dos ju\u00edzos da Comarca de Nova Ven\u00e9cia O Exm\u00ba Sr. Desembargador MANOEL ALVES RABELO, Presidente do Egr\u00e9gio Tribunal de Justi\u00e7a do Estado do Esp\u00edrito Santo, no uso de suas atribui\u00e7\u00f5es legais e regimentais e; CONSIDERANDO que o art. [&hellip;]<\/p>\n","protected":false},"author":3,"featured_media":0,"comment_status":"open","ping_status":"open","sticky":false,"template":"","format":"standard","meta":{"footnotes":""},"categories":[14,13],"tags":[],"_links":{"self":[{"href":"https:\/\/www.tjes.jus.br\/corregedoria\/wp-json\/wp\/v2\/posts\/11707"}],"collection":[{"href":"https:\/\/www.tjes.jus.br\/corregedoria\/wp-json\/wp\/v2\/posts"}],"about":[{"href":"https:\/\/www.tjes.jus.br\/corregedoria\/wp-json\/wp\/v2\/types\/post"}],"author":[{"embeddable":true,"href":"https:\/\/www.tjes.jus.br\/corregedoria\/wp-json\/wp\/v2\/users\/3"}],"replies":[{"embeddable":true,"href":"https:\/\/www.tjes.jus.br\/corregedoria\/wp-json\/wp\/v2\/comments?post=11707"}],"version-history":[{"count":1,"href":"https:\/\/www.tjes.jus.br\/corregedoria\/wp-json\/wp\/v2\/posts\/11707\/revisions"}],"predecessor-version":[{"id":11708,"href":"https:\/\/www.tjes.jus.br\/corregedoria\/wp-json\/wp\/v2\/posts\/11707\/revisions\/11708"}],"wp:attachment":[{"href":"https:\/\/www.tjes.jus.br\/corregedoria\/wp-json\/wp\/v2\/media?parent=11707"}],"wp:term":[{"taxonomy":"category","embeddable":true,"href":"https:\/\/www.tjes.jus.br\/corregedoria\/wp-json\/wp\/v2\/categories?post=11707"},{"taxonomy":"post_tag","embeddable":true,"href":"https:\/\/www.tjes.jus.br\/corregedoria\/wp-json\/wp\/v2\/tags?post=11707"}],"curies":[{"name":"wp","href":"https:\/\/api.w.org\/{rel}","templated":true}]}}