{"id":11734,"date":"2017-02-17T17:14:54","date_gmt":"2017-02-17T19:14:54","guid":{"rendered":"https:\/\/www.tjes.jus.br\/corregedoria\/?p=11734"},"modified":"2017-02-17T17:15:40","modified_gmt":"2017-02-17T19:15:40","slug":"resolucao-no-842011-publ-em-20122011","status":"publish","type":"post","link":"https:\/\/www.tjes.jus.br\/corregedoria\/2017\/02\/17\/resolucao-no-842011-publ-em-20122011\/","title":{"rendered":"RESOLU\u00c7\u00c3O N\u00ba 84\/2011 &#8211; PUBL. EM 20\/12\/2011"},"content":{"rendered":"<p style=\"text-align: center;\"><strong>PODER JUDICI\u00c1RIO DO ESTADO DO ESP\u00cdRITO SANTO<\/strong><\/p>\n<p style=\"text-align: center;\"><strong>TRIBUNAL DE JUSTI\u00c7A<\/strong><\/p>\n<p style=\"text-align: center;\"><strong>RESOLU\u00c7\u00c3O N\u00ba 084\/2011<\/strong><\/p>\n<p style=\"text-align: justify;\">O Exm\u00ba Sr. Desembargador MANOEL ALVES RABELO, Presidente do Egr\u00e9gio Tribunal de Justi\u00e7a, no uso de suas atribui\u00e7\u00f5es legais e tendo em vista decis\u00e3o UN\u00c2NIME do Egr\u00e9gio Tribunal Pleno, em sess\u00e3o ordin\u00e1ria realizada em 08\/12\/2011,<\/p>\n<p style=\"text-align: justify;\"><strong>RESOLVE<\/strong><\/p>\n<p style=\"text-align: justify;\"><strong>INSTAURAR<\/strong> processo administrativo disciplinar n\u00ba 100090031558, em face do Exm\u00ba Sr. Dr. ROBSON LUIZ ALBANEZ, MM. Juiz de Direito titular da 8\u00aa Vara C\u00edvel de Vit\u00f3ria, Comarca da Capital, de Entr\u00e2ncia Especial, nos termos do artigo 20 do C\u00f3digo de \u00c9tica da Magistratura Nacional; art. 35, incisos II, III e VII da Lei Org\u00e2nica da Magistratura Nacional(LOMAN), na forma do <a href=\"https:\/\/www.tjes.jus.br\/corregedoria\/index.php\/2016\/10\/17\/resolucao-cnj-no-135-de-13072011\/\" target=\"_blank\">art. 14. \u00a7 1\u00ba, da Resolu\u00e7\u00e3o n\u00ba 135 do Conselho Nacional de Justi\u00e7a<\/a>.<\/p>\n<p style=\"text-align: justify;\"><strong>PUBLIQUE-SE.<\/strong><\/p>\n<p style=\"text-align: justify;\">Vit\u00f3ria, 14 de dezembro de 2011.<\/p>\n<p style=\"text-align: center;\"><strong>Desembargador MANOEL ALVES RABELO<\/strong><br \/>\n<strong> Presidente<\/strong><\/p>\n","protected":false},"excerpt":{"rendered":"<p>PODER JUDICI\u00c1RIO DO ESTADO DO ESP\u00cdRITO SANTO TRIBUNAL DE JUSTI\u00c7A RESOLU\u00c7\u00c3O N\u00ba 084\/2011 O Exm\u00ba Sr. Desembargador MANOEL ALVES RABELO, Presidente do Egr\u00e9gio Tribunal de Justi\u00e7a, no uso de suas atribui\u00e7\u00f5es legais e tendo em vista decis\u00e3o UN\u00c2NIME do Egr\u00e9gio Tribunal Pleno, em sess\u00e3o ordin\u00e1ria realizada em 08\/12\/2011, RESOLVE INSTAURAR processo administrativo disciplinar n\u00ba 100090031558, [&hellip;]<\/p>\n","protected":false},"author":3,"featured_media":0,"comment_status":"open","ping_status":"open","sticky":false,"template":"","format":"standard","meta":{"footnotes":""},"categories":[14,13],"tags":[],"_links":{"self":[{"href":"https:\/\/www.tjes.jus.br\/corregedoria\/wp-json\/wp\/v2\/posts\/11734"}],"collection":[{"href":"https:\/\/www.tjes.jus.br\/corregedoria\/wp-json\/wp\/v2\/posts"}],"about":[{"href":"https:\/\/www.tjes.jus.br\/corregedoria\/wp-json\/wp\/v2\/types\/post"}],"author":[{"embeddable":true,"href":"https:\/\/www.tjes.jus.br\/corregedoria\/wp-json\/wp\/v2\/users\/3"}],"replies":[{"embeddable":true,"href":"https:\/\/www.tjes.jus.br\/corregedoria\/wp-json\/wp\/v2\/comments?post=11734"}],"version-history":[{"count":1,"href":"https:\/\/www.tjes.jus.br\/corregedoria\/wp-json\/wp\/v2\/posts\/11734\/revisions"}],"predecessor-version":[{"id":11735,"href":"https:\/\/www.tjes.jus.br\/corregedoria\/wp-json\/wp\/v2\/posts\/11734\/revisions\/11735"}],"wp:attachment":[{"href":"https:\/\/www.tjes.jus.br\/corregedoria\/wp-json\/wp\/v2\/media?parent=11734"}],"wp:term":[{"taxonomy":"category","embeddable":true,"href":"https:\/\/www.tjes.jus.br\/corregedoria\/wp-json\/wp\/v2\/categories?post=11734"},{"taxonomy":"post_tag","embeddable":true,"href":"https:\/\/www.tjes.jus.br\/corregedoria\/wp-json\/wp\/v2\/tags?post=11734"}],"curies":[{"name":"wp","href":"https:\/\/api.w.org\/{rel}","templated":true}]}}