{"id":11852,"date":"2017-02-21T18:25:51","date_gmt":"2017-02-21T21:25:51","guid":{"rendered":"https:\/\/www.tjes.jus.br\/corregedoria\/?p=11852"},"modified":"2017-02-21T18:25:51","modified_gmt":"2017-02-21T21:25:51","slug":"resolucao-no-222012-publ-em-17042012","status":"publish","type":"post","link":"https:\/\/www.tjes.jus.br\/corregedoria\/2017\/02\/21\/resolucao-no-222012-publ-em-17042012\/","title":{"rendered":"RESOLU\u00c7\u00c3O N\u00ba 22\/2012 &#8211; PUBL. EM 17\/04\/2012"},"content":{"rendered":"<p style=\"text-align: center;\"><strong>ESTADO DO ESP\u00cdRITO SANTO<\/strong><\/p>\n<p style=\"text-align: center;\"><strong>PODER JUDICI\u00c1RIO<\/strong><\/p>\n<p style=\"text-align: center;\"><strong>TRIBUNAL DE JUSTI\u00c7A<\/strong><\/p>\n<p style=\"text-align: center;\"><strong>RESOLU\u00c7\u00c3O N\u00ba 022\/2012<\/strong><\/p>\n<p style=\"text-align: justify;\">O Exm\u00ba Sr. Desembargador PEDRO VALLS FEU ROSA, Presidente do Egr\u00e9gio Tribunal de Justi\u00e7a do Estado do Esp\u00edrito Santo, no uso de suas atribui\u00e7\u00f5es legais;<\/p>\n<p style=\"text-align: justify;\"><strong>CONSIDERANDO o of\u00edcio do Presidente do Grupo Interinstitucional em Seguran\u00e7a P\u00fablica, Exm\u00ba Sr. Des. TEL\u00caMACO ANTUNES DE ABREU FILHO;<\/strong><\/p>\n<p style=\"text-align: justify;\"><strong>Tendo em vista decis\u00e3o un\u00e2nime do Egr\u00e9gio Tribunal Pleno, em sess\u00e3o ordin\u00e1ria realizada nesta data,<\/strong><\/p>\n<p style=\"text-align: justify;\"><strong>RESOLVE<\/strong>:<\/p>\n<p style=\"text-align: justify;\"><strong>INDICAR<\/strong> o Exm\u00ba Sr. Dr. <strong>MARCELO MENEZES LOUREIRO<\/strong>, MM. Juiz de Direito de Entr\u00e2ncia Especial, para integrar juntamente com o Exm\u00ba Sr. Desembargador <strong>TEL\u00caMACO ANTUNES DE ABREU FILHO<\/strong> como respons\u00e1vel pela \u00e1rea de Seguran\u00e7a Institucional deste Egr\u00e9gio Tribunal de Justi\u00e7a.<\/p>\n<p style=\"text-align: justify;\"><strong>PUBLIQUE-SE<\/strong><\/p>\n<p style=\"text-align: justify;\">Vit\u00f3ria, 12 de abril de 2012.<\/p>\n<p style=\"text-align: center;\"><strong>Desembargador PEDRO VALLS FEU ROSA<br \/>\nPresidente<\/strong><\/p>\n","protected":false},"excerpt":{"rendered":"<p>ESTADO DO ESP\u00cdRITO SANTO PODER JUDICI\u00c1RIO TRIBUNAL DE JUSTI\u00c7A RESOLU\u00c7\u00c3O N\u00ba 022\/2012 O Exm\u00ba Sr. Desembargador PEDRO VALLS FEU ROSA, Presidente do Egr\u00e9gio Tribunal de Justi\u00e7a do Estado do Esp\u00edrito Santo, no uso de suas atribui\u00e7\u00f5es legais; CONSIDERANDO o of\u00edcio do Presidente do Grupo Interinstitucional em Seguran\u00e7a P\u00fablica, Exm\u00ba Sr. Des. TEL\u00caMACO ANTUNES DE ABREU [&hellip;]<\/p>\n","protected":false},"author":3,"featured_media":0,"comment_status":"open","ping_status":"open","sticky":false,"template":"","format":"standard","meta":{"footnotes":""},"categories":[14,13],"tags":[],"_links":{"self":[{"href":"https:\/\/www.tjes.jus.br\/corregedoria\/wp-json\/wp\/v2\/posts\/11852"}],"collection":[{"href":"https:\/\/www.tjes.jus.br\/corregedoria\/wp-json\/wp\/v2\/posts"}],"about":[{"href":"https:\/\/www.tjes.jus.br\/corregedoria\/wp-json\/wp\/v2\/types\/post"}],"author":[{"embeddable":true,"href":"https:\/\/www.tjes.jus.br\/corregedoria\/wp-json\/wp\/v2\/users\/3"}],"replies":[{"embeddable":true,"href":"https:\/\/www.tjes.jus.br\/corregedoria\/wp-json\/wp\/v2\/comments?post=11852"}],"version-history":[{"count":1,"href":"https:\/\/www.tjes.jus.br\/corregedoria\/wp-json\/wp\/v2\/posts\/11852\/revisions"}],"predecessor-version":[{"id":11853,"href":"https:\/\/www.tjes.jus.br\/corregedoria\/wp-json\/wp\/v2\/posts\/11852\/revisions\/11853"}],"wp:attachment":[{"href":"https:\/\/www.tjes.jus.br\/corregedoria\/wp-json\/wp\/v2\/media?parent=11852"}],"wp:term":[{"taxonomy":"category","embeddable":true,"href":"https:\/\/www.tjes.jus.br\/corregedoria\/wp-json\/wp\/v2\/categories?post=11852"},{"taxonomy":"post_tag","embeddable":true,"href":"https:\/\/www.tjes.jus.br\/corregedoria\/wp-json\/wp\/v2\/tags?post=11852"}],"curies":[{"name":"wp","href":"https:\/\/api.w.org\/{rel}","templated":true}]}}