{"id":11885,"date":"2017-02-22T12:39:40","date_gmt":"2017-02-22T15:39:40","guid":{"rendered":"https:\/\/www.tjes.jus.br\/corregedoria\/?p=11885"},"modified":"2017-02-22T12:45:27","modified_gmt":"2017-02-22T15:45:27","slug":"resolucao-no-292012-publ-em-27062012","status":"publish","type":"post","link":"https:\/\/www.tjes.jus.br\/corregedoria\/2017\/02\/22\/resolucao-no-292012-publ-em-27062012\/","title":{"rendered":"RESOLU\u00c7\u00c3O N\u00ba 29\/2012 &#8211; PUBL. EM 27\/06\/2012"},"content":{"rendered":"<p style=\"text-align: center;\"><strong>ESTADO DO ESP\u00cdRITO SANTO<\/strong><\/p>\n<p style=\"text-align: center;\"><strong>PODER JUDICI\u00c1RIO<\/strong><\/p>\n<p style=\"text-align: center;\"><strong>TRIBUNAL DE JUSTI\u00c7A<\/strong><\/p>\n<p style=\"text-align: center;\"><strong>GABINETE DA PRESID\u00caNCIA<\/strong><\/p>\n<p style=\"text-align: center;\"><strong>RESOLU\u00c7\u00c3O N\u00ba 029\/2012<\/strong><\/p>\n<p style=\"text-align: justify;\"><em>Alterar o Art. 1\u00ba e exclui o Art. 3\u00ba da <a href=\"https:\/\/www.tjes.jus.br\/corregedoria\/index.php\/2017\/02\/21\/resolucao-no-172012-publ-em-17042012\/\" target=\"_blank\">Resolu\u00e7\u00e3o n\u00ba 017\/2012, publicada no \u201cDJ\u201d de 17\/04\/2012<\/a>, Vara Especializada da Inf\u00e2ncia e da Juventude do Ju\u00edzo de Vila Velha, Comarca da Capital, de Entr\u00e2ncia Especial.<\/em><\/p>\n<p style=\"text-align: justify;\">O <strong>PRESIDENTE DO EGR\u00c9GIO TRIBUNAL DE JUSTI\u00c7A DO ESTADO DO ESP\u00cdRITO SANTO<\/strong>, <strong>Desembargador Pedro Valls Feu Rosa<\/strong>, no uso de suas atribui\u00e7\u00f5es legais e regimentais, tendo em vista decis\u00e3o do Egr\u00e9gio Tribunal Pleno, em sess\u00e3o realizada no dia 21\/06\/2012,<\/p>\n<p style=\"text-align: justify;\"><strong>RESOLVE:<\/strong><\/p>\n<p style=\"text-align: justify;\"><strong>Art. 1\u00ba<\/strong> \u2013 O <a href=\"https:\/\/www.tjes.jus.br\/corregedoria\/index.php\/2017\/02\/21\/resolucao-no-172012-publ-em-17042012\/\" target=\"_blank\">Art. 1\u00ba da Resolu\u00e7\u00e3o n\u00ba 017\/2012, publicada no \u201cDJ\u201d de 17\/04\/2012<\/a>, passa a vigorar com a seguinte reda\u00e7\u00e3o:<\/p>\n<p style=\"text-align: justify; padding-left: 30px;\">\u201cArt. 1\u00ba \u2013 Autorizar a instala\u00e7\u00e3o da 2\u00aa Vara Especializada da Inf\u00e2ncia e da Juventude do Ju\u00edzo de Vila Velha, Comarca da Capital, de Entr\u00e2ncia Especial, com compet\u00eancia exclusiva para processar e julgar demandas relativas a atos infracionais.\u201d<\/p>\n<p style=\"text-align: justify;\"><strong>Art. 2\u00ba<\/strong> \u2013 Fica exclu\u00eddo o <a href=\"https:\/\/www.tjes.jus.br\/corregedoria\/index.php\/2017\/02\/21\/resolucao-no-172012-publ-em-17042012\/\" target=\"_blank\">Art. 3\u00ba da Resolu\u00e7\u00e3o n\u00ba 017\/2012, publicada no \u201cDJ\u201d de 17\/04\/2012<\/a>.<\/p>\n<p style=\"text-align: justify;\"><strong>Art. 3\u00ba.<\/strong> Esta Resolu\u00e7\u00e3o entra em vigor na data de sua publica\u00e7\u00e3o.<\/p>\n<p style=\"text-align: justify;\">Vit\u00f3ria\/ES, 21 de junho de 2012.<\/p>\n<p style=\"text-align: center;\"><strong>Desembargador PEDRO VALLS FEU ROSA<br \/>\nPRESIDENTE<\/strong><\/p>\n","protected":false},"excerpt":{"rendered":"<p>ESTADO DO ESP\u00cdRITO SANTO PODER JUDICI\u00c1RIO TRIBUNAL DE JUSTI\u00c7A GABINETE DA PRESID\u00caNCIA RESOLU\u00c7\u00c3O N\u00ba 029\/2012 Alterar o Art. 1\u00ba e exclui o Art. 3\u00ba da Resolu\u00e7\u00e3o n\u00ba 017\/2012, publicada no \u201cDJ\u201d de 17\/04\/2012, Vara Especializada da Inf\u00e2ncia e da Juventude do Ju\u00edzo de Vila Velha, Comarca da Capital, de Entr\u00e2ncia Especial. O PRESIDENTE DO EGR\u00c9GIO [&hellip;]<\/p>\n","protected":false},"author":3,"featured_media":0,"comment_status":"open","ping_status":"open","sticky":false,"template":"","format":"standard","meta":{"footnotes":""},"categories":[14,13],"tags":[],"_links":{"self":[{"href":"https:\/\/www.tjes.jus.br\/corregedoria\/wp-json\/wp\/v2\/posts\/11885"}],"collection":[{"href":"https:\/\/www.tjes.jus.br\/corregedoria\/wp-json\/wp\/v2\/posts"}],"about":[{"href":"https:\/\/www.tjes.jus.br\/corregedoria\/wp-json\/wp\/v2\/types\/post"}],"author":[{"embeddable":true,"href":"https:\/\/www.tjes.jus.br\/corregedoria\/wp-json\/wp\/v2\/users\/3"}],"replies":[{"embeddable":true,"href":"https:\/\/www.tjes.jus.br\/corregedoria\/wp-json\/wp\/v2\/comments?post=11885"}],"version-history":[{"count":3,"href":"https:\/\/www.tjes.jus.br\/corregedoria\/wp-json\/wp\/v2\/posts\/11885\/revisions"}],"predecessor-version":[{"id":11890,"href":"https:\/\/www.tjes.jus.br\/corregedoria\/wp-json\/wp\/v2\/posts\/11885\/revisions\/11890"}],"wp:attachment":[{"href":"https:\/\/www.tjes.jus.br\/corregedoria\/wp-json\/wp\/v2\/media?parent=11885"}],"wp:term":[{"taxonomy":"category","embeddable":true,"href":"https:\/\/www.tjes.jus.br\/corregedoria\/wp-json\/wp\/v2\/categories?post=11885"},{"taxonomy":"post_tag","embeddable":true,"href":"https:\/\/www.tjes.jus.br\/corregedoria\/wp-json\/wp\/v2\/tags?post=11885"}],"curies":[{"name":"wp","href":"https:\/\/api.w.org\/{rel}","templated":true}]}}