{"id":11947,"date":"2017-02-22T14:29:21","date_gmt":"2017-02-22T17:29:21","guid":{"rendered":"https:\/\/www.tjes.jus.br\/corregedoria\/?p=11947"},"modified":"2017-05-15T12:44:50","modified_gmt":"2017-05-15T15:44:50","slug":"resolucao-no-482012-publ-em-05112012-republicacao","status":"publish","type":"post","link":"https:\/\/www.tjes.jus.br\/corregedoria\/2017\/02\/22\/resolucao-no-482012-publ-em-05112012-republicacao\/","title":{"rendered":"RESOLU\u00c7\u00c3O N\u00ba 48\/2012 &#8211; PUBL. EM 05\/11\/2012 &#8211; REPUBLICA\u00c7\u00c3O &#8211; ALTERADA"},"content":{"rendered":"<p style=\"text-align: center;\"><strong>ESTADO DO ESP\u00cdRITO SANTO<\/strong><\/p>\n<p style=\"text-align: center;\"><strong>PODER JUDICI\u00c1RIO<\/strong><\/p>\n<p style=\"text-align: center;\"><strong>TRIBUNAL DE JUSTI\u00c7A<\/strong><\/p>\n<p style=\"text-align: center;\"><strong>RESOLU\u00c7\u00c3O N\u00ba 048\/2012<\/strong><\/p>\n<p style=\"text-align: justify;\"><em>Disciplina a substitui\u00e7\u00e3o dos magistrados quando declaram a suspei\u00e7\u00e3o ou impedimento ou na aus\u00eancia por qualquer motivo.<\/em><\/p>\n<p style=\"text-align: justify;\">O Exmo. Sr. Des. Pedro Valls Feu Rosa, Presidente do Egr\u00e9gio Tribunal de Justi\u00e7a do Estado do Esp\u00edrito Santo no uso de suas atribui\u00e7\u00f5es legais e, tendo em vista decis\u00e3o un\u00e2nime do Egr\u00e9gio Tribunal Pleno, em sess\u00e3o realizada nesta data, e<\/p>\n<p style=\"text-align: justify;\"><strong>CONSIDERANDO<\/strong> a necessidade de disciplinar em todas as comarcas as substitui\u00e7\u00f5es dos magistrados quando declaram a suspei\u00e7\u00e3o ou impedimento para o processamento e julgamento de determinadas a\u00e7\u00f5es, ou mesmo quando de suas aus\u00eancias eventuais da Comarca;<\/p>\n<p style=\"text-align: justify;\"><strong>CONSIDERANDO<\/strong> que o atual procedimento \u00e9 demorado, visto que o magistrado necessita oficiar \u00e0 Presid\u00eancia comunicando o afastamento ou a declara\u00e7\u00e3o de suspei\u00e7\u00e3o ou impedimento para a designa\u00e7\u00e3o de outro juiz, o que acarreta atraso na presta\u00e7\u00e3o jurisdicional;<\/p>\n<p style=\"text-align: justify;\"><strong>CONSIDERANDO<\/strong> as informa\u00e7\u00f5es veiculadas no web site www.der.es.gov.br, onde constam as informa\u00e7\u00f5es das dist\u00e2ncias entre as Comarcas deste Estado;<\/p>\n<p style=\"text-align: justify;\"><strong>CONSIDERANDO<\/strong> a necessidade de adequa\u00e7\u00e3o da distribui\u00e7\u00e3o de forma que as substitui\u00e7\u00f5es se fa\u00e7am levando em considera\u00e7\u00e3o as afinidades entre as compet\u00eancias;<\/p>\n<p style=\"text-align: justify;\"><strong>CONSIDERANDO<\/strong> que o art. 181, par\u00e1grafo \u00fanico da Lei Complementar n\u00ba 234\/02, atribui ao Tribunal de Justi\u00e7a compet\u00eancia para editar Resolu\u00e7\u00f5es Complementares, a fim de instituir normas gerais e necess\u00e1rias \u00e0 execu\u00e7\u00e3o da Organiza\u00e7\u00e3o Judici\u00e1ria;<\/p>\n<p style=\"text-align: justify;\"><strong>CONSIDERANDO<\/strong> que compete ao Presidente do Tribunal de Justi\u00e7a implantar pol\u00edticas de gest\u00e3o do Poder Judici\u00e1rio, de forma a alcan\u00e7ar a efetiva\u00e7\u00e3o do princ\u00edpio da efici\u00eancia e a excel\u00eancia da presta\u00e7\u00e3o jurisdicional;<\/p>\n<p style=\"text-align: justify;\"><strong>RESOLVE:<\/strong><\/p>\n<p style=\"text-align: justify;\"><strong>Art. 1\u00ba<\/strong> \u2013 Quando o Juiz titular ou designado declarar a suspei\u00e7\u00e3o ou estiver impedido ou ausente por qualquer motivo, a sua substitui\u00e7\u00e3o se far\u00e1 na seguinte ordem:<\/p>\n<p style=\"text-align: justify;\">I. Na Comarca de <strong>\u00c1gua Doce do Norte<\/strong> o Juiz ser\u00e1 substitu\u00eddo pelo Juiz da Comarca de Barra de S\u00e3o Francisco que possua a mesma compet\u00eancia e havendo mais de um Juiz com compet\u00eancia concorrente, ser\u00e1 adotado o sistema de substitui\u00e7\u00e3o sucessiva, ou seja, ser\u00e1 substitu\u00eddo pelo Juiz da 1\u00aa Vara competente e, na aus\u00eancia ou impedimento\/suspei\u00e7\u00e3o, pelo Juiz substituto daquela e assim sucessivamente, at\u00e9 esgotadas todas as varas da comarca.<\/p>\n<p style=\"text-align: justify;\">II. Na Comarca de <strong>S\u00e3o Domingos do Norte<\/strong>, o Juiz ser\u00e1 substitu\u00eddo pelo Juiz da Comarca de \u00c1guia Branca.<\/p>\n<p style=\"text-align: justify;\">III. Na Comarca de <strong>\u00c1guia Branca<\/strong> o Juiz ser\u00e1 substitu\u00eddo pelo Juiz da 1\u00aa Vara da Comarca de S\u00e3o Gabriel da Palha e, na aus\u00eancia ou impedimento\/suspei\u00e7\u00e3o, pelo Juiz da 2\u00aa Vara;<\/p>\n<p style=\"text-align: justify;\">IV. Na Comarca de <strong>S\u00e3o Gabriel da Palha<\/strong> o Juiz da 1\u00aa Vara ser\u00e1 substitu\u00eddo pelo Juiz da 2\u00aa Vara e vice-versa, persistindo a aus\u00eancia ou impedimento\/suspei\u00e7\u00e3o, pelo Juiz da Comarca de S\u00e3o Domingos do Norte.<\/p>\n<p style=\"text-align: justify;\">V. Na Comarca de <strong>Rio Novo do Sul<\/strong> o Juiz ser\u00e1 substitu\u00eddo pelo Juiz da Comarca de Iconha.<\/p>\n<p style=\"text-align: justify;\">VI. Na Comarca de <strong>Iconha<\/strong> o Juiz ser\u00e1 substitu\u00eddo pelo Juiz da Comarca de Rio Novo do Sul.<\/p>\n<p style=\"text-align: justify;\">VII. Na Comarca de Pi\u00fama o Juiz ser\u00e1 substitu\u00eddo pelo Juiz da Comarca de Anchieta.<\/p>\n<p style=\"text-align: justify;\">VIII. Na Comarca de <strong>Anchieta<\/strong> o Juiz ser\u00e1 substitu\u00eddo pelo Juiz da Comarca de Pi\u00fama.<\/p>\n<p style=\"text-align: justify;\">IX. Na Comarca de <strong>Alfredo Chaves<\/strong> o Juiz ser\u00e1 substitu\u00eddo pelo Juiz da Comarca de Guarapari que possua a mesma compet\u00eancia e havendo mais de um Juiz com compet\u00eancia concorrente, ser\u00e1 adotado o sistema de substitui\u00e7\u00e3o sucessiva, ou seja, ser\u00e1 substitu\u00eddo pelo Juiz da 1\u00aa Vara competente e, na aus\u00eancia ou impedimento\/suspei\u00e7\u00e3o, pelo Juiz substituto daquela e assim sucessivamente, at\u00e9 esgotadas todas as varas da comarca.<\/p>\n<p style=\"text-align: justify;\">X. Na Comarca de Manten\u00f3polis o Juiz ser\u00e1 substitu\u00eddo pelo Juiz da Comarca de Alto Rio Novo.<\/p>\n<p style=\"text-align: justify;\">XI. Na Comarca de <strong>Alto Rio Novo<\/strong> o Juiz ser\u00e1 substitu\u00eddo pelo Juiz da 1\u00aa Vara da Comarca de Pancas e, na aus\u00eancia ou impedimento\/suspei\u00e7\u00e3o, pelo Juiz da 2\u00aa Vara;<\/p>\n<p style=\"text-align: justify;\">XII. Na Comarca de <strong>Pancas<\/strong> o Juiz da 1\u00aa Vara ser\u00e1 substitu\u00eddo pelo Juiz da 2\u00aa Vara e vice-versa, e persistindo a aus\u00eancia ou impedimento\/suspei\u00e7\u00e3o, pelo Juiz da Comarca de Colatina que possua a mesma compet\u00eancia e havendo mais de um Juiz com compet\u00eancia concorrente, ser\u00e1 adotado o sistema de substitui\u00e7\u00e3o sucessiva, ou seja, ser\u00e1 substitu\u00eddo pelo Juiz da 1\u00aa Vara competente e, na aus\u00eancia ou impedimento\/suspei\u00e7\u00e3o, pelo Juiz substituto daquela e assim sucessivamente, at\u00e9 esgotadas todas as varas da comarca.<\/p>\n<p style=\"text-align: justify;\">XIII. Na Comarca de <strong>Apiac\u00e1<\/strong> o Juiz ser\u00e1 substitu\u00eddo pelo Juiz da Comarca de Bom Jesus do Norte.<\/p>\n<p style=\"text-align: justify;\">XIV. Na Comarca de <strong>Bom Jesus do Norte<\/strong> o Juiz ser\u00e1 substitu\u00eddo pelo Juiz da Comarca de S\u00e3o Jos\u00e9 do Cal\u00e7ado.<\/p>\n<p style=\"text-align: justify;\">XV. Na Comarca de <strong>S\u00e3o Jos\u00e9 do Cal\u00e7ado<\/strong> o Juiz ser\u00e1 substitu\u00eddo pelo Juiz da Comarca de Apiac\u00e1.<\/p>\n<p style=\"text-align: justify;\">XVI. Na Comarca de <strong>Ecoporanga<\/strong> o Juiz da 1\u00aa Vara ser\u00e1 substitu\u00eddo pelo Juiz da 2\u00aa Vara e vice-versa, e persistindo a aus\u00eancia ou impedimento\/suspei\u00e7\u00e3o, pelo Juiz da Comarca de Barra de S\u00e3o Francisco que possua a mesma compet\u00eancia e havendo mais de um Juiz com compet\u00eancia concorrente, ser\u00e1 adotado o sistema de substitui\u00e7\u00e3o sucessiva, ou seja, ser\u00e1 substitu\u00eddo pelo Juiz da 1\u00aa Vara competente e, na aus\u00eancia ou impedimento\/suspei\u00e7\u00e3o, pelo Juiz substituto daquela e assim sucessivamente, at\u00e9 esgotadas todas as varas da comarca.<\/p>\n<p style=\"text-align: justify;\">XVII. Na Comarca de <strong>Presidente Kennedy<\/strong> o Juiz ser\u00e1 substitu\u00eddo pelo Juiz da Comarca de At\u00edlio Vivacqua.<\/p>\n<p style=\"text-align: justify;\">XVIII. Na Comarca de <strong>At\u00edlio Vivacqua<\/strong> o Juiz ser\u00e1 substitu\u00eddo pelo Juiz da Comarca de Presidente Kennedy.<\/p>\n<p style=\"text-align: justify;\">XIX. Na Comarca de <strong>Muqui<\/strong> o Juiz ser\u00e1 substitu\u00eddo pelo Juiz da 1\u00aa Vara da Comarca de Mimoso do Sul e, na aus\u00eancia ou impedimento\/suspei\u00e7\u00e3o deste, pelo Juiz da 2\u00aa Vara;<\/p>\n<p style=\"text-align: justify;\">XX. Na Comarca de <strong>Mimoso do Sul<\/strong> o Juiz da 1\u00aa Vara ser\u00e1 substitu\u00eddo pelo Juiz da 2\u00aa Vara e vice-versa, e persistindo a aus\u00eancia ou impedimento\/suspei\u00e7\u00e3o, pelo Juiz da Comarca de Muqui.<\/p>\n<p style=\"text-align: justify;\">XXI. Na Comarca de <strong>Dores do Rio Preto<\/strong> o Juiz ser\u00e1 substitu\u00eddo pelo Juiz da 1\u00aa Vara da Comarca de Gua\u00e7u\u00ed e, na aus\u00eancia ou impedimento\/suspei\u00e7\u00e3o deste, pelo Juiz da 2\u00aa Vara da Comarca de Gua\u00e7u\u00ed e assim sucessivamente, at\u00e9 esgotadas todas as varas da comarca.<\/p>\n<p style=\"text-align: justify;\">XXII. Na Comarca de <strong>Gua\u00e7u\u00ed<\/strong> o Juiz da 1\u00aa Vara ser\u00e1 substitu\u00eddo pelo Juiz da 2\u00aa Vara e vice-versa, e persistindo a aus\u00eancia ou impedimento\/suspei\u00e7\u00e3o, pelo Juiz da Comarca de Dores do Rio Preto.<\/p>\n<p style=\"text-align: justify;\">XXIII. Na Comarca de <strong>Mucurici<\/strong> o Juiz ser\u00e1 substitu\u00eddo pelo Juiz da Comarca de Montanha.<\/p>\n<p style=\"text-align: justify;\">XXIV. Na Comarca de <strong>Montanha<\/strong> o Juiz ser\u00e1 substitu\u00eddo pelo Juiz da Comarca de Mucurici.<\/p>\n<p style=\"text-align: justify;\">XXV. Na Comarca de <strong>Boa Esperan\u00e7a<\/strong> o Juiz ser\u00e1 substitu\u00eddo pelo Juiz da Comarca de Pinheiros.<\/p>\n<p style=\"text-align: justify;\">XXVI. Na Comarca de <strong>Pinheiros<\/strong> o Juiz ser\u00e1 substitu\u00eddo pelo Juiz da Comarca de Boa Esperan\u00e7a.<\/p>\n<p style=\"text-align: justify;\">XXVII. Na Comarca de <strong>Venda Nova do Imigrante<\/strong> o Juiz ser\u00e1 substitu\u00eddo pelo Juiz da Comarca de Concei\u00e7\u00e3o do Castelo.<\/p>\n<p style=\"text-align: justify;\">XXVIII. Na Comarca de <strong>Concei\u00e7\u00e3o do Castelo<\/strong> o Juiz ser\u00e1 substitu\u00eddo pelo Juiz da Comarca de Venda Nova.<\/p>\n<p style=\"text-align: justify;\">XXIX. Na Comarca de <strong>Muniz Freire<\/strong> o Juiz ser\u00e1 substitu\u00eddo pelo Juiz da 1\u00aa Vara da Comarca de Castelo e, na aus\u00eancia ou impedimento\/suspei\u00e7\u00e3o deste, pelo Juiz da 2\u00aa Vara;<\/p>\n<p style=\"text-align: justify;\">XXX. Na Comarca de <strong>Castelo<\/strong> o Juiz da 1\u00aa Vara ser\u00e1 substitu\u00eddo pelo Juiz da 2\u00aa Vara e vice-versa, e persistindo a aus\u00eancia ou impedimento\/suspei\u00e7\u00e3o, pelo Juiz da Comarca de Muniz Freire.<\/p>\n<p style=\"text-align: justify;\">XXXI. Na Comarca de <strong>Jo\u00e3o Neiva<\/strong> o Juiz ser\u00e1 substitu\u00eddo pelo Juiz da 1\u00aa Vara da Comarca de Ibira\u00e7u e, na aus\u00eancia ou impedimento\/suspei\u00e7\u00e3o deste, pelo Juiz da 2\u00aa Vara;<\/p>\n<p style=\"text-align: justify;\">XXXII. Na Comarca de <strong>Ibira\u00e7u<\/strong> o Juiz da 1\u00aa Vara ser\u00e1 substitu\u00eddo pelo Juiz da 2\u00aa Vara e vice-versa, e persistindo a aus\u00eancia ou impedimento\/suspei\u00e7\u00e3o, pelo Juiz da Comarca de Fund\u00e3o.<\/p>\n<p style=\"text-align: justify;\"><del>XXXIII. Na Comarca de <strong>Fund\u00e3o<\/strong> o Juiz ser\u00e1 substitu\u00eddo pelo Juiz da Comarca de Jo\u00e3o Neiva.<\/del> <strong>(Revogado pela <a href=\"https:\/\/www.tjes.jus.br\/corregedoria\/index.php\/2017\/05\/15\/resolucao-no-152017-disp-15052017\/\" target=\"_blank\">Resolu\u00e7\u00e3o n\u00ba 15\/2017<\/a>, disponibilizada em 15\/05\/2017)<\/strong><\/p>\n<p style=\"text-align: justify;\">XXXIV. Na Comarca de <strong>Ibatiba<\/strong> o Juiz ser\u00e1 substitu\u00eddo pelo Juiz da Comarca de Ibitirama.<\/p>\n<p style=\"text-align: justify;\">XXXV. Na Comarca de <strong>Ibitirama<\/strong> o Juiz ser\u00e1 substitu\u00eddo pelo Juiz da 1\u00aa Vara da Comarca de I\u00fana e, na aus\u00eancia ou impedimento\/suspei\u00e7\u00e3o deste, pelo Juiz da 2\u00aa Vara;<\/p>\n<p style=\"text-align: justify;\">XXXVI. Na Comarca de <strong>I\u00fana<\/strong> o Juiz da 1\u00aa Vara ser\u00e1 substitu\u00eddo pelo Juiz da 2\u00aa Vara e vice-versa, e persistindo a aus\u00eancia ou impedimento\/suspei\u00e7\u00e3o, pelo Juiz da Comarca de Ibatiba.<\/p>\n<p style=\"text-align: justify;\">XXXVII. Na Comarca de <strong>Itagua\u00e7u<\/strong> o Juiz ser\u00e1 substitu\u00eddo pelo Juiz da Comarca de Itarana.<\/p>\n<p style=\"text-align: justify;\">XXXVIII. Na Comarca de <strong>Itarana<\/strong> o Juiz ser\u00e1 substitu\u00eddo pelo Juiz da Comarca de Santa Maria de Jetib\u00e1.<\/p>\n<p style=\"text-align: justify;\">XXXIX. Na Comarca de <strong>Santa Maria de Jetib\u00e1<\/strong> o Juiz ser\u00e1 substitu\u00eddo pelo Juiz da Comarca de Santa Tereza.<\/p>\n<p style=\"text-align: justify;\">XL. Na Comarca de <strong>Santa Tereza<\/strong> o Juiz ser\u00e1 substitu\u00eddo pelo Juiz da Comarca de Itagua\u00e7u.<\/p>\n<p style=\"text-align: justify;\">XLI. Na Comarca de <strong>Baixo Guandu<\/strong> o Juiz da 1\u00aa Vara ser\u00e1 substitu\u00eddo pelo Juiz da 2\u00aa Vara e vice-versa, e persistindo a aus\u00eancia ou impedimento\/suspei\u00e7\u00e3o, pelo Juiz da Comarca de Colatina que possua a mesma compet\u00eancia e havendo mais de um Juiz com compet\u00eancia concorrente, ser\u00e1 adotado o sistema de substitui\u00e7\u00e3o sucessiva, ou seja, ser\u00e1 substitu\u00eddo pelo Juiz da 1\u00aa Vara competente e, na aus\u00eancia ou impedimento\/suspei\u00e7\u00e3o, pelo Juiz substituto daquela e assim sucessivamente, at\u00e9 esgotadas todas as varas da comarca.<\/p>\n<p style=\"text-align: justify;\">XLII. Na Comarca de <strong>Jaguar\u00e9<\/strong> o Juiz ser\u00e1 substitu\u00eddo pelo Juiz da Comarca de S\u00e3o Mateus que possua a mesma compet\u00eancia e havendo mais de um Juiz com compet\u00eancia concorrente, ser\u00e1 adotado o sistema de substitui\u00e7\u00e3o sucessiva, ou seja, ser\u00e1 substitu\u00eddo pelo Juiz da 1\u00aa Vara competente e, na aus\u00eancia ou impedimento\/suspei\u00e7\u00e3o, pelo Juiz substituto daquela e assim sucessivamente, at\u00e9 esgotadas todas as varas da comarca.<\/p>\n<p style=\"text-align: justify;\">XLIII. Na Comarca de <strong>Jer\u00f4nimo Monteiro<\/strong> o Juiz ser\u00e1 substitu\u00eddo pelo Juiz da 1\u00aa Vara da Comarca de Alegre e, na aus\u00eancia ou impedimento\/suspei\u00e7\u00e3o deste, pelo Juiz da 2\u00aa Vara;<\/p>\n<p style=\"text-align: justify;\">XLIV. Na Comarca de <strong>Alegre<\/strong> o Juiz da 1\u00aa Vara ser\u00e1 substitu\u00eddo pelo Juiz da 2\u00aa Vara e vice-versa, e persistindo a aus\u00eancia ou impedimento\/suspei\u00e7\u00e3o, pelo Juiz da Comarca de Jer\u00f4nimo Monteiro.<\/p>\n<p style=\"text-align: justify;\">XLV. Na Comarca de <strong>Laranja da Terra<\/strong> o Juiz ser\u00e1 substitu\u00eddo pelo Juiz da 1\u00aa Vara da Comarca de Afonso Cl\u00e1udio e, na aus\u00eancia ou impedimento\/suspei\u00e7\u00e3o deste, pelo Juiz da 2\u00aa Vara;<\/p>\n<p style=\"text-align: justify;\">XLVI. Na Comarca de <strong>Afonso Cl\u00e1udio<\/strong> o Juiz da 1\u00aa Vara ser\u00e1 substitu\u00eddo pelo Juiz da 2\u00aa Vara e vice-versa, e persistindo a aus\u00eancia ou impedimento\/suspei\u00e7\u00e3o, pelo Juiz da Comarca de Laranja da Terra.<\/p>\n<p style=\"text-align: justify;\">XLVII. Na Comarca de <strong>Marechal Floriano<\/strong> o Juiz ser\u00e1 substitu\u00eddo pelo Juiz da 1\u00aa Vara da Comarca de Domingos Martins e, na aus\u00eancia ou impedimento\/suspei\u00e7\u00e3o deste, pelo Juiz da 2\u00aa Vara;<\/p>\n<p style=\"text-align: justify;\">XLVIII. Na comarca de <strong>Domingos Martins<\/strong> o Juiz da 1\u00aa Vara ser\u00e1 substitu\u00eddo pelo Juiz da 2\u00aa Vara e vice-versa, e persistindo a aus\u00eancia ou impedimento\/suspei\u00e7\u00e3o, pelo Juiz da Comarca de Marechal Floriano. Se porventura, a situa\u00e7\u00e3o de aus\u00eancia ou impedimento\/suspei\u00e7\u00e3o n\u00e3o restar resolvida na configura\u00e7\u00e3o do grupo, o Juiz ser\u00e1 substitu\u00eddo pelo Juiz da Comarca de Viana que possua a mesma compet\u00eancia e havendo mais de um Juiz com compet\u00eancia concorrente, ser\u00e1 adotado o sistema de substitui\u00e7\u00e3o sucessiva, ou seja, ser\u00e1 substitu\u00eddo pelo Juiz da 1\u00aa Vara competente e, na aus\u00eancia ou impedimento\/suspei\u00e7\u00e3o, pelo Juiz substituto daquela e assim sucessivamente, at\u00e9 esgotadas todas as varas da comarca.<\/p>\n<p style=\"text-align: justify;\">XLIX. Na Comarca de <strong>Maril\u00e2ndia<\/strong> o Juiz ser\u00e1 substitu\u00eddo pelo Juiz da Comarca de Colatina que possua a mesma compet\u00eancia e havendo mais de um Juiz com compet\u00eancia concorrente, ser\u00e1 adotado o sistema de substitui\u00e7\u00e3o sucessiva, ou seja, ser\u00e1 substitu\u00eddo pelo Juiz da 1\u00aa Vara competente e, na aus\u00eancia ou impedimento\/suspei\u00e7\u00e3o, pelo Juiz substituto daquela e assim sucessivamente, at\u00e9 esgotadas todas as varas da comarca.<\/p>\n<p style=\"text-align: justify;\">L. Na Comarca de <strong>Vargem Alta<\/strong> o Juiz ser\u00e1 substitu\u00eddo pelo Juiz da Comarca de Cachoeiro do Itapemirim que possua a mesma compet\u00eancia e havendo mais de um Juiz com compet\u00eancia concorrente, ser\u00e1 adotado o sistema de substitui\u00e7\u00e3o sucessiva, ou seja, ser\u00e1 substitu\u00eddo pelo Juiz da 1\u00aa Vara competente e, na aus\u00eancia ou impedimento\/suspei\u00e7\u00e3o, pelo Juiz substituto daquela e assim sucessivamente, at\u00e9 esgotadas todas as varas da comarca.<\/p>\n<p style=\"text-align: justify;\">LI. Na Comarca de <strong>Pedro Can\u00e1rio<\/strong> o Juiz ser\u00e1 substitu\u00eddo pelo Juiz da 1\u00aa Vara da Comarca de Concei\u00e7\u00e3o da Barra e, na aus\u00eancia ou impedimento\/suspei\u00e7\u00e3o deste, pelo Juiz da 2\u00aa Vara;<\/p>\n<p style=\"text-align: justify;\">LII. Na Comarca de <strong>Concei\u00e7\u00e3o da Barra<\/strong> o Juiz da 1\u00aa Vara ser\u00e1 substitu\u00eddo pelo Juiz da 2\u00aa Vara e vice-versa, e persistindo a aus\u00eancia ou impedimento\/suspei\u00e7\u00e3o, pelo Juiz da Comarca de Pedro Can\u00e1rio.<\/p>\n<p style=\"text-align: justify;\">LIII. Na Comarca de <strong>Rio Bananal<\/strong> o Juiz ser\u00e1 substitu\u00eddo pelo Juiz da Comarca de Linhares que possua a mesma compet\u00eancia e havendo mais de um Juiz com compet\u00eancia concorrente, ser\u00e1 adotado o sistema de substitui\u00e7\u00e3o sucessiva, ou seja, ser\u00e1 substitu\u00eddo pelo Juiz da 1\u00aa Vara competente e, na aus\u00eancia ou impedimento\/suspei\u00e7\u00e3o, pelo Juiz substituto daquela e assim sucessivamente, at\u00e9 esgotadas todas as varas da comarca.<\/p>\n<p style=\"text-align: justify;\">LIV. Na Comarca de <strong>Santa Leopoldina<\/strong> o Juiz ser\u00e1 substitu\u00eddo pelo Juiz da Comarca de Cariacica que possua a mesma compet\u00eancia e havendo mais de um Juiz com compet\u00eancia concorrente, ser\u00e1 adotado o sistema de substitui\u00e7\u00e3o sucessiva, ou seja, ser\u00e1 substitu\u00eddo pelo Juiz da 1\u00aa Vara competente e, na aus\u00eancia ou impedimento\/suspei\u00e7\u00e3o, pelo Juiz substituto daquela e assim sucessivamente, at\u00e9 esgotadas todas as varas da comarca.<\/p>\n<p style=\"text-align: justify;\"><strong>Art. 2\u00ba<\/strong> \u2013 Nas Comarcas de Aracruz, Barra de S\u00e3o Francisco, Cachoeiro do Itapemirim, Colatina, Guarapari, Itapemirim, Linhares, Marata\u00edzes, Nova Ven\u00e9cia e S\u00e3o Mateus, quando o Juiz titular ou designado declarar a suspei\u00e7\u00e3o ou estiver impedido ou ausente por qualquer motivo, a sua substitui\u00e7\u00e3o se far\u00e1 na seguinte ordem:<\/p>\n<p style=\"text-align: justify;\">\u00a7 1\u00ba \u2013 Havendo mais de um Juiz com compet\u00eancia concorrente, ser\u00e1 adotado o sistema de substitui\u00e7\u00e3o sucessiva, ou seja, o Juiz da 1\u00aa Vara ser\u00e1 substitu\u00eddo pelo Juiz da 2\u00aa Vara, e este pelo Juiz da 3\u00aa Vara e assim sucessivamente, sendo o Juiz da \u00faltima Vara com compet\u00eancia concorrente substitu\u00eddo pelo Juiz da 1\u00aaVara.<\/p>\n<p style=\"text-align: justify;\">I. Na Comarca de <strong>ARACRUZ,<\/strong> esgotada a compet\u00eancia concorrente as substitui\u00e7\u00f5es acontecer\u00e3o na seguinte sequ\u00eancia: o Juiz da Vara da Fazenda P\u00fablica Estadual, Municipal, Registros P\u00fablicos e Meio Ambiente ser\u00e1 substitu\u00eddo pelos Ju\u00edzes das Varas C\u00edveis; os Ju\u00edzes das Varas C\u00edveis ser\u00e3o substitu\u00eddos pelo Juiz do Juizado Especial C\u00edvel; o do Juizado Especial C\u00edvel pelo Juiz da Vara de Fam\u00edlia e \u00d3rf\u00e3os e Sucess\u00f5es; o da Vara de Fam\u00edlia e \u00d3rf\u00e3os e Sucess\u00f5es ser\u00e1 substitu\u00eddo pelo Juiz da Vara de Inf\u00e2ncia e Juventude; o da Vara de Inf\u00e2ncia e Juventude ser\u00e1 substitu\u00eddo pelo Juiz da Vara Criminal; o da Vara Criminal ser\u00e1 substitu\u00eddo pelo Juiz do Juizado Especial Criminal e do Juizado Especial da Fazenda P\u00fablica; o do Juizado Especial Criminal e do Juizado Especial da Fazenda P\u00fablica ser\u00e1 substitu\u00eddo pelo Juiz da Vara da Fazenda P\u00fablica Estadual, Municipal, Registros P\u00fablicos e Meio Ambiente.<\/p>\n<p style=\"text-align: justify;\">II. Na Comarca de <strong>BARRA de S\u00c3O FRANCISCO<\/strong>, esgotada a compet\u00eancia concorrente as substitui\u00e7\u00f5es acontecer\u00e3o na seguinte sequ\u00eancia: o Juiz da 1\u00aa Vara (C\u00edvel, Comercial, Acidente do Trabalho, Fazenda P\u00fablica e Meio Ambiente) ser\u00e1 substitu\u00eddo pelo Juiz da 3\u00aa Vara (Fam\u00edlia, \u00d3rf\u00e3os e Sucess\u00f5es e Inf\u00e2ncia e Juventude); o Juiz da 3\u00aa Vara ser\u00e1 substitu\u00eddo pelo Juiz do Juizado Especial C\u00edvel, Criminal e de Fazenda P\u00fablica; o do Juizado Especial C\u00edvel, Criminal e de Fazenda P\u00fablica ser\u00e1 substitu\u00eddo pelos Ju\u00edzes das Varas Criminais; os das Varas Criminais ser\u00e3o substitu\u00eddos pelo Juiz da 1\u00aa Vara (C\u00edvel, Comercial, Acidente de Trabalho, Fazenda P\u00fablica e Meio Ambiente).<\/p>\n<p style=\"text-align: justify;\">III. Na Comarca de <strong>CACHOEIRO DE ITAPEMIRIM<\/strong>, esgotada a compet\u00eancia concorrente as substitui\u00e7\u00f5es acontecer\u00e3o na seguinte sequ\u00eancia: os Ju\u00edzes das Varas da Fazenda P\u00fablica Estadual ser\u00e3o substitu\u00eddos pelos Ju\u00edzes das Varas C\u00edveis; os das Varas C\u00edveis pelo Juiz do Juizado Especial C\u00edvel; o do Juizado Especial C\u00edvel pelo Juiz da Vara de \u00d3rf\u00e3os e Sucess\u00f5es; o da Vara de \u00d3rf\u00e3os e Sucess\u00f5es pelos Ju\u00edzes das Varas de Fam\u00edlia; o das Varas de Fam\u00edlia pelo Juiz da Vara Especializada da Inf\u00e2ncia e Juventude; o da Vara Especializada da Inf\u00e2ncia e Juventude pelos Ju\u00edzes das Varas Criminais; os das Varas Criminais pelo Juiz do Juizado Especial Criminal e de Juizado Especial da Fazenda P\u00fablica; o do Juizado Especial Criminal e de Juizado Especial da Fazenda P\u00fablica pelo Juiz da Vara da Fazenda P\u00fablica Municipal, Registros P\u00fablicos e Meio Ambiente; o da Fazenda P\u00fablica Municipal, Registros P\u00fablicos e Meio Ambiente pelos Ju\u00edzes das Varas da Fazenda P\u00fablica Estadual.<\/p>\n<p style=\"text-align: justify;\">IV. Na Comarca de <strong>COLATINA,<\/strong> esgotada a compet\u00eancia concorrente as substitui\u00e7\u00f5es acontecer\u00e3o na seguinte sequ\u00eancia: o Juiz da Vara da Fazenda P\u00fablica Estadual e Registros P\u00fablicos e Meio Ambiente ser\u00e1 substitu\u00eddo pelos Ju\u00edzes das Varas C\u00edveis; os das Varas C\u00edveis ser\u00e3o substitu\u00eddos pelos Ju\u00edzes dos Juizados Especiais C\u00edveis; os dos Juizados Especial C\u00edveis pelo Juiz da Vara de \u00d3rf\u00e3os e Sucess\u00f5es; o da Vara de \u00d3rf\u00e3os e Sucess\u00f5es pelos Ju\u00edzes das Varas de Fam\u00edlia; os das Varas de Fam\u00edlia pelo Juiz da Vara Especializada de Inf\u00e2ncia e Juventude; o da Vara Especializada da Inf\u00e2ncia e Juventude pelos Ju\u00edzes das Varas Criminais; os das Varas Criminais pelo Juiz do Juizado Especial Criminal e de Juizado Especial da Fazenda P\u00fablica; o do Juizado Especial Criminal e de Juizado Especial da Fazenda P\u00fablica pelo Juiz da Vara da Fazenda P\u00fablica Municipal; o da Fazenda P\u00fablica Municipal pelo Juiz da Vara da Fazenda P\u00fablica Estadual, Registros P\u00fablicos e Meio Ambiente.<\/p>\n<p style=\"text-align: justify;\"><del>V. Na Comarca de <strong>GUARAPARI,<\/strong> esgotada a compet\u00eancia concorrente as substitui\u00e7\u00f5es acontecer\u00e3o na seguinte sequ\u00eancia: o Juiz da Vara da Fazenda P\u00fablica Estadual, Municipal, Registros P\u00fablicos e Meio Ambiente ser\u00e1 substitu\u00eddo pelos Ju\u00edzes das Varas C\u00edveis; os das Varas C\u00edveis pelos Ju\u00edzes dos Juizados Especiais C\u00edveis; os dos Juizados Especiais C\u00edveis pelos Ju\u00edzes das Varas de Fam\u00edlia, \u00d3rf\u00e3os e Sucess\u00f5es; os das Varas de Fam\u00edlia, \u00d3rf\u00e3os e Sucess\u00f5es pelo Juiz da Vara Especializada da Inf\u00e2ncia e Juventude; o da Vara Especializada de Inf\u00e2ncia e Juventude pelos Ju\u00edzes das Varas Criminais; os das Varas Criminais pelo Juiz do Juizado Especial Criminal e de Juizado Especial da Fazenda P\u00fablica; o do Juizado Especial Criminal e de Juizado Especial da Fazenda P\u00fablica pelo Juiz da Vara da Fazenda P\u00fablica Estadual, Municipal, Registros P\u00fablicos e Meio Ambiente.<\/del>\u00a0<strong>(Revogado pela <a href=\"https:\/\/www.tjes.jus.br\/corregedoria\/index.php\/2017\/05\/15\/resolucao-no-152017-disp-15052017\/\" target=\"_blank\">Resolu\u00e7\u00e3o n\u00ba 15\/2017<\/a>, disponibilizada em 15\/05\/2017)<\/strong><\/p>\n<p style=\"text-align: justify;\">VI. Na Comarca de <strong>ITAPEMIRIM,<\/strong> esgotada a compet\u00eancia concorrente as substitui\u00e7\u00f5es acontecer\u00e3o na seguinte sequ\u00eancia: o Juiz da Vara C\u00edvel pelo Juiz do Juizado Especial C\u00edvel, Criminal e da Fazenda P\u00fablica; o do Juizado Especial C\u00edvel, Criminal e da Fazenda P\u00fablica pelo Juiz da Vara de Fam\u00edlia, \u00d3rf\u00e3os e Sucess\u00f5es e Inf\u00e2ncia e Juventude; o da Vara de Fam\u00edlia, \u00d3rf\u00e3os e Sucess\u00f5es e Inf\u00e2ncia e Juventude pelo Juiz da Vara Criminal; o da Vara Criminal pelo Juiz da Vara C\u00edvel.<\/p>\n<p style=\"text-align: justify;\">VII. Na Comarca de <strong>LINHARES,<\/strong> esgotada a compet\u00eancia concorrente as substitui\u00e7\u00f5es acontecer\u00e3o na seguinte sequ\u00eancia: o Juiz da Vara da Fazenda P\u00fablica Estadual, Municipal, Registros P\u00fablicos e Meio Ambiente ser\u00e1 substitu\u00eddo pelos Ju\u00edzes das Varas C\u00edveis; os das Varas C\u00edveis pelos Ju\u00edzes dos Juizados Especiais C\u00edveis; os dos Juizados Especiais C\u00edveis pelos Ju\u00edzes das Varas de Fam\u00edlia, \u00d3rf\u00e3os e Sucess\u00f5es; os das Varas de Fam\u00edlia, \u00d3rf\u00e3os e Sucess\u00f5es pelo Juiz da Vara Especializada de Inf\u00e2ncia e Juventude; o da Vara Especializada de Inf\u00e2ncia e Juventude pelos Ju\u00edzes das Varas Criminais; os das Varas Criminais pelo Juiz do Juizado Especial Criminal e de Juizado Especial da Fazenda P\u00fablica; o do Juizado Especial Criminal e de Juizado Especial da Fazenda P\u00fablica pelo Juiz da Vara da Fazenda P\u00fablica Estadual, Municipal, Registros P\u00fablicos e Meio Ambiente.<\/p>\n<p style=\"text-align: justify;\">VIII. Na Comarca de <strong>MARATA\u00cdZES,<\/strong> esgotada a compet\u00eancia concorrente as substitui\u00e7\u00f5es acontecer\u00e3o na seguinte sequ\u00eancia: o Juiz da Vara da Fazenda P\u00fablica Estadual, Municipal, de Registros P\u00fablicos e Acidente de Trabalho e com compet\u00eancia em mat\u00e9ria de Meio Ambiente ser\u00e1 substitu\u00eddo pelo Juiz da Vara C\u00edvel e Comercial; o da Vara C\u00edvel e Comercial pelo Juiz da Vara de Fam\u00edlia, \u00d3rf\u00e3os e Sucess\u00f5es e Inf\u00e2ncia e Juventude; o da Vara de Fam\u00edlia, \u00d3rf\u00e3os e Sucess\u00f5es e Inf\u00e2ncia e Juventude pelo Juiz da Vara Criminal; o da Vara Criminal pelo Juiz do Juizado Especial C\u00edvel, Criminal e da Fazenda P\u00fablica; o do Juizado Especial C\u00edvel, Criminal e da Fazenda P\u00fablica pelo Juiz da Fazenda P\u00fablica Estadual, Municipal, Registros P\u00fablicos, Acidente de Trabalho e Meio Ambiente.<\/p>\n<p style=\"text-align: justify;\">IX. Na Comarca de <strong>NOVA VEN\u00c9CIA<\/strong>, esgotada a compet\u00eancia concorrente as substitui\u00e7\u00f5es acontecer\u00e3o na seguinte sequ\u00eancia: o Juiz da 1\u00aa Vara (C\u00edvel, Comercial, Acidente de Trabalho, Fazenda P\u00fablica e Meio Ambiente) ser\u00e1 substitu\u00eddo pelo Juiz do Juizado Especial C\u00edvel; o do Juizado Especial C\u00edvel ser\u00e1 substitu\u00eddo pelo Juiz da 3\u00aa Vara (Fam\u00edlia, \u00d3rf\u00e3os e Sucess\u00f5es e Inf\u00e2ncia e Juventude); o Juiz da 3\u00aa Vara ser\u00e1 substitu\u00eddo pelo Juiz da Vara Criminal; o da Vara Criminal ser\u00e1 substitu\u00eddo pelo Juiz do Juizado Especial Criminal e de Juizado Especial da Fazenda P\u00fablica; o do Juizado Especial Criminal e de Juizado Especial da Fazenda Publica ser\u00e1 substitu\u00eddo pelo Juiz da 1\u00aa Vara (C\u00edvel, Comercial, Acidente de Trabalho, Fazenda P\u00fablica e Meio Ambiente)<\/p>\n<p style=\"text-align: justify;\">X. Na Comarca de <strong>S\u00c3O MATEUS<\/strong>, esgotada a compet\u00eancia concorrente as substitui\u00e7\u00f5es acontecer\u00e3o na seguinte sequ\u00eancia: o Juiz da 4\u00aa Vara (Fazenda P\u00fablica Estadual, Municipal e Registros P\u00fablicos e Meio Ambiente) ser\u00e1 substitu\u00eddo pelos Ju\u00edzes das Varas C\u00edveis; os das Varas C\u00edveis pelos Ju\u00edzes dos Juizados Especiais C\u00edveis; os dos Juizados Especiais C\u00edveis pelo Juiz da Vara da Inf\u00e2ncia e Juventude e \u00d3rf\u00e3os e Sucess\u00f5es; o da Vara de Inf\u00e2ncia e Juventude e \u00d3rf\u00e3os e Sucess\u00f5es pelo Juiz da 3\u00aaVara (Fam\u00edlia); o da 3\u00aa Vara pelos Ju\u00edzes das Varas Criminais; os das Varas Criminais pelo Juiz do Juizado Especial Criminal e de Juizado Especial da Fazenda P\u00fablica; o do Juizado Especial Criminal e de Juizado da Fazenda P\u00fablica pelo Juiz da 4\u00aa Vara (Fazenda P\u00fablica Estadual, Municipal e Registros P\u00fablicos e Meio Ambiente).<\/p>\n<p style=\"text-align: justify;\"><del><strong>Art. 3\u00ba<\/strong> \u2013 Na Comarca da Capital quando o Juiz titular ou designado declarar a suspei\u00e7\u00e3o ou estiver impedido ou ausente por qualquer motivo, a sua substitui\u00e7\u00e3o se far\u00e1 na seguinte ordem<\/del>:\u00a0<strong>(Revogado pela <a href=\"https:\/\/www.tjes.jus.br\/corregedoria\/index.php\/2017\/05\/15\/resolucao-no-152017-disp-15052017\/\" target=\"_blank\">Resolu\u00e7\u00e3o n\u00ba 15\/2017<\/a>, disponibilizada em 15\/05\/2017)<\/strong><\/p>\n<p style=\"text-align: justify;\"><del>\u00a7 1\u00ba- Havendo mais de um Juiz com compet\u00eancia concorrente, ser\u00e1 adotado o sistema de substitui\u00e7\u00e3o sucessiva, ou seja, o Juiz da 1\u00aa Vara ser\u00e1 substitu\u00eddo pelo Juiz da 2\u00aa Vara, e este pelo Juiz da 3\u00aa Vara e assim sucessivamente, sendo o Juiz da \u00faltima Vara com compet\u00eancia concorrente substitu\u00eddo pelo Juiz da 1\u00aaVara.<\/del><\/p>\n<p style=\"text-align: justify;\"><del>I. No ju\u00edzo de <strong>VIT\u00d3RIA<\/strong>, esgotada a compet\u00eancia concorrente as substitui\u00e7\u00f5es acontecer\u00e3o na seguinte sequ\u00eancia: os Ju\u00edzes das Varas da Fazenda P\u00fablica Estadual ser\u00e3o substitu\u00eddos pelo Juiz da Vara de Recupera\u00e7\u00e3o Empresarial e Fal\u00eancias; o da Vara de Recupera\u00e7\u00e3o Empresarial e Fal\u00eancias ser\u00e1 substitu\u00eddo pelo Juiz da Vara de Acidente de Trabalho; o da Vara de Acidente de Trabalho ser\u00e1 substitu\u00eddo pelo Juiz da Vara Privativa dos Registros P\u00fablicos e Meio Ambiente; o da Vara Privativa dos Registros P\u00fablicos e Meio Ambiente pelos Ju\u00edzes das Varas da Fazenda P\u00fablica Estadual Privativa das Execu\u00e7\u00f5es Fiscais; os das Varas da Fazenda P\u00fablica Estadual Privativa das Execu\u00e7\u00f5es Fiscais pelos Ju\u00edzes das Varas C\u00edveis; os das Varas C\u00edveis pelos Ju\u00edzes dos Juizados Especiais C\u00edveis; os dos Juizados Especiais C\u00edveis pelos Ju\u00edzes das Varas de \u00d3rf\u00e3os e Sucess\u00f5es; os das Varas de \u00d3rf\u00e3os e Sucess\u00f5es pelos Ju\u00edzes das Varas de Fam\u00edlia; os das Varas de Fam\u00edlia pelos Ju\u00edzes das Varas Especializadas de Inf\u00e2ncia e Juventude; os das Varas Especializadas da Inf\u00e2ncia e Juventude pelos Ju\u00edzes das Varas Criminais; os das Varas Criminais pelo Juiz da Vara de Central de Inqu\u00e9ritos; o da Vara de Central de Inqu\u00e9ritos pelo Juiz da Auditoria da Justi\u00e7a Militar; o da Auditoria da Justi\u00e7a Militar pelos Ju\u00edzes dos Juizados Especiais Criminais e de Juizados Especiais da Fazenda P\u00fablica; os dos Juizados Especiais Criminais e de Juizados Especiais da Fazenda P\u00fablica pelo Juiz da Vara da Fazenda P\u00fablica Municipal; o da Fazenda P\u00fablica Municipal pelos Ju\u00edzes das Varas da Fazenda P\u00fablica Estadual.<\/del><\/p>\n<p style=\"text-align: justify;\"><del>II. No ju\u00edzo de <strong>VILA VELHA<\/strong>, esgotada a compet\u00eancia concorrente as substitui\u00e7\u00f5es acontecer\u00e3o na seguinte sequ\u00eancia: o Juiz da Vara da Fazenda P\u00fablica Estadual, Registros P\u00fablicos e Meio Ambiente ser\u00e1 substitu\u00eddo pelos Ju\u00edzes das Varas C\u00edveis; os das Varas C\u00edveis pelos Ju\u00edzes dos Juizados Especiais C\u00edveis; os dos Juizados Especial C\u00edvel pelos Ju\u00edzes das Varas de \u00d3rf\u00e3os e Sucess\u00f5es; os das Varas de \u00d3rf\u00e3os e Sucess\u00f5es pelos Ju\u00edzes das Varas de Fam\u00edlia; os das Varas de Fam\u00edlia pelos Ju\u00edzes das Varas Especializadas de Inf\u00e2ncia e Juventude; os das Varas Especializadas de Inf\u00e2ncia e Juventude pelos Ju\u00edzes das Varas Criminais; os das Varas Criminais pelos Ju\u00edzes dos Juizados Especiais Criminais e de Juizados Especiais da Fazenda P\u00fablica; os dos Juizados Especiais Criminais e de Juizados Especiais da Fazenda P\u00fablica pelo Juiz da Vara da Fazenda P\u00fablica Municipal; o da Fazenda P\u00fablica Municipal pelo Juiz da Vara da Fazenda P\u00fablica Estadual, Registros P\u00fablicos e Meio Ambiente;<\/del><\/p>\n<p style=\"text-align: justify;\"><del>III. No ju\u00edzo de <strong>CARIACICA,<\/strong> esgotada a compet\u00eancia concorrente as substitui\u00e7\u00f5es acontecer\u00e3o na seguinte sequ\u00eancia: o Juiz da Vara da Fazenda P\u00fablica Estadual, Registros P\u00fablicos e Meio Ambiente ser\u00e1 substitu\u00eddo pelos Ju\u00edzes das Varas C\u00edveis; os das Varas C\u00edveis pelos Ju\u00edzes dos Juizados Especiais C\u00edveis; os dos Juizados Especiais C\u00edveis pelo Juiz da Vara de \u00d3rf\u00e3os e Sucess\u00f5es; o da Vara de \u00d3rf\u00e3os e Sucess\u00f5es pelos Ju\u00edzes das Varas de Fam\u00edlia; os das Varas de Fam\u00edlia pelos Ju\u00edzes das Varas Especializadas de Inf\u00e2ncia e Juventude; os das Varas Especializadas de Inf\u00e2ncia e Juventude pelos Ju\u00edzes das Varas Criminais; os das Varas Criminais pelos Ju\u00edzes dos Juizados Especiais Criminais e de Juizados Especiais da Fazenda P\u00fablica; os dos Juizados Especiais Criminais e de Juizados Especiais da Fazenda P\u00fablica pelo Juiz da Vara da Fazenda P\u00fablica Municipal; o da Fazenda P\u00fablica Municipal pelo Juiz da Vara da Fazenda P\u00fablica Estadual, Registros P\u00fablicos e Meio Ambiente.<\/del><\/p>\n<p style=\"text-align: justify;\"><del>IV. No ju\u00edzo de <strong>SERRA,<\/strong> esgotada a compet\u00eancia concorrente as substitui\u00e7\u00f5es acontecer\u00e3o na seguinte sequ\u00eancia: o Juiz da Vara da Fazenda P\u00fablica Estadual, Registros P\u00fablicos e Meio Ambiente ser\u00e1 substitu\u00eddo pelos Ju\u00edzes das Varas C\u00edveis; os das Varas C\u00edveis pelos Ju\u00edzes dos Juizados Especiais C\u00edveis; os dos Juizados Especiais C\u00edveis pelo Juiz da Vara de \u00d3rf\u00e3os e Sucess\u00f5es; o da Vara de \u00d3rf\u00e3os e Sucess\u00f5es pelos Ju\u00edzes das Varas de Fam\u00edlia; os das Varas de Fam\u00edlia pelos Ju\u00edzes das Varas Especializadas de Inf\u00e2ncia e Juventude; os das Varas Especializadas de Inf\u00e2ncia e Juventude pelos Ju\u00edzes das Varas Criminais; os das Varas Criminais pelos Ju\u00edzes dos Juizados Especiais Criminais e de Juizados Especiais da Fazenda P\u00fablica; os dos Juizados Especiais Criminais e de Juizados Especiais da Fazenda P\u00fablica pelo Juiz da Vara da Fazenda P\u00fablica Municipal; o da Fazenda P\u00fablica Municipal pelo Juiz da Vara da Fazenda P\u00fablica Estadual, Registros P\u00fablicos e Meio Ambiente.<\/del><\/p>\n<p style=\"text-align: justify;\"><del>V. No ju\u00edzo de <strong>VIANA,<\/strong> esgotada a compet\u00eancia concorrente as substitui\u00e7\u00f5es acontecer\u00e3o na seguinte sequ\u00eancia: o Juiz da 1\u00aa Vara C\u00edvel, Fazenda P\u00fablica Estadual, Municipal, Registros P\u00fablicos e Meio Ambiente ser\u00e1 substitu\u00eddo pelo Juiz do Juizado Especial C\u00edvel; o do Juizado Especial C\u00edvel pelo Juiz da Vara de \u00d3rf\u00e3os e Sucess\u00f5es, Inf\u00e2ncia e Juventude e Acidente do Trabalho; o da Vara de \u00d3rf\u00e3os e Sucess\u00f5es, Inf\u00e2ncia e Juventude e Acidente de Trabalho pelo Juiz da Vara de Fam\u00edlia; o da Vara de Fam\u00edlia pelo Juiz da Vara Criminal; o da Vara Criminal pelo Juiz do Juizado Especial Criminal e de Juizado Especial da Fazenda P\u00fablica; o do Juizado Especial Criminal e de Juizado Especial da Fazenda P\u00fablica pelo Juiz da 1\u00aa Vara C\u00edvel, Fazenda P\u00fablica Estadual, Municipal, Registros P\u00fablicos e Meio Ambiente.<\/del><\/p>\n<p style=\"text-align: justify;\"><strong>Art. 4\u00ba<\/strong> \u2013 A substitui\u00e7\u00e3o autom\u00e1tica se dar\u00e1 independentemente de qualquer comunica\u00e7\u00e3o \u00e0 Presid\u00eancia, desde que lan\u00e7adas nos autos as respectivas declara\u00e7\u00f5es de impedimento ou suspei\u00e7\u00e3o dos Ju\u00edzes ou as certid\u00f5es de aus\u00eancia dos Ju\u00edzes pelos respons\u00e1veis pelas respectivas unidades judici\u00e1rias.<\/p>\n<p style=\"text-align: justify;\"><strong>Art. 5\u00ba<\/strong> \u2013 Os casos omissos ser\u00e3o decididos pela Presid\u00eancia.<\/p>\n<p style=\"text-align: justify;\"><strong>Art. 6\u00ba<\/strong> \u2013 Fica revogada a <a href=\"https:\/\/www.tjes.jus.br\/corregedoria\/index.php\/2017\/02\/15\/resolucao-no-612010-publ-em-04022011-republicacao-revogada\/\" target=\"_blank\">Resolu\u00e7\u00e3o 061\/2010<\/a>, permanecendo inalteradas as situa\u00e7\u00f5es pret\u00e9ritas.<\/p>\n<p style=\"text-align: justify;\"><strong>Art. 7\u00ba<\/strong> \u2013 Esta Resolu\u00e7\u00e3o entra em vigor na data de sua publica\u00e7\u00e3o.<\/p>\n<p style=\"text-align: justify;\">Vit\u00f3ria(ES), 11 de outubro de 2012.<\/p>\n<p style=\"text-align: center;\"><strong>Desembargador Pedro Valls Feu Rosa<\/strong><br \/>\n<strong> Presidente<\/strong><\/p>\n<h2 style=\"text-align: center;\"><span style=\"color: #ff0000;\">REPRODUZIDA POR TER SIDO REDIGIDA COM INCORRE\u00c7\u00c3O<\/span><\/h2>\n<h2 style=\"text-align: center;\"><span style=\"color: #ff0000;\">ALTERADA PELA\u00a0<a href=\"https:\/\/www.tjes.jus.br\/corregedoria\/index.php\/2017\/05\/15\/resolucao-no-152017-disp-15052017\/\" target=\"_blank\">RESOLU\u00c7\u00c3O N\u00ba 15\/2017<\/a> &#8211; DISP. 15\/05\/2017<\/span><\/h2>\n","protected":false},"excerpt":{"rendered":"<p>ESTADO DO ESP\u00cdRITO SANTO PODER JUDICI\u00c1RIO TRIBUNAL DE JUSTI\u00c7A RESOLU\u00c7\u00c3O N\u00ba 048\/2012 Disciplina a substitui\u00e7\u00e3o dos magistrados quando declaram a suspei\u00e7\u00e3o ou impedimento ou na aus\u00eancia por qualquer motivo. O Exmo. Sr. Des. Pedro Valls Feu Rosa, Presidente do Egr\u00e9gio Tribunal de Justi\u00e7a do Estado do Esp\u00edrito Santo no uso de suas atribui\u00e7\u00f5es legais e, [&hellip;]<\/p>\n","protected":false},"author":3,"featured_media":0,"comment_status":"open","ping_status":"open","sticky":false,"template":"","format":"standard","meta":{"footnotes":""},"categories":[14,13],"tags":[],"_links":{"self":[{"href":"https:\/\/www.tjes.jus.br\/corregedoria\/wp-json\/wp\/v2\/posts\/11947"}],"collection":[{"href":"https:\/\/www.tjes.jus.br\/corregedoria\/wp-json\/wp\/v2\/posts"}],"about":[{"href":"https:\/\/www.tjes.jus.br\/corregedoria\/wp-json\/wp\/v2\/types\/post"}],"author":[{"embeddable":true,"href":"https:\/\/www.tjes.jus.br\/corregedoria\/wp-json\/wp\/v2\/users\/3"}],"replies":[{"embeddable":true,"href":"https:\/\/www.tjes.jus.br\/corregedoria\/wp-json\/wp\/v2\/comments?post=11947"}],"version-history":[{"count":3,"href":"https:\/\/www.tjes.jus.br\/corregedoria\/wp-json\/wp\/v2\/posts\/11947\/revisions"}],"predecessor-version":[{"id":15155,"href":"https:\/\/www.tjes.jus.br\/corregedoria\/wp-json\/wp\/v2\/posts\/11947\/revisions\/15155"}],"wp:attachment":[{"href":"https:\/\/www.tjes.jus.br\/corregedoria\/wp-json\/wp\/v2\/media?parent=11947"}],"wp:term":[{"taxonomy":"category","embeddable":true,"href":"https:\/\/www.tjes.jus.br\/corregedoria\/wp-json\/wp\/v2\/categories?post=11947"},{"taxonomy":"post_tag","embeddable":true,"href":"https:\/\/www.tjes.jus.br\/corregedoria\/wp-json\/wp\/v2\/tags?post=11947"}],"curies":[{"name":"wp","href":"https:\/\/api.w.org\/{rel}","templated":true}]}}