{"id":12961,"date":"2017-03-17T14:16:19","date_gmt":"2017-03-17T17:16:19","guid":{"rendered":"https:\/\/www.tjes.jus.br\/corregedoria\/?p=12961"},"modified":"2017-10-26T16:17:47","modified_gmt":"2017-10-26T18:17:47","slug":"oficio-circular-no-892012-publ-28112012","status":"publish","type":"post","link":"https:\/\/www.tjes.jus.br\/corregedoria\/2017\/03\/17\/oficio-circular-no-892012-publ-28112012\/","title":{"rendered":"OF\u00cdCIO-CIRCULAR N\u00ba 89\/2012 &#8211; PUBL. 28\/11\/2012"},"content":{"rendered":"<p style=\"text-align: center;\"><strong>ESTADO DO ESP\u00cdRITO SANTO<\/strong><\/p>\n<p style=\"text-align: center;\"><strong>PODER JUDICI\u00c1RIO<\/strong><\/p>\n<p style=\"text-align: center;\"><strong>CORREGEDORIA GERAL DA JUSTI\u00c7A<\/strong><\/p>\n<p style=\"text-align: center;\"><strong>OF\u00cdCIO-CIRCULAR N\u00ba 89\/2012<\/strong><\/p>\n<p style=\"text-align: justify;\">O Desembargador CARLOS HENRIQUE RIOS DO AMARAL, Corregedor-Geral da Justi\u00e7a do Estado do Esp\u00edrito Santo, no uso de suas atribui\u00e7\u00f5es legais e,<\/p>\n<p style=\"text-align: justify;\"><strong>CONSIDERANDO<\/strong> ser a Corregedoria Geral da Justi\u00e7a \u00f3rg\u00e3o de fiscaliza\u00e7\u00e3o, disciplina e orienta\u00e7\u00e3o administrativa, com jurisdi\u00e7\u00e3o em todo o Estado, conforme art. 35 da Lei Complementar Estadual n\u00ba 234\/02;<\/p>\n<p style=\"text-align: justify;\"><strong>CONSIDERANDO<\/strong> que o <a href=\"https:\/\/www.tjes.jus.br\/corregedoria\/2017\/03\/17\/oficio-circular-no-0462012-publ-05072012\/\" target=\"_blank\" rel=\"noopener\">Of\u00edcio Circular N\u00ba 046\/2012<\/a>, publicado no Di\u00e1rio da Justi\u00e7a do dia 05 de julho de 2012, determinando aos delegat\u00e1rios interinos, interventores do foro extrajudicial e aqueles cuja situa\u00e7\u00e3o funcional esteja <em>sub judice<\/em> a encaminharem seus balan\u00e7os extrajudiciais, retroativos a junho de 2010, por meio de of\u00edcio endere\u00e7ado \u00e0 Assessoria de Planejamento e Fiscaliza\u00e7\u00e3o das Serventias Judiciais e Extrajudiciais da Corregedoria Geral da Justi\u00e7a, no prazo de 30 (trinta) dias.<\/p>\n<p style=\"text-align: justify;\"><strong>CONSIDERANDO<\/strong> decis\u00e3o do Corregedor Nacional de Justi\u00e7a sobre Pedido de Provid\u00eancias \u2013 Corregedoria 0005977-80.2012.2.00.0000 publicado no Di\u00e1rio da Justi\u00e7a do Estado do Esp\u00edrito Santo, edi\u00e7\u00e3o do dia 18 de outubro de 2012;<\/p>\n<p style=\"text-align: justify;\"><strong>CONSIDERANDO<\/strong> que at\u00e9 a presente data os delegat\u00e1rios interinos, interventores do foro extrajudicial e aqueles cuja situa\u00e7\u00e3o funcional esteja sub judice, abaixo relacionados, N\u00c3O CUMPRIRAM as determina\u00e7\u00f5es contidas no <a href=\"https:\/\/www.tjes.jus.br\/corregedoria\/2017\/03\/17\/oficio-circular-no-0462012-publ-05072012\/\" target=\"_blank\" rel=\"noopener\">Of\u00edcio Circular N\u00ba 046\/2012<\/a>;<\/p>\n<p style=\"text-align: justify;\"><strong>Art. 1\u00ba<\/strong>. DETERMINO que, no prazo de 5 (cinco) dias ap\u00f3s a publica\u00e7\u00e3o, apresentem seus balan\u00e7os extrajudiciais retroativos a junho de 2010.<\/p>\n<table style=\"border-color: #000000;\" border=\"1\">\n<tbody>\n<tr>\n<td style=\"border-color: #000000; text-align: center;\" scope=\"row\" width=\"529\"><strong>COMARCA\/SERVENTIA<\/strong><\/td>\n<td style=\"border-color: #000000; text-align: center;\" scope=\"row\" width=\"507\"><strong>RESPONS\u00c1VEL<\/strong><\/td>\n<\/tr>\n<tr>\n<td style=\"border-color: #000000; text-align: center;\" colspan=\"2\" scope=\"row\" width=\"529\"><strong>AFONSO CL\u00c1UDIO<\/strong><strong>\u00a0<\/strong><\/td>\n<\/tr>\n<tr>\n<td style=\"border-color: #000000; text-align: center;\" scope=\"row\" width=\"529\">1\u00ba Of\u00edcio<\/td>\n<td style=\"border-color: #000000; text-align: center;\" scope=\"row\" width=\"507\">LEDA MARIA CORREA COLA<\/td>\n<\/tr>\n<tr>\n<td style=\"border-color: #000000; text-align: center;\" colspan=\"2\" scope=\"row\" width=\"529\"><strong>\u00c1GUA DOCE DO NORTE<\/strong><strong>\u00a0<\/strong><\/td>\n<\/tr>\n<tr>\n<td style=\"border-color: #000000; text-align: center;\" scope=\"row\" width=\"529\">Registro Civil e Tabelionato da Sede<\/td>\n<td style=\"border-color: #000000; text-align: center;\" scope=\"row\" width=\"507\">APOL\u00d4NIO PAULO AMORIM<\/td>\n<\/tr>\n<tr>\n<td style=\"border-color: #000000; text-align: center;\" scope=\"row\" width=\"529\">Registro Civil e Tab. de Gov. Lacerda de Aguiar<\/td>\n<td style=\"border-color: #000000; text-align: center;\" scope=\"row\" width=\"507\">RONDINEI ALVES<\/td>\n<\/tr>\n<tr>\n<td style=\"border-color: #000000; text-align: center;\" scope=\"row\" width=\"529\">Registro Civil e Tabelionato de Santo Agostinho<\/td>\n<td style=\"border-color: #000000; text-align: center;\" scope=\"row\" width=\"507\">LUIZ ROBERTO BARROS AZINI<\/td>\n<\/tr>\n<tr>\n<td style=\"border-color: #000000; text-align: center;\" colspan=\"2\" scope=\"row\" width=\"529\"><strong>ALEGRE<\/strong><strong>\u00a0<\/strong><\/td>\n<\/tr>\n<tr>\n<td style=\"border-color: #000000; text-align: center;\" scope=\"row\" width=\"529\">1\u00ba Of\u00edcio<\/td>\n<td style=\"border-color: #000000; text-align: center;\" scope=\"row\" width=\"507\">OLGA MARIA GAMA BARRETO<\/td>\n<\/tr>\n<tr>\n<td style=\"border-color: #000000; text-align: center;\" scope=\"row\" width=\"529\">Registro Civil e Tabelionato de Rive<\/td>\n<td style=\"border-color: #000000; text-align: center;\" scope=\"row\" width=\"507\">ANDREA BARBOSA DIAS<\/td>\n<\/tr>\n<tr>\n<td style=\"border-color: #000000; text-align: center;\" colspan=\"2\" scope=\"row\" width=\"529\"><strong>ALFREDO CHAVES<\/strong><strong>\u00a0<\/strong><\/td>\n<\/tr>\n<tr>\n<td style=\"border-color: #000000; text-align: center;\" scope=\"row\" width=\"529\">1\u00ba Of\u00edcio<\/td>\n<td style=\"border-color: #000000; text-align: center;\" scope=\"row\" width=\"507\">LULCINETE M\u00aa CALENTE BREDA<\/td>\n<\/tr>\n<tr>\n<td style=\"border-color: #000000; text-align: center;\" scope=\"row\" width=\"529\">2\u00ba Of\u00edcio &#8211; Tabelionato<\/td>\n<td style=\"border-color: #000000; text-align: center;\" scope=\"row\" width=\"507\">M\u00aa DAS GRA\u00c7AS BERMOND \u00c1VILA<\/td>\n<\/tr>\n<tr>\n<td style=\"border-color: #000000; text-align: center;\" scope=\"row\" width=\"529\">Registro Civil e Tabelionato de Ribeir\u00e3o do Cristo<\/td>\n<td style=\"border-color: #000000; text-align: center;\" scope=\"row\" width=\"507\">JAQUELINE DENADAI<\/td>\n<\/tr>\n<tr>\n<td style=\"border-color: #000000; text-align: center;\" scope=\"row\" width=\"529\">Registro Civil e Tabelionato de Ur\u00e2nia<\/td>\n<td style=\"border-color: #000000; text-align: center;\" scope=\"row\" width=\"507\">MARIA TEREZA SAUDINO<\/td>\n<\/tr>\n<tr>\n<td style=\"border-color: #000000; text-align: center;\" scope=\"row\" width=\"529\">Registro Civil e Tabelionato de Sagrada Fam\u00edlia<\/td>\n<td style=\"border-color: #000000; text-align: center;\" scope=\"row\" width=\"507\">LUCIANA CALENTE BRUSCHI<\/td>\n<\/tr>\n<tr>\n<td style=\"border-color: #000000; text-align: center;\" colspan=\"2\" scope=\"row\" width=\"529\"><strong>ALTO RIO NOVO<\/strong><strong>\u00a0<\/strong><\/td>\n<\/tr>\n<tr>\n<td style=\"border-color: #000000; text-align: center;\" scope=\"row\" width=\"529\">Registro Civil e Tabelionato da Sede<\/td>\n<td style=\"border-color: #000000; text-align: center;\" scope=\"row\" width=\"507\">SANDRA CLEM DE OLIVEIRA FARIA<\/td>\n<\/tr>\n<tr>\n<td style=\"border-color: #000000; text-align: center;\" scope=\"row\" width=\"529\">Registro Civil e Tabelionato de Vila Palmerino<\/td>\n<td style=\"border-color: #000000; text-align: center;\" scope=\"row\" width=\"507\">EDSONIA BRAGA CARVALHO<\/td>\n<\/tr>\n<tr>\n<td style=\"border-color: #000000; text-align: center;\" scope=\"row\" width=\"529\">Registro Civil e Tabelionato de Monte Carmelo<\/td>\n<td style=\"border-color: #000000; text-align: center;\" scope=\"row\" width=\"507\">IARA RIBEIRO BERALDO<\/td>\n<\/tr>\n<tr>\n<td style=\"border-color: #000000; text-align: center;\" colspan=\"2\" scope=\"row\" width=\"529\"><strong>ANCHIETA<\/strong><strong>\u00a0<\/strong><\/td>\n<\/tr>\n<tr>\n<td style=\"border-color: #000000; text-align: center;\" scope=\"row\" width=\"529\">Registro Civil e Tabelionato de Alto Pongal<\/td>\n<td style=\"border-color: #000000; text-align: center;\" scope=\"row\" width=\"507\">IN\u00c1CIO ANT\u00d4NIO VETTORACI<\/td>\n<\/tr>\n<tr>\n<td style=\"border-color: #000000; text-align: center;\" colspan=\"2\" scope=\"row\" width=\"529\"><strong>APIAC\u00c1<\/strong><strong>\u00a0<\/strong><\/td>\n<\/tr>\n<tr>\n<td style=\"border-color: #000000; text-align: center;\" scope=\"row\" width=\"529\">Registro Civil e Tabelionato de Bonsucesso<\/td>\n<td style=\"border-color: #000000; text-align: center;\" scope=\"row\" width=\"507\">IZA MARIA VALENTE BARBOSA<\/td>\n<\/tr>\n<tr>\n<td style=\"border-color: #000000; text-align: center;\" scope=\"row\" width=\"529\">Registro Civil e Tabelionato da Sede<\/td>\n<td style=\"border-color: #000000; text-align: center;\" scope=\"row\" width=\"507\">ANA LUCIA SATURNINO DE PAULO<\/td>\n<\/tr>\n<tr>\n<td style=\"border-color: #000000; text-align: center;\" colspan=\"2\" scope=\"row\" width=\"529\"><strong>BAIXO GUANDU<\/strong><strong>\u00a0<\/strong><\/td>\n<\/tr>\n<tr>\n<td style=\"border-color: #000000; text-align: center;\" scope=\"row\" width=\"529\">Registro Civil e Tabelionato de Mascarenhas<\/td>\n<td style=\"border-color: #000000; text-align: center;\" scope=\"row\" width=\"507\">MARCOS HUMBERTO STEIN MERLO<\/td>\n<\/tr>\n<tr>\n<td style=\"border-color: #000000; text-align: center;\" colspan=\"2\" scope=\"row\" width=\"529\"><strong>BARRA DE S\u00c3O FRANCISCO<\/strong><strong>\u00a0<\/strong><\/td>\n<\/tr>\n<tr>\n<td style=\"border-color: #000000; text-align: center;\" scope=\"row\" width=\"529\">Registro Civil e Tabelionato de V. Cach. De Ita\u00fanas<\/td>\n<td style=\"border-color: #000000; text-align: center;\" scope=\"row\" width=\"507\">MARIA AMERICA DE OLIVEIRA<\/td>\n<\/tr>\n<tr>\n<td style=\"border-color: #000000; text-align: center;\" scope=\"row\" width=\"529\">Registro Civil e Tabelionato de Vila Poranga<\/td>\n<td style=\"border-color: #000000; text-align: center;\" scope=\"row\" width=\"507\">LEONTINA MARIA DA CUNHA<\/td>\n<\/tr>\n<tr>\n<td style=\"border-color: #000000; text-align: center;\" colspan=\"2\" scope=\"row\" width=\"529\"><strong>CACHOEIRO DE ITAPEMIRIM<\/strong><strong>\u00a0<\/strong><\/td>\n<\/tr>\n<tr>\n<td style=\"border-color: #000000; text-align: center;\" scope=\"row\" width=\"529\">Registro Civil e Tabelionato de Coutinho<\/td>\n<td style=\"border-color: #000000; text-align: center;\" scope=\"row\" width=\"507\">DEUZIMAR MOREIRA ANDRADE<\/td>\n<\/tr>\n<tr>\n<td style=\"border-color: #000000; text-align: center;\" scope=\"row\" width=\"529\">Registro Civil e Tabelionato de Pacotuba<\/td>\n<td style=\"border-color: #000000; text-align: center;\" scope=\"row\" width=\"507\">SOLANGE ELIZABETH DUTRA SIM\u00d5ES<\/td>\n<\/tr>\n<tr>\n<td style=\"border-color: #000000; text-align: center;\" scope=\"row\" width=\"529\">Registro Civil e Tab. de Vargem Grande de Soturno<\/td>\n<td style=\"border-color: #000000; text-align: center;\" scope=\"row\" width=\"507\">JOS\u00c9 MAGNAGO<\/td>\n<\/tr>\n<tr>\n<td style=\"border-color: #000000; text-align: center;\" scope=\"row\" width=\"529\">Registro Civil e Tabelionato de S\u00e3o Vicente<\/td>\n<td style=\"border-color: #000000; text-align: center;\" scope=\"row\" width=\"507\">JOCIMAR BATISTA DA SILVA<\/td>\n<\/tr>\n<tr>\n<td style=\"border-color: #000000; text-align: center;\" colspan=\"2\" scope=\"row\" width=\"529\"><strong>CARIACICA<\/strong><strong>\u00a0<\/strong><\/td>\n<\/tr>\n<tr>\n<td style=\"border-color: #000000; text-align: center;\" scope=\"row\" width=\"529\">Registro Civil Campo Grande \/ Jardim Am\u00e9rica (Itaquari)<\/td>\n<td style=\"border-color: #000000; text-align: center;\" scope=\"row\" width=\"507\">LISIEUX AZEVEDO PITOL<\/td>\n<\/tr>\n<tr>\n<td style=\"border-color: #000000; text-align: center;\" colspan=\"2\" scope=\"row\" width=\"529\"><strong>CASTELO<\/strong><strong>\u00a0<\/strong><\/td>\n<\/tr>\n<tr>\n<td style=\"border-color: #000000; text-align: center;\" scope=\"row\" width=\"529\">1\u00ba Of\u00edcio (Notarial e Registral)<\/td>\n<td style=\"border-color: #000000; text-align: center;\" scope=\"row\" width=\"507\">AGUILAR PINHEIRO FILHO<\/td>\n<\/tr>\n<tr>\n<td style=\"border-color: #000000; text-align: center;\" colspan=\"2\" scope=\"row\" width=\"529\"><strong>COLATINA<\/strong><strong>\u00a0<\/strong><\/td>\n<\/tr>\n<tr>\n<td style=\"border-color: #000000; text-align: center;\" scope=\"row\" width=\"529\">1\u00ba Of\u00edcio<\/td>\n<td style=\"border-color: #000000; text-align: center;\" scope=\"row\" width=\"507\">MOACYR DALLA J\u00daNIOR<\/td>\n<\/tr>\n<tr>\n<td style=\"border-color: #000000; text-align: center;\" scope=\"row\" width=\"529\">3\u00ba Of\u00edcio Tabelionato<\/td>\n<td style=\"border-color: #000000; text-align: center;\" scope=\"row\" width=\"507\">ARNALDO HENRIQUES FILHO<\/td>\n<\/tr>\n<tr>\n<td style=\"border-color: #000000; text-align: center;\" scope=\"row\" width=\"529\">Registro Civil e Tabelionato da Sede<\/td>\n<td style=\"border-color: #000000; text-align: center;\" scope=\"row\" width=\"507\">ORLANDO JOSE MORANDI J\u00daNIOR<\/td>\n<\/tr>\n<tr>\n<td style=\"border-color: #000000; text-align: center;\" colspan=\"2\" scope=\"row\" width=\"529\"><strong>CONCEI\u00c7\u00c3O DA BARRA<\/strong><strong>\u00a0<\/strong><\/td>\n<\/tr>\n<tr>\n<td style=\"border-color: #000000; text-align: center;\" scope=\"row\" width=\"529\">Registro Civil e Tabelionato da Sede<\/td>\n<td style=\"border-color: #000000; text-align: center;\" scope=\"row\" width=\"507\">LIZETE BARREIRA DE SOUZA<\/td>\n<\/tr>\n<tr>\n<td style=\"border-color: #000000; text-align: center;\" scope=\"row\" width=\"529\">Registro Civil e Tabelionato de Ita\u00fanas<\/td>\n<td style=\"border-color: #000000; text-align: center;\" scope=\"row\" width=\"507\">DALILA VANESSA STECANELLA NAKAO<\/td>\n<\/tr>\n<tr>\n<td style=\"border-color: #000000; text-align: center;\" colspan=\"2\" scope=\"row\" width=\"529\"><strong>ECOPORANGA<\/strong><strong>\u00a0<\/strong><\/td>\n<\/tr>\n<tr>\n<td style=\"border-color: #000000; text-align: center;\" scope=\"row\" width=\"529\">1\u00ba Of\u00edcio<\/td>\n<td style=\"border-color: #000000; text-align: center;\" scope=\"row\" width=\"507\">CARLOS MAGNO CARDOSO DE SOUZA<\/td>\n<\/tr>\n<tr>\n<td style=\"border-color: #000000; text-align: center;\" scope=\"row\" width=\"529\">3\u00ba Of\u00edcio \u2013 Tabelionato<\/td>\n<td style=\"border-color: #000000; text-align: center;\" scope=\"row\" width=\"507\">KLEBERSON LEANDRO DA SILVA<\/td>\n<\/tr>\n<tr>\n<td style=\"border-color: #000000; text-align: center;\" scope=\"row\" width=\"529\">Registro Civil e Tabelionato de Imburana<\/td>\n<td style=\"border-color: #000000; text-align: center;\" scope=\"row\" width=\"507\">ARY RODRIGUES TOLEDO<\/td>\n<\/tr>\n<tr>\n<td style=\"border-color: #000000; text-align: center;\" scope=\"row\" width=\"529\">Registro Civil e Tabelionato de Cotoxe<\/td>\n<td style=\"border-color: #000000; text-align: center;\" scope=\"row\" width=\"507\">ARY RODRIGUES TOLEDO<\/td>\n<\/tr>\n<tr>\n<td style=\"border-color: #000000; text-align: center;\" scope=\"row\" width=\"529\">Registro Civil e Tabelionato de Sta. Luzia do Norte<\/td>\n<td style=\"border-color: #000000; text-align: center;\" scope=\"row\" width=\"507\">MARCOS ADRIANO FONSECA LEITE<\/td>\n<\/tr>\n<tr>\n<td style=\"border-color: #000000; text-align: center;\" colspan=\"2\" scope=\"row\" width=\"529\"><strong>FUND\u00c3O<\/strong><strong>\u00a0<\/strong><\/td>\n<\/tr>\n<tr>\n<td style=\"border-color: #000000; text-align: center;\" scope=\"row\" width=\"529\">Registro Civil E Tabelionato De Irundi<\/td>\n<td style=\"border-color: #000000; text-align: center;\" scope=\"row\" width=\"507\">MARTA ROCHA BORGES DE CARLI<\/td>\n<\/tr>\n<tr>\n<td style=\"border-color: #000000; text-align: center;\" colspan=\"2\" scope=\"row\" width=\"529\"><strong>GUA\u00c7U\u00cd<\/strong><strong>\u00a0<\/strong><\/td>\n<\/tr>\n<tr>\n<td style=\"border-color: #000000; text-align: center;\" scope=\"row\" width=\"529\">1\u00ba Of\u00edcio<\/td>\n<td style=\"border-color: #000000; text-align: center;\" scope=\"row\" width=\"507\">C\u00c9LIA MARIA LINO RODRIGUES<\/td>\n<\/tr>\n<tr>\n<td style=\"border-color: #000000; text-align: center;\" colspan=\"2\" scope=\"row\" width=\"529\"><strong>GUARAPARI<\/strong><strong>\u00a0<\/strong><\/td>\n<\/tr>\n<tr>\n<td style=\"border-color: #000000; text-align: center;\" scope=\"row\" width=\"529\">3\u00ba Of\u00edcio (Tabelionato )<\/td>\n<td style=\"border-color: #000000; text-align: center;\" scope=\"row\" width=\"507\">MARINA MAZZELLI DE ALMEIDA<\/td>\n<\/tr>\n<tr>\n<td style=\"border-color: #000000; text-align: center;\" scope=\"row\" width=\"529\">Registro Civil e Tabelionato da Sede<\/td>\n<td style=\"border-color: #000000; text-align: center;\" scope=\"row\" width=\"507\">ALBERSON RAMALHETE COUTINHO<\/td>\n<\/tr>\n<tr>\n<td style=\"border-color: #000000; text-align: center;\" scope=\"row\" width=\"529\">Registro Civil de Todos os Santos<\/td>\n<td style=\"border-color: #000000; text-align: center;\" scope=\"row\" width=\"507\">ELIZANGELA CAMILO ASTORI<\/td>\n<\/tr>\n<tr>\n<td style=\"border-color: #000000; text-align: center;\" colspan=\"2\" scope=\"row\" width=\"529\"><strong>ICONHA<\/strong><strong>\u00a0<\/strong><\/td>\n<\/tr>\n<tr>\n<td style=\"border-color: #000000; text-align: center;\" scope=\"row\" width=\"529\">1\u00ba Of\u00edcio<\/td>\n<td style=\"border-color: #000000; text-align: center;\" scope=\"row\" width=\"507\">JULIA ELISABETH BOTTECHIA BARCELLOS<\/td>\n<\/tr>\n<tr>\n<td style=\"border-color: #000000; text-align: center;\" scope=\"row\" width=\"529\">Tabelionato de Duas Barras<\/td>\n<td style=\"border-color: #000000; text-align: center;\" scope=\"row\" width=\"507\">JOS\u00c9 LUIZ RODRIGUES DE F. FILHO<\/td>\n<\/tr>\n<tr>\n<td style=\"border-color: #000000; text-align: center;\" scope=\"row\" width=\"529\">Registro Civil de Duas Barras<\/td>\n<td style=\"border-color: #000000; text-align: center;\" scope=\"row\" width=\"507\">JOS\u00c9 LUIZ RODRIGUES DE F. FILHO<\/td>\n<\/tr>\n<tr>\n<td style=\"border-color: #000000; text-align: center;\" colspan=\"2\" scope=\"row\" width=\"529\"><strong>ITAGUA\u00c7U<\/strong><strong>\u00a0<\/strong><\/td>\n<\/tr>\n<tr>\n<td style=\"border-color: #000000; text-align: center;\" scope=\"row\" width=\"529\">Registro Civil e Tabelionato Sede<\/td>\n<td style=\"border-color: #000000; text-align: center;\" scope=\"row\" width=\"507\">WLADMIR BERGAMO FRIZZEIRA<\/td>\n<\/tr>\n<tr>\n<td style=\"border-color: #000000; text-align: center;\" scope=\"row\" width=\"529\">Registro Civil e Tabelionato Ita\u00e7u<\/td>\n<td style=\"border-color: #000000; text-align: center;\" scope=\"row\" width=\"507\">WLADMIR BERGAMO FRIZZEIRA<\/td>\n<\/tr>\n<tr>\n<td style=\"border-color: #000000; text-align: center;\" colspan=\"2\" scope=\"row\" width=\"529\"><strong>MANTEN\u00d3POLIS<\/strong><strong>\u00a0<\/strong><\/td>\n<\/tr>\n<tr>\n<td style=\"border-color: #000000; text-align: center;\" scope=\"row\" width=\"529\">Registro Civil e Tabelionato de Santa Luzia<\/td>\n<td style=\"border-color: #000000; text-align: center;\" scope=\"row\" width=\"507\">N\u00daZIA TONINI DA SILVA<\/td>\n<\/tr>\n<tr>\n<td style=\"border-color: #000000; text-align: center;\" scope=\"row\" width=\"529\">Registro Civil e Tabelionato de S\u00e3o Geraldo<\/td>\n<td style=\"border-color: #000000; text-align: center;\" scope=\"row\" width=\"507\">CLEUSA TEODORO DE OLIVEIRA FERNANDES<\/td>\n<\/tr>\n<tr>\n<td style=\"border-color: #000000; text-align: center;\" colspan=\"2\" scope=\"row\" width=\"529\"><strong>MIMOSO DO SUL<\/strong><strong>\u00a0<\/strong><\/td>\n<\/tr>\n<tr>\n<td style=\"border-color: #000000; text-align: center;\" scope=\"row\" width=\"529\">Registro Civil e Tabelionato de Dona Am\u00e9rica<\/td>\n<td style=\"border-color: #000000; text-align: center;\" scope=\"row\" width=\"507\">ELCIO ABREU GOMES<\/td>\n<\/tr>\n<tr>\n<td style=\"border-color: #000000; text-align: center;\" colspan=\"2\" scope=\"row\" width=\"529\"><strong>MUCURICI<\/strong><strong>\u00a0<\/strong><\/td>\n<\/tr>\n<tr>\n<td style=\"border-color: #000000; text-align: center;\" scope=\"row\" width=\"529\">Registro Civil e Tabelionato da Sede<\/td>\n<td style=\"border-color: #000000; text-align: center;\" scope=\"row\" width=\"507\">TATYANA FONTES DA SILVA GOMES<\/td>\n<\/tr>\n<tr>\n<td style=\"border-color: #000000; text-align: center;\" scope=\"row\" width=\"529\">Registro Civil e Tabelionato de Itabaiana<\/td>\n<td style=\"border-color: #000000; text-align: center;\" scope=\"row\" width=\"507\">VAL\u00c9RIA VIRG\u00cdNIA PINHEIRO<\/td>\n<\/tr>\n<tr>\n<td style=\"border-color: #000000; text-align: center;\" scope=\"row\" width=\"529\">Registro Civil Tabelionato de Itamira<\/td>\n<td style=\"border-color: #000000; text-align: center;\" scope=\"row\" width=\"507\">JOSE DUARTE DE OLIVEIRA<\/td>\n<\/tr>\n<tr>\n<td style=\"border-color: #000000; text-align: center;\" colspan=\"2\" scope=\"row\" width=\"529\"><strong>MUNIZ FREIRE<\/strong><strong>\u00a0<\/strong><\/td>\n<\/tr>\n<tr>\n<td style=\"border-color: #000000; text-align: center;\" scope=\"row\" width=\"529\">Registro Civil e Tabelionato de Itaici<\/td>\n<td style=\"border-color: #000000; text-align: center;\" scope=\"row\" width=\"507\">SIRLENE NUNES<\/td>\n<\/tr>\n<tr>\n<td style=\"border-color: #000000; text-align: center;\" scope=\"row\" width=\"529\">Registro Civil e Tabelionato de Vieira Machado<\/td>\n<td style=\"border-color: #000000; text-align: center;\" scope=\"row\" width=\"507\">PAULO SERGIO DE SOUZA<\/td>\n<\/tr>\n<tr>\n<td style=\"border-color: #000000; text-align: center;\" colspan=\"2\" scope=\"row\" width=\"529\"><strong>MUQUI<\/strong><strong>\u00a0<\/strong><\/td>\n<\/tr>\n<tr>\n<td style=\"border-color: #000000; text-align: center;\" scope=\"row\" width=\"529\">Registro Civil e Tabelionato de Camar\u00e1<\/td>\n<td style=\"border-color: #000000; text-align: center;\" scope=\"row\" width=\"507\">NAERCE M\u00aa ARRUDA BONFIM<\/td>\n<\/tr>\n<tr>\n<td style=\"border-color: #000000; text-align: center;\" colspan=\"2\" scope=\"row\" width=\"529\"><strong>NOVA VEN\u00c9CIA<\/strong><strong>\u00a0<\/strong><\/td>\n<\/tr>\n<tr>\n<td style=\"border-color: #000000; text-align: center;\" scope=\"row\" width=\"529\">3\u00ba Of\u00edcio &#8211; 3\u00aa vara (Faz. P\u00fabl.,Fam. Orf.,Suc.)<\/td>\n<td style=\"border-color: #000000; text-align: center;\" scope=\"row\" width=\"507\">WALDEIR CAMPOS<\/td>\n<\/tr>\n<tr>\n<td style=\"border-color: #000000; text-align: center;\" scope=\"row\" width=\"529\">Protesto de T\u00edtulos e Letras<\/td>\n<td style=\"border-color: #000000; text-align: center;\" scope=\"row\" width=\"507\">MARCIA KRUGER RODOR FONTANA<\/td>\n<\/tr>\n<tr>\n<td style=\"border-color: #000000; text-align: center;\" colspan=\"2\" scope=\"row\" width=\"529\"><strong>PANCAS<\/strong><strong>\u00a0<\/strong><\/td>\n<\/tr>\n<tr>\n<td style=\"border-color: #000000; text-align: center;\" scope=\"row\" width=\"529\">1\u00ba Of\u00edcio<\/td>\n<td style=\"border-color: #000000; text-align: center;\" scope=\"row\" width=\"507\">LILIA BORGO CYPRIANO<\/td>\n<\/tr>\n<tr>\n<td style=\"border-color: #000000; text-align: center;\" colspan=\"2\" scope=\"row\" width=\"529\"><strong>PEDRO CAN\u00c1RIO<\/strong><strong>\u00a0<\/strong><\/td>\n<\/tr>\n<tr>\n<td style=\"border-color: #000000; text-align: center;\" scope=\"row\" width=\"529\">Registro Civil e Tabelionato da Sede<\/td>\n<td style=\"border-color: #000000; text-align: center;\" scope=\"row\" width=\"507\">BENILDES MUNIZ DA SILVA<\/td>\n<\/tr>\n<tr>\n<td style=\"border-color: #000000; text-align: center;\" colspan=\"2\" scope=\"row\" width=\"529\"><strong>PINHEIROS<\/strong><strong>\u00a0<\/strong><\/td>\n<\/tr>\n<tr>\n<td style=\"border-color: #000000; text-align: center;\" scope=\"row\" width=\"529\">1\u00ba Of\u00edcio<\/td>\n<td style=\"border-color: #000000; text-align: center;\" scope=\"row\" width=\"507\">ELZA HERINGER S FREIRE<\/td>\n<\/tr>\n<tr>\n<td style=\"border-color: #000000; text-align: center;\" colspan=\"2\" scope=\"row\" width=\"529\"><strong>RIO BANANAL<\/strong><strong>\u00a0<\/strong><\/td>\n<\/tr>\n<tr>\n<td style=\"border-color: #000000; text-align: center;\" scope=\"row\" width=\"529\">Registro Civil e Tabelionato da Sede<\/td>\n<td style=\"border-color: #000000; text-align: center;\" scope=\"row\" width=\"507\">VITALINO BONISSEGNA<\/td>\n<\/tr>\n<tr>\n<td style=\"border-color: #000000; text-align: center;\" colspan=\"2\" scope=\"row\" width=\"529\"><strong>RIO NOVO DO SUL<\/strong><strong>\u00a0<\/strong><\/td>\n<\/tr>\n<tr>\n<td style=\"border-color: #000000; text-align: center;\" scope=\"row\" width=\"529\">Registro Civil e Tabelionato de Princesa<\/td>\n<td style=\"border-color: #000000; text-align: center;\" scope=\"row\" width=\"507\">GILDO MIGUEL NATAL MOZER<\/td>\n<\/tr>\n<tr>\n<td style=\"border-color: #000000; text-align: center;\" colspan=\"2\" scope=\"row\" width=\"529\"><strong>SANTA LEOPOLDINA<\/strong><strong>\u00a0<\/strong><\/td>\n<\/tr>\n<tr>\n<td style=\"border-color: #000000; text-align: center;\" scope=\"row\" width=\"529\">Registro Civil e Tabelionato de Mangara\u00ed<\/td>\n<td style=\"border-color: #000000; text-align: center;\" scope=\"row\" width=\"507\">MARIA DA GL\u00d3RIA FREISLEBEM<\/td>\n<\/tr>\n<tr>\n<td style=\"border-color: #000000; text-align: center;\" scope=\"row\" width=\"529\">Registro Civil e Tabelionato de Djalma Coutinho<\/td>\n<td style=\"border-color: #000000; text-align: center;\" scope=\"row\" width=\"507\">JOSIAS ANT\u00d4NIO PEREIRA<\/td>\n<\/tr>\n<tr>\n<td style=\"border-color: #000000; text-align: center;\" colspan=\"2\" scope=\"row\" width=\"529\"><strong>SANTA TERESA<\/strong><strong>\u00a0<\/strong><\/td>\n<\/tr>\n<tr>\n<td style=\"border-color: #000000; text-align: center;\" scope=\"row\" width=\"529\">Registro Civil e Tabelionato de S\u00e3o Jacinto<\/td>\n<td style=\"border-color: #000000; text-align: center;\" scope=\"row\" width=\"507\">NILSETE DO CARMO C\u00d4VRE<\/td>\n<\/tr>\n<tr>\n<td style=\"border-color: #000000; text-align: center;\" scope=\"row\" width=\"529\">Registro Civil e Tabelionato de Alto Santa Maria<\/td>\n<td style=\"border-color: #000000; text-align: center;\" scope=\"row\" width=\"507\">DINIZ CYPRESTE DE AZEVEDO<\/td>\n<\/tr>\n<tr>\n<td style=\"border-color: #000000; text-align: center;\" scope=\"row\" width=\"529\">Registro Civil e Tabelionato de Sto. Ant\u00f4nio do Cana\u00e3<\/td>\n<td style=\"border-color: #000000; text-align: center;\" scope=\"row\" width=\"507\">NILZA REICH NUNES<\/td>\n<\/tr>\n<tr>\n<td style=\"border-color: #000000; text-align: center;\" colspan=\"2\" scope=\"row\" width=\"529\"><strong>S\u00c3O GABRIEL DA PALHA<\/strong><strong>\u00a0<\/strong><\/td>\n<\/tr>\n<tr>\n<td style=\"border-color: #000000; text-align: center;\" scope=\"row\" width=\"529\">1\u00ba Of\u00edcio Registro de Im\u00f3veis<\/td>\n<td style=\"border-color: #000000; text-align: center;\" scope=\"row\" width=\"507\">CARLOS ROBERTO GARCIA GENELHU<\/td>\n<\/tr>\n<tr>\n<td style=\"border-color: #000000; text-align: center;\" scope=\"row\" width=\"529\">2\u00ba Of\u00edcio<\/td>\n<td style=\"border-color: #000000; text-align: center;\" scope=\"row\" width=\"507\">HELENA ALVES FARIA DE SOUZA<\/td>\n<\/tr>\n<tr>\n<td style=\"border-color: #000000; text-align: center;\" scope=\"row\" width=\"529\">Tabelionato de Vila Fartura<\/td>\n<td style=\"border-color: #000000; text-align: center;\" scope=\"row\" width=\"507\">LANDRI PAULA DE LIMA<\/td>\n<\/tr>\n<tr>\n<td style=\"border-color: #000000; text-align: center;\" scope=\"row\" width=\"529\">Registro Civil de Vila Fartura<\/td>\n<td style=\"border-color: #000000; text-align: center;\" scope=\"row\" width=\"507\">LANDRI PAULA DE LIMA<\/td>\n<\/tr>\n<tr>\n<td style=\"border-color: #000000; text-align: center;\" colspan=\"2\" scope=\"row\" width=\"529\"><strong>VARGEM ALTA<\/strong><strong>\u00a0<\/strong><\/td>\n<\/tr>\n<tr>\n<td style=\"border-color: #000000; text-align: center;\" scope=\"row\" width=\"529\">Registro Civil e Tabelionato de Jacigu\u00e1<\/td>\n<td style=\"border-color: #000000; text-align: center;\" scope=\"row\" width=\"507\">CRISTOV\u00c3O AGRIZZE<\/td>\n<\/tr>\n<tr>\n<td style=\"border-color: #000000; text-align: center;\" colspan=\"2\" scope=\"row\" width=\"529\"><strong>VIANA<\/strong><strong>\u00a0<\/strong><\/td>\n<\/tr>\n<tr>\n<td style=\"border-color: #000000; text-align: center;\" scope=\"row\" width=\"529\">Registro Civil e Tabelionato da Sede<\/td>\n<td style=\"border-color: #000000; text-align: center;\" scope=\"row\" width=\"507\">SAINT CLAIR JOS\u00c9 DO NASCIMENTO<\/td>\n<\/tr>\n<tr>\n<td style=\"border-color: #000000; text-align: center;\" scope=\"row\" width=\"529\">Registro Civil e Tabelionato de Ara\u00e7atiba<\/td>\n<td style=\"border-color: #000000; text-align: center;\" scope=\"row\" width=\"507\">LUCIANO DE CARVALHO CAPDEVILLE<\/td>\n<\/tr>\n<tr>\n<td style=\"border-color: #000000; text-align: center;\" colspan=\"2\" scope=\"row\" width=\"529\"><strong>VIT\u00d3RIA<\/strong><strong>\u00a0<\/strong><\/td>\n<\/tr>\n<tr>\n<td style=\"border-color: #000000; text-align: center;\" scope=\"row\" width=\"529\">1\u00ba Of\u00edcio (Tabelionato )<\/td>\n<td style=\"border-color: #000000; text-align: center;\" scope=\"row\" width=\"507\">ROBERTO DUIA CASTELLO<\/td>\n<\/tr>\n<tr>\n<td style=\"border-color: #000000; text-align: center;\" scope=\"row\" width=\"529\">4\u00ba Of\u00edcio &#8211; 1\u00aa Vara Faz. P\u00fablica e Tabelionato<\/td>\n<td style=\"border-color: #000000; text-align: center;\" scope=\"row\" width=\"507\">IN\u00caS NEVES DA SILVA SANTOS<\/td>\n<\/tr>\n<tr>\n<td style=\"border-color: #000000; text-align: center;\" scope=\"row\" width=\"529\">Tabelionato de Goiabeiras<\/td>\n<td style=\"border-color: #000000; text-align: center;\" scope=\"row\" width=\"507\">EDUARDO VOLNEY AMORIM<\/td>\n<\/tr>\n<tr>\n<td style=\"border-color: #000000; text-align: center;\" scope=\"row\" width=\"529\">Registro Civil de Goiabeiras<\/td>\n<td style=\"border-color: #000000; text-align: center;\" scope=\"row\" width=\"507\">EDUARDO VOLNEY AMORIM<\/td>\n<\/tr>\n<\/tbody>\n<\/table>\n<p style=\"text-align: justify;\"><strong>Art. 2\u00ba<\/strong>. A inobserv\u00e2ncia da determina\u00e7\u00e3o anterior caracterizar\u00e1 infra\u00e7\u00e3o funcional, sujeita \u00e0 instaura\u00e7\u00e3o de processo administrativo disciplinar.<\/p>\n<p style=\"text-align: justify;\">Publique-se. Cumpra-se<\/p>\n<p style=\"text-align: justify;\">Vit\u00f3ria, 28 de novembro de 2012.<\/p>\n<p style=\"text-align: center;\"><strong>DES. CARLOS HENRIQUE RIOS DO AMARAL<br \/>\nCorregedor-Geral da Justi\u00e7a<\/strong><\/p>\n","protected":false},"excerpt":{"rendered":"<p>ESTADO DO ESP\u00cdRITO SANTO PODER JUDICI\u00c1RIO CORREGEDORIA GERAL DA JUSTI\u00c7A OF\u00cdCIO-CIRCULAR N\u00ba 89\/2012 O Desembargador CARLOS HENRIQUE RIOS DO AMARAL, Corregedor-Geral da Justi\u00e7a do Estado do Esp\u00edrito Santo, no uso de suas atribui\u00e7\u00f5es legais e, CONSIDERANDO ser a Corregedoria Geral da Justi\u00e7a \u00f3rg\u00e3o de fiscaliza\u00e7\u00e3o, disciplina e orienta\u00e7\u00e3o administrativa, com jurisdi\u00e7\u00e3o em todo o Estado, [&hellip;]<\/p>\n","protected":false},"author":3,"featured_media":0,"comment_status":"open","ping_status":"open","sticky":false,"template":"","format":"standard","meta":{"footnotes":""},"categories":[14,5],"tags":[],"_links":{"self":[{"href":"https:\/\/www.tjes.jus.br\/corregedoria\/wp-json\/wp\/v2\/posts\/12961"}],"collection":[{"href":"https:\/\/www.tjes.jus.br\/corregedoria\/wp-json\/wp\/v2\/posts"}],"about":[{"href":"https:\/\/www.tjes.jus.br\/corregedoria\/wp-json\/wp\/v2\/types\/post"}],"author":[{"embeddable":true,"href":"https:\/\/www.tjes.jus.br\/corregedoria\/wp-json\/wp\/v2\/users\/3"}],"replies":[{"embeddable":true,"href":"https:\/\/www.tjes.jus.br\/corregedoria\/wp-json\/wp\/v2\/comments?post=12961"}],"version-history":[{"count":5,"href":"https:\/\/www.tjes.jus.br\/corregedoria\/wp-json\/wp\/v2\/posts\/12961\/revisions"}],"predecessor-version":[{"id":20631,"href":"https:\/\/www.tjes.jus.br\/corregedoria\/wp-json\/wp\/v2\/posts\/12961\/revisions\/20631"}],"wp:attachment":[{"href":"https:\/\/www.tjes.jus.br\/corregedoria\/wp-json\/wp\/v2\/media?parent=12961"}],"wp:term":[{"taxonomy":"category","embeddable":true,"href":"https:\/\/www.tjes.jus.br\/corregedoria\/wp-json\/wp\/v2\/categories?post=12961"},{"taxonomy":"post_tag","embeddable":true,"href":"https:\/\/www.tjes.jus.br\/corregedoria\/wp-json\/wp\/v2\/tags?post=12961"}],"curies":[{"name":"wp","href":"https:\/\/api.w.org\/{rel}","templated":true}]}}