{"id":12963,"date":"2017-03-17T14:49:30","date_gmt":"2017-03-17T17:49:30","guid":{"rendered":"https:\/\/www.tjes.jus.br\/corregedoria\/?p=12963"},"modified":"2017-10-18T17:41:58","modified_gmt":"2017-10-18T19:41:58","slug":"oficio-circular-no-0922012-publ-11122012","status":"publish","type":"post","link":"https:\/\/www.tjes.jus.br\/corregedoria\/2017\/03\/17\/oficio-circular-no-0922012-publ-11122012\/","title":{"rendered":"OF\u00cdCIO-CIRCULAR N\u00ba 092\/2012 &#8211; PUBL. 11\/12\/2012"},"content":{"rendered":"<p style=\"text-align: center;\"><strong>ESTADO DO ESPIRITO SANTO<\/strong><\/p>\n<p style=\"text-align: center;\"><strong>PODER JUDICI\u00c1RIO<\/strong><\/p>\n<p style=\"text-align: center;\"><strong>CORREGEDORIA-GERAL DA JUSTI\u00c7A<\/strong><\/p>\n<p style=\"text-align: center;\"><strong>OF\u00cdCIO-CIRCULAR N\u00ba 092\/2012<\/strong><\/p>\n<p style=\"text-align: justify;\">O Desembargador CARLOS HENRIQUE RIOS DO AMARAL, Corregedor-Geral da Justi\u00e7a do Estado do Esp\u00edrito Santo, no uso de suas atribui\u00e7\u00f5es legais e,<\/p>\n<p style=\"text-align: justify;\"><strong>CONSIDERANDO<\/strong> ser a Corregedoria Geral da Justi\u00e7a \u00f3rg\u00e3o de fiscaliza\u00e7\u00e3o, disciplina e orienta\u00e7\u00e3o administrativa, com jurisdi\u00e7\u00e3o em todo o Estado, conforme art. 35 da Lei Complementar Estadual n\u00ba 234\/02;<\/p>\n<p style=\"text-align: justify;\"><strong>CONSIDERANDO<\/strong> o <a href=\"https:\/\/www.tjes.jus.br\/corregedoria\/wp-content\/uploads\/2016\/06\/Provimento_40-2011.pdf\">Provimento N\u00ba 040\/2011<\/a>, art. 15, \u00a7 7\u00ba, que determina o reenvio de imediato do Selo Digital rejeitado com as devidas corre\u00e7\u00f5es.<\/p>\n<p style=\"text-align: justify;\"><strong>RESOLVE<\/strong>:<\/p>\n<p style=\"text-align: justify;\"><strong>Art. 1\u00ba<\/strong>. <strong>DETERMINAR<\/strong> que no prazo de 48 (quarenta e oito) horas, as serventias abaixo relacionadas, reenvie os arquivos XML contendo os selos rejeitados com as devidas retifica\u00e7\u00f5es.<\/p>\n<table style=\"border-color: #000000;\" border=\"1\">\n<tbody>\n<tr>\n<td style=\"border-color: #000000; text-align: center;\" scope=\"row\" width=\"267\"><strong>COMARCA<\/strong><\/td>\n<td style=\"border-color: #000000; text-align: center;\" scope=\"row\" width=\"309\"><strong>SERVENTIA NOTIFICADA<\/strong><\/td>\n<\/tr>\n<tr>\n<td style=\"border-color: #000000;\" scope=\"row\" width=\"267\">\u00c1GUA DOCE DO NORTE<\/td>\n<td style=\"border-color: #000000;\" scope=\"row\" width=\"309\">REGISTRO CIVIL E TABELIONATO (GOV. LACERDA DE AGUIAR)<\/td>\n<\/tr>\n<tr>\n<td style=\"border-color: #000000;\" scope=\"row\" width=\"267\">\u00c1GUIA BRANCA<\/td>\n<td style=\"border-color: #000000;\" scope=\"row\" width=\"309\">REGISTRO CIVIL E TABELIONATO DA SEDE<\/td>\n<\/tr>\n<tr>\n<td style=\"border-color: #000000;\" scope=\"row\" width=\"267\">ALEGRE<\/td>\n<td style=\"border-color: #000000;\" scope=\"row\" width=\"309\">REGISTRO CIVIL E TABELIONATO (ANUTIBA)<\/td>\n<\/tr>\n<tr>\n<td style=\"border-color: #000000;\" scope=\"row\" width=\"267\">ALFREDO CHAVES<\/td>\n<td style=\"border-color: #000000;\" scope=\"row\" width=\"309\">REGISTRO CIVIL E TABELIONATO (CRUBIX\u00c1)<\/td>\n<\/tr>\n<tr>\n<td style=\"border-color: #000000;\" scope=\"row\" width=\"267\">ALFREDO CHAVES<\/td>\n<td style=\"border-color: #000000;\" scope=\"row\" width=\"309\">REGISTRO CIVIL E TABELIONATO (MATILDE)<\/td>\n<\/tr>\n<tr>\n<td style=\"border-color: #000000;\" scope=\"row\" width=\"267\">ALFREDO CHAVES<\/td>\n<td style=\"border-color: #000000;\" scope=\"row\" width=\"309\">REGISTRO CIVIL E TABELIONATO (IBITIRU\u00cd)<\/td>\n<\/tr>\n<tr>\n<td style=\"border-color: #000000;\" scope=\"row\" width=\"267\">ALTO RIO NOVO<\/td>\n<td style=\"border-color: #000000;\" scope=\"row\" width=\"309\">REGISTRO CIVIL E TABELIONATO DA SEDE<\/td>\n<\/tr>\n<tr>\n<td style=\"border-color: #000000;\" scope=\"row\" width=\"267\">ANCHIETA<\/td>\n<td style=\"border-color: #000000;\" scope=\"row\" width=\"309\">REGISTRO CIVIL E TABELIONATO (ALTO PONGAL)<\/td>\n<\/tr>\n<tr>\n<td style=\"border-color: #000000;\" scope=\"row\" width=\"267\">ANCHIETA<\/td>\n<td style=\"border-color: #000000;\" scope=\"row\" width=\"309\">REGISTRO CIVIL E TABELIONATO (JABAQUARA)<\/td>\n<\/tr>\n<tr>\n<td style=\"border-color: #000000;\" scope=\"row\" width=\"267\">APIAC\u00c1<\/td>\n<td style=\"border-color: #000000;\" scope=\"row\" width=\"309\">REGISTRO CIVIL E TABELIONATO (JOS\u00c9 CARLOS)<\/td>\n<\/tr>\n<tr>\n<td style=\"border-color: #000000;\" scope=\"row\" width=\"267\">ARACRUZ<\/td>\n<td style=\"border-color: #000000;\" scope=\"row\" width=\"309\">PROTESTO DE T\u00cdTULOS E LETRAS<\/td>\n<\/tr>\n<tr>\n<td style=\"border-color: #000000;\" scope=\"row\" width=\"267\">ARACRUZ<\/td>\n<td style=\"border-color: #000000;\" scope=\"row\" width=\"309\">REGISTRO CIVIL E TABELIONATO (SANTA CRUZ)<\/td>\n<\/tr>\n<tr>\n<td style=\"border-color: #000000;\" scope=\"row\" width=\"267\">BAIXO GUAND\u00da<\/td>\n<td style=\"border-color: #000000;\" scope=\"row\" width=\"309\">1\u00ba OF\u00cdCIO (SERVI\u00c7O NOTARIAL E REGISTRAL)<\/td>\n<\/tr>\n<tr>\n<td style=\"border-color: #000000;\" scope=\"row\" width=\"267\">BAIXO GUAND\u00da<\/td>\n<td style=\"border-color: #000000;\" scope=\"row\" width=\"309\">REGISTRO CIVIL E TABELIONATO (MASCARENHAS)<\/td>\n<\/tr>\n<tr>\n<td style=\"border-color: #000000;\" scope=\"row\" width=\"267\">BARRA DE S\u00c3O FRANCISCO<\/td>\n<td style=\"border-color: #000000;\" scope=\"row\" width=\"309\">REGISTRO CIVIL E TABELIONATO (VILA MONTE SINAI)<\/td>\n<\/tr>\n<tr>\n<td style=\"border-color: #000000;\" scope=\"row\" width=\"267\">CACHOEIRO DE ITAPEMIRIM<\/td>\n<td style=\"border-color: #000000;\" scope=\"row\" width=\"309\">REGISTRO CIVIL E TABELIONATO (CONDURU)<\/td>\n<\/tr>\n<tr>\n<td style=\"border-color: #000000;\" scope=\"row\" width=\"267\">CACHOEIRO DE ITAPEMIRIM<\/td>\n<td style=\"border-color: #000000;\" scope=\"row\" width=\"309\">REGISTRO CIVIL E TABELIONATO (COUTINHO)<\/td>\n<\/tr>\n<tr>\n<td style=\"border-color: #000000;\" scope=\"row\" width=\"267\">CONCEI\u00c7\u00c3O DA BARRA<\/td>\n<td style=\"border-color: #000000;\" scope=\"row\" width=\"309\">REGISTRO CIVIL E TABELIONATO (BRA\u00c7O DO RIO)<\/td>\n<\/tr>\n<tr>\n<td style=\"border-color: #000000;\" scope=\"row\" width=\"267\">CONCEI\u00c7\u00c3O DA BARRA<\/td>\n<td style=\"border-color: #000000;\" scope=\"row\" width=\"309\">REGISTRO CIVIL E TABELIONATO DA SEDE<\/td>\n<\/tr>\n<tr>\n<td style=\"border-color: #000000;\" scope=\"row\" width=\"267\">CONCEI\u00c7\u00c3O DA BARRA<\/td>\n<td style=\"border-color: #000000;\" scope=\"row\" width=\"309\">REGISTRO CIVIL E TABELIONATO (ITA\u00daNAS)<\/td>\n<\/tr>\n<tr>\n<td style=\"border-color: #000000;\" scope=\"row\" width=\"267\">DORES DO RIO PRETO<\/td>\n<td style=\"border-color: #000000;\" scope=\"row\" width=\"309\">REGISTRO CIVIL E TABELIONATO DA SEDE<\/td>\n<\/tr>\n<tr>\n<td style=\"border-color: #000000;\" scope=\"row\" width=\"267\">ECOPORANGA<\/td>\n<td style=\"border-color: #000000;\" scope=\"row\" width=\"309\">REGISTRO CIVIL E TABELIONATO (IMBURANA)<\/td>\n<\/tr>\n<tr>\n<td style=\"border-color: #000000;\" scope=\"row\" width=\"267\">ECOPORANGA<\/td>\n<td style=\"border-color: #000000;\" scope=\"row\" width=\"309\">REGISTRO CIVIL E TABELIONATO (COTOXE)<\/td>\n<\/tr>\n<tr>\n<td style=\"border-color: #000000;\" scope=\"row\" width=\"267\">ECOPORANGA<\/td>\n<td style=\"border-color: #000000;\" scope=\"row\" width=\"309\">REGISTRO CIVIL E TABELIONATO (JOEIRAMA)<\/td>\n<\/tr>\n<tr>\n<td style=\"border-color: #000000;\" scope=\"row\" width=\"267\">FUND\u00c3O<\/td>\n<td style=\"border-color: #000000;\" scope=\"row\" width=\"309\">REGISTRO CIVIL E TABELIONATO (TIMBU\u00cd)<\/td>\n<\/tr>\n<tr>\n<td style=\"border-color: #000000;\" scope=\"row\" width=\"267\">GUARAPARI<\/td>\n<td style=\"border-color: #000000;\" scope=\"row\" width=\"309\">3\u00ba OF\u00cdCIO (TABELIONATO)<\/td>\n<\/tr>\n<tr>\n<td style=\"border-color: #000000;\" scope=\"row\" width=\"267\">IBIRA\u00c7U<\/td>\n<td style=\"border-color: #000000;\" scope=\"row\" width=\"309\">1\u00ba OF\u00cdCIO<\/td>\n<\/tr>\n<tr>\n<td style=\"border-color: #000000;\" scope=\"row\" width=\"267\">IBITIRAMA<\/td>\n<td style=\"border-color: #000000;\" scope=\"row\" width=\"309\">1\u00ba OF\u00cdCIO<\/td>\n<\/tr>\n<tr>\n<td style=\"border-color: #000000;\" scope=\"row\" width=\"267\">ITAGUA\u00c7U<\/td>\n<td style=\"border-color: #000000;\" scope=\"row\" width=\"309\">REGISTRO CIVIL E TABELIONATO (ITAIMB\u00c9)<\/td>\n<\/tr>\n<tr>\n<td style=\"border-color: #000000;\" scope=\"row\" width=\"267\">ITAPEMIRIM<\/td>\n<td style=\"border-color: #000000;\" scope=\"row\" width=\"309\">REGISTRO CIVIL E TABELIONATO (ITAIPAVA)<\/td>\n<\/tr>\n<tr>\n<td style=\"border-color: #000000;\" scope=\"row\" width=\"267\">ITAPEMIRIM<\/td>\n<td style=\"border-color: #000000;\" scope=\"row\" width=\"309\">REGISTRO CIVIL E TABELIONATO (ITAPECO\u00c1)<\/td>\n<\/tr>\n<tr>\n<td style=\"border-color: #000000;\" scope=\"row\" width=\"267\">I\u00daNA<\/td>\n<td style=\"border-color: #000000;\" scope=\"row\" width=\"309\">REGISTRO CIVIL E TABELIONATO (PEQUI\u00c1)<\/td>\n<\/tr>\n<tr>\n<td style=\"border-color: #000000;\" scope=\"row\" width=\"267\">MANTEN\u00d3POLIS<\/td>\n<td style=\"border-color: #000000;\" scope=\"row\" width=\"309\">REGISTRO CIVIL E TABELIONATO (SANTA LUZIA)<\/td>\n<\/tr>\n<tr>\n<td style=\"border-color: #000000;\" scope=\"row\" width=\"267\">MANTEN\u00d3POLIS<\/td>\n<td style=\"border-color: #000000;\" scope=\"row\" width=\"309\">REGISTRO CIVIL E TABELIONATO (S\u00c3O GERALDO)<\/td>\n<\/tr>\n<tr>\n<td style=\"border-color: #000000;\" scope=\"row\" width=\"267\">MIMOSO DO SUL<\/td>\n<td style=\"border-color: #000000;\" scope=\"row\" width=\"309\">REGISTRO CIVIL E TABELIONATO (DONA AM\u00c9RICA)<\/td>\n<\/tr>\n<tr>\n<td style=\"border-color: #000000;\" scope=\"row\" width=\"267\">MUCURICI<\/td>\n<td style=\"border-color: #000000;\" scope=\"row\" width=\"309\">REGISTRO CIVIL E TABELIONATO DA SEDE<\/td>\n<\/tr>\n<tr>\n<td style=\"border-color: #000000;\" scope=\"row\" width=\"267\">MUCURICI<\/td>\n<td style=\"border-color: #000000;\" scope=\"row\" width=\"309\">REGISTRO CIVIL E TABELIONATO (ITAMIRA)<\/td>\n<\/tr>\n<tr>\n<td style=\"border-color: #000000;\" scope=\"row\" width=\"267\">MUCURICI<\/td>\n<td style=\"border-color: #000000;\" scope=\"row\" width=\"309\">1\u00ba OF\u00cdCIO<\/td>\n<\/tr>\n<tr>\n<td style=\"border-color: #000000;\" scope=\"row\" width=\"267\">MUNIZ FREIRE<\/td>\n<td style=\"border-color: #000000;\" scope=\"row\" width=\"309\">REGISTRO CIVIL E TABELIONATO (MENINO JESUS)<\/td>\n<\/tr>\n<tr>\n<td style=\"border-color: #000000;\" scope=\"row\" width=\"267\">MUQUI<\/td>\n<td style=\"border-color: #000000;\" scope=\"row\" width=\"309\">REGISTRO CIVIL E TABELIONATO (CAMAR\u00c1)<\/td>\n<\/tr>\n<tr>\n<td style=\"border-color: #000000;\" scope=\"row\" width=\"267\">PINHEIROS<\/td>\n<td style=\"border-color: #000000;\" scope=\"row\" width=\"309\">1\u00ba OF\u00cdCIO<\/td>\n<\/tr>\n<tr>\n<td style=\"border-color: #000000;\" scope=\"row\" width=\"267\">PINHEIROS<\/td>\n<td style=\"border-color: #000000;\" scope=\"row\" width=\"309\">REGISTRO CIVIL E TABELIONATO (S\u00c3O JO\u00c3O DO SOBRADO)<\/td>\n<\/tr>\n<tr>\n<td style=\"border-color: #000000;\" scope=\"row\" width=\"267\">RIO BANANAL<\/td>\n<td style=\"border-color: #000000;\" scope=\"row\" width=\"309\">REGISTRO CIVIL E TABELIONATO (S\u00c3O JORGE DE TIRADENTES)<\/td>\n<\/tr>\n<tr>\n<td style=\"border-color: #000000;\" scope=\"row\" width=\"267\">SANTA TERESA<\/td>\n<td style=\"border-color: #000000;\" scope=\"row\" width=\"309\">REGISTRO CIVIL E TABELIONATO (S\u00c3O JO\u00c3O DE PETR\u00d3POLIS)<\/td>\n<\/tr>\n<tr>\n<td style=\"border-color: #000000;\" scope=\"row\" width=\"267\">S\u00c3O DOMINGOS DO NORTE<\/td>\n<td style=\"border-color: #000000;\" scope=\"row\" width=\"309\">REGISTRO CIVIL E TABELIONATO DA SEDE<\/td>\n<\/tr>\n<tr>\n<td style=\"border-color: #000000;\" scope=\"row\" width=\"267\">S\u00c3O JOS\u00c9 DO CAL\u00c7ADO<\/td>\n<td style=\"border-color: #000000;\" scope=\"row\" width=\"309\">REGISTRO CIVIL E TABELIONATO (ALTO CAL\u00c7ADO)<\/td>\n<\/tr>\n<tr>\n<td style=\"border-color: #000000;\" scope=\"row\" width=\"267\">S\u00c3O JOS\u00c9 DO CAL\u00c7ADO<\/td>\n<td style=\"border-color: #000000;\" scope=\"row\" width=\"309\">REGISTRO CIVIL E TABELIONATO DA SEDE<\/td>\n<\/tr>\n<tr>\n<td style=\"border-color: #000000;\" scope=\"row\" width=\"267\">S\u00c3O MATEUS<\/td>\n<td style=\"border-color: #000000;\" scope=\"row\" width=\"309\">REGISTRO CIVIL E TABELIONATO (NESTOR GOMES)<\/td>\n<\/tr>\n<tr>\n<td style=\"border-color: #000000;\" scope=\"row\" width=\"267\">S\u00c3O MATEUS<\/td>\n<td style=\"border-color: #000000;\" scope=\"row\" width=\"309\">3\u00ba OF\u00cdCIO (TABELIONATO)<\/td>\n<\/tr>\n<tr>\n<td style=\"border-color: #000000;\" scope=\"row\" width=\"267\">VIANA<\/td>\n<td style=\"border-color: #000000;\" scope=\"row\" width=\"309\">REGISTRO CIVIL E TABELIONATO (ARA\u00c7ATIBA)<\/td>\n<\/tr>\n<tr>\n<td style=\"border-color: #000000;\" scope=\"row\" width=\"267\">VILA VELHA<\/td>\n<td style=\"border-color: #000000;\" scope=\"row\" width=\"309\">1\u00ba OFICIO (1\u00aa ZONA DE VILA VELHA)<\/td>\n<\/tr>\n<\/tbody>\n<\/table>\n<p style=\"text-align: justify;\"><strong>Art. 2\u00ba. <\/strong>Os relat\u00f3rios contendo os selos rejeitados poder\u00e3o ser solicitados a Corregedoria Geral da Justi\u00e7a, atrav\u00e9s dos telefones 3145.3122\/3145.3125.<\/p>\n<p style=\"text-align: justify;\"><strong>Art. 3\u00ba<\/strong>. A inobserv\u00e2ncia das determina\u00e7\u00f5es anteriores caracterizar\u00e1 infra\u00e7\u00e3o funcional, sujeita \u00e0 instaura\u00e7\u00e3o de processo administrativo disciplinar.<\/p>\n<p style=\"text-align: justify;\">Publique-se. Cumpra-se.<\/p>\n<p style=\"text-align: justify;\">Vit\u00f3ria, 10 de dezembro de 2012.<\/p>\n<p style=\"text-align: center;\"><strong>DES. CARLOS HENRIQUE RIOS DO AMARAL<br \/>\nCorregedor-Geral da Justi\u00e7a<\/strong><\/p>\n","protected":false},"excerpt":{"rendered":"<p>ESTADO DO ESPIRITO SANTO PODER JUDICI\u00c1RIO CORREGEDORIA-GERAL DA JUSTI\u00c7A OF\u00cdCIO-CIRCULAR N\u00ba 092\/2012 O Desembargador CARLOS HENRIQUE RIOS DO AMARAL, Corregedor-Geral da Justi\u00e7a do Estado do Esp\u00edrito Santo, no uso de suas atribui\u00e7\u00f5es legais e, CONSIDERANDO ser a Corregedoria Geral da Justi\u00e7a \u00f3rg\u00e3o de fiscaliza\u00e7\u00e3o, disciplina e orienta\u00e7\u00e3o administrativa, com jurisdi\u00e7\u00e3o em todo o Estado, conforme [&hellip;]<\/p>\n","protected":false},"author":3,"featured_media":0,"comment_status":"open","ping_status":"open","sticky":false,"template":"","format":"standard","meta":{"footnotes":""},"categories":[14,5],"tags":[],"_links":{"self":[{"href":"https:\/\/www.tjes.jus.br\/corregedoria\/wp-json\/wp\/v2\/posts\/12963"}],"collection":[{"href":"https:\/\/www.tjes.jus.br\/corregedoria\/wp-json\/wp\/v2\/posts"}],"about":[{"href":"https:\/\/www.tjes.jus.br\/corregedoria\/wp-json\/wp\/v2\/types\/post"}],"author":[{"embeddable":true,"href":"https:\/\/www.tjes.jus.br\/corregedoria\/wp-json\/wp\/v2\/users\/3"}],"replies":[{"embeddable":true,"href":"https:\/\/www.tjes.jus.br\/corregedoria\/wp-json\/wp\/v2\/comments?post=12963"}],"version-history":[{"count":4,"href":"https:\/\/www.tjes.jus.br\/corregedoria\/wp-json\/wp\/v2\/posts\/12963\/revisions"}],"predecessor-version":[{"id":20361,"href":"https:\/\/www.tjes.jus.br\/corregedoria\/wp-json\/wp\/v2\/posts\/12963\/revisions\/20361"}],"wp:attachment":[{"href":"https:\/\/www.tjes.jus.br\/corregedoria\/wp-json\/wp\/v2\/media?parent=12963"}],"wp:term":[{"taxonomy":"category","embeddable":true,"href":"https:\/\/www.tjes.jus.br\/corregedoria\/wp-json\/wp\/v2\/categories?post=12963"},{"taxonomy":"post_tag","embeddable":true,"href":"https:\/\/www.tjes.jus.br\/corregedoria\/wp-json\/wp\/v2\/tags?post=12963"}],"curies":[{"name":"wp","href":"https:\/\/api.w.org\/{rel}","templated":true}]}}