{"id":13118,"date":"2017-03-20T15:26:53","date_gmt":"2017-03-20T18:26:53","guid":{"rendered":"https:\/\/www.tjes.jus.br\/corregedoria\/?p=13118"},"modified":"2017-03-20T15:26:53","modified_gmt":"2017-03-20T18:26:53","slug":"oficio-circular-cgjes-no-0112012-publ-15022012","status":"publish","type":"post","link":"https:\/\/www.tjes.jus.br\/corregedoria\/2017\/03\/20\/oficio-circular-cgjes-no-0112012-publ-15022012\/","title":{"rendered":"OF\u00cdCIO-CIRCULAR CGJES N\u00ba 011\/2012 &#8211; PUBL. 15\/02\/2012"},"content":{"rendered":"<p style=\"text-align: center;\"><strong>ESTADO DO ESP\u00cdRITO SANTO<\/strong><\/p>\n<p style=\"text-align: center;\"><strong>PODER JUDICI\u00c1RIO<\/strong><\/p>\n<p style=\"text-align: center;\"><strong>CORREGEDORIA GERAL DA JUSTI\u00c7A<\/strong><\/p>\n<p style=\"text-align: center;\"><strong>OF\u00cdCIO-CIRCULAR CGJES N\u00ba 011\/2012.<\/strong><\/p>\n<p style=\"text-align: justify;\"><strong>Vit\u00f3ria\/ES, 13 de fevereiro de 2012<\/strong>.<\/p>\n<p style=\"text-align: justify;\">Senhores Ju\u00edzes de Direito do Estado do Esp\u00edrito Santo,<\/p>\n<p style=\"text-align: justify;\"><strong>CONSIDERANDO<\/strong> que a Corregedoria Geral da Justi\u00e7a \u00e9 \u00f3rg\u00e3o de fiscaliza\u00e7\u00e3o, disciplina e orienta\u00e7\u00e3o administrativa, com jurisdi\u00e7\u00e3o em todo o Estado, conforme art. 35 da Lei Complementar Estadual n\u00ba 234\/02;<\/p>\n<p style=\"text-align: justify;\"><strong>CONSIDERANDO<\/strong> os termos do Of\u00edcio-Circular n\u00ba 001\/CNJ\/COR\/2010, datado de 26 de janeiro de 2010, da lavra do Exm\u00ba Corregedor Nacional da Justi\u00e7a, \u00e0 \u00e9poca Ministro Gilson Dipp;<\/p>\n<p style=\"text-align: justify;\"><strong>CONSIDERANDO<\/strong> os termos do Of\u00edcio-Circular n\u00ba 002\/2010, datado de 29 de janeiro de 2010, da lavra do Exm\u00ba Corregedor-Geral da Justi\u00e7a, \u00e0 \u00e9poca Des. S\u00e9rgio Luiz Teixeira Gama;<\/p>\n<p style=\"text-align: justify;\"><strong>CONSIDERANDO<\/strong> a obrigatoriedade de atualiza\u00e7\u00e3o semestral dos dados cadastrais das serventias no sistema Justi\u00e7a Aberta, no site do Conselho Nacional de Justi\u00e7a (www.cnj.jus.br);<\/p>\n<p style=\"text-align: justify;\"><strong>CONSIDERANDO<\/strong>, ainda, que em consulta ao site do Conselho Nacional de Justi\u00e7a, esta Casa Correicional verificou a exist\u00eancia de in\u00fameras serventias deste Estado que n\u00e3o v\u00eam atualizando os dados no sistema Justi\u00e7a Aberta;<\/p>\n<p style=\"text-align: justify;\"><strong>RESOLVE<\/strong>:<\/p>\n<p style=\"text-align: justify;\"><strong>Art. 1\u00ba <\/strong>&#8211; <strong>DETERMINAR<\/strong> aos MM. Ju\u00edzes de Direito Diretores do Foro ou Ju\u00edzes com compet\u00eancia em registro p\u00fablico que verifiquem se a totalidade dos Servi\u00e7os Notariais e de Registro existentes nessa Comarca efetuou o preenchimento dos dados referentes ao primeiro e segundo semestre do ano de 2011, bem como referentes aos anos anteriores, no sistema Justi\u00e7a Aberta do Conselho Nacional de Justi\u00e7a, concedendo aos delegat\u00e1rios que se encontram com os dados desatualizados o prazo de 10 (dez) dias para regulariza\u00e7\u00e3o, sob pena de instaura\u00e7\u00e3o de Processo Administrativo Disciplinar, nos termos do art. 1.289 do C\u00f3digo de Normas desta Corregedoria Geral da Justi\u00e7a.<\/p>\n<p style=\"text-align: justify;\"><strong>Art. 2\u00ba <\/strong>&#8211; <strong>RECOMENDAR<\/strong> aos MM. Ju\u00edzes que informem aos delegat\u00e1rios que a atualiza\u00e7\u00e3o semestral relativa ao primeiro semestre deve ser realizada at\u00e9 31 de agosto de cada ano, e a relativa ao segundo semestre at\u00e9 10 de mar\u00e7o do ano seguinte.<\/p>\n<p style=\"text-align: justify;\"><strong>Art. 3\u00ba <\/strong>&#8211; <strong>DETERMINAR<\/strong>, ainda, aos MM. Ju\u00edzes de Direito que, no prazo de 20 (vinte) dias, informe \u00e0 esta Corregedoria sobre o integral cumprimento da ordem.<\/p>\n<p style=\"text-align: justify;\">Publique-se. Registre-se. Cumpra-se.<\/p>\n<p style=\"text-align: center;\"><strong>DES. CARLOS HENRIQUE RIOS DO AMARAL<br \/>\nCorregedor-Geral da Justi\u00e7a<\/strong><\/p>\n","protected":false},"excerpt":{"rendered":"<p>ESTADO DO ESP\u00cdRITO SANTO PODER JUDICI\u00c1RIO CORREGEDORIA GERAL DA JUSTI\u00c7A OF\u00cdCIO-CIRCULAR CGJES N\u00ba 011\/2012. Vit\u00f3ria\/ES, 13 de fevereiro de 2012. Senhores Ju\u00edzes de Direito do Estado do Esp\u00edrito Santo, CONSIDERANDO que a Corregedoria Geral da Justi\u00e7a \u00e9 \u00f3rg\u00e3o de fiscaliza\u00e7\u00e3o, disciplina e orienta\u00e7\u00e3o administrativa, com jurisdi\u00e7\u00e3o em todo o Estado, conforme art. 35 da Lei [&hellip;]<\/p>\n","protected":false},"author":3,"featured_media":0,"comment_status":"open","ping_status":"open","sticky":false,"template":"","format":"standard","meta":{"footnotes":""},"categories":[14,5],"tags":[],"_links":{"self":[{"href":"https:\/\/www.tjes.jus.br\/corregedoria\/wp-json\/wp\/v2\/posts\/13118"}],"collection":[{"href":"https:\/\/www.tjes.jus.br\/corregedoria\/wp-json\/wp\/v2\/posts"}],"about":[{"href":"https:\/\/www.tjes.jus.br\/corregedoria\/wp-json\/wp\/v2\/types\/post"}],"author":[{"embeddable":true,"href":"https:\/\/www.tjes.jus.br\/corregedoria\/wp-json\/wp\/v2\/users\/3"}],"replies":[{"embeddable":true,"href":"https:\/\/www.tjes.jus.br\/corregedoria\/wp-json\/wp\/v2\/comments?post=13118"}],"version-history":[{"count":1,"href":"https:\/\/www.tjes.jus.br\/corregedoria\/wp-json\/wp\/v2\/posts\/13118\/revisions"}],"predecessor-version":[{"id":13119,"href":"https:\/\/www.tjes.jus.br\/corregedoria\/wp-json\/wp\/v2\/posts\/13118\/revisions\/13119"}],"wp:attachment":[{"href":"https:\/\/www.tjes.jus.br\/corregedoria\/wp-json\/wp\/v2\/media?parent=13118"}],"wp:term":[{"taxonomy":"category","embeddable":true,"href":"https:\/\/www.tjes.jus.br\/corregedoria\/wp-json\/wp\/v2\/categories?post=13118"},{"taxonomy":"post_tag","embeddable":true,"href":"https:\/\/www.tjes.jus.br\/corregedoria\/wp-json\/wp\/v2\/tags?post=13118"}],"curies":[{"name":"wp","href":"https:\/\/api.w.org\/{rel}","templated":true}]}}